{"id":83656,"date":"2021-08-19T01:27:29","date_gmt":"2021-08-19T04:27:29","guid":{"rendered":"http:\/\/infoecos.com.ar\/?p=83656"},"modified":"2021-08-19T01:27:30","modified_gmt":"2021-08-19T04:27:30","slug":"la-asociacion-judicial-bonaerense-convoco-a-realizar-asambleas-en-todos-los-departamentos-judiciales","status":"publish","type":"post","link":"https:\/\/infoecos.com.ar\/index.php\/la-asociacion-judicial-bonaerense-convoco-a-realizar-asambleas-en-todos-los-departamentos-judiciales\/","title":{"rendered":"La Asociaci\u00f3n Judicial Bonaerense convoc\u00f3 a realizar asambleas en todos los departamentos judiciales"},"content":{"rendered":"\n<p class=\"wp-block-paragraph\">Se llev\u00f3 a cabo la reuni\u00f3n de mesa t\u00e9cnica salarial convocada por el gobierno provincial a partir del reclamo de la Asociaci\u00f3n Judicial Bonaerense. Sin propuesta, el gremio judicial convoc\u00f3 a realizar asambleas en todos los departamentos judiciales.<\/p>\n\n\n\n<div class=\"wp-block-image is-style-default\"><figure class=\"aligncenter size-large is-resized\"><img loading=\"lazy\" decoding=\"async\" src=\"http:\/\/infoecos.com.ar\/wp-content\/uploads\/ajb.png\" alt=\"\" class=\"wp-image-61516\" width=\"382\" height=\"384\" srcset=\"https:\/\/infoecos.com.ar\/wp-content\/uploads\/ajb.png 224w, https:\/\/infoecos.com.ar\/wp-content\/uploads\/ajb-150x150.png 150w\" sizes=\"auto, (max-width: 382px) 100vw, 382px\" \/><\/figure><\/div>\n\n\n\n<p class=\"wp-block-paragraph\">Durante el encuentro las y los representantes gremiales plantearon la necesidad de acordar un incremento salarial que permita recomponer en t\u00e9rminos reales el salario de las y los empleados y funcionarios judiciales \u2013activos y jubilados-. En ese sentido, se plante\u00f3 la necesidad de que cualquier propuesta se ubique varios puntos por encima de la inflaci\u00f3n prevista, para as\u00ed comenzar a transitar un proceso de recuperaci\u00f3n de lo perdido en los a\u00f1os 2018, 2019 y 2020.<\/p>\n\n\n\n<p class=\"wp-block-paragraph\">Adem\u00e1s el sindicato denunci\u00f3 el incumplimiento de la Suprema Corte respecto del esquema de recategorizaciones pactado en el acuerdo del 8 de abril pasado, en tanto al d\u00eda de la fecha no se ha dictado norma alguna ni generado espacio de negociaci\u00f3n respecto de un r\u00e9gimen general y permanente de transformaciones de cargos para mejorar la situaci\u00f3n salarial de quienes ocupan los niveles m\u00e1s bajos del escalaf\u00f3n.<\/p>\n\n\n\n<p class=\"wp-block-paragraph\">As\u00ed tambi\u00e9n, la AJB reclam\u00f3 la restituci\u00f3n del 3% de antig\u00fcedad para los a\u00f1os que se pagan por debajo de ese porcentaje, la devoluci\u00f3n de los descuentos por los paros realizados en 2018 y 2019, la sanci\u00f3n de la ley de negociaci\u00f3n colectiva para el Poder Judicial, la creaci\u00f3n de una mesa de trabajo para abordar un plan de recuperaci\u00f3n de la infraestructura edilicia y de creaci\u00f3n de cargos y nuevas dependencias, as\u00ed como iniciar un proceso de reversi\u00f3n de la tercerizaci\u00f3n de los servicios de limpieza en el Poder Judicial.<\/p>\n\n\n\n<p class=\"wp-block-paragraph\">Las y los representantes del Ejecutivo provincial receptaron los reclamos realizados por el sindicato, y manifestaron la decisi\u00f3n de realizar una nueva reuni\u00f3n la pr\u00f3xima semana, en fecha a definir.<\/p>\n","protected":false},"excerpt":{"rendered":"<p>Las y los representantes del Ejecutivo provincial receptaron los reclamos realizados por el sindicato, y manifestaron la decisi\u00f3n de realizar una nueva reuni\u00f3n la pr\u00f3xima semana, en fecha a definir<\/p>\n","protected":false},"author":2,"featured_media":61516,"comment_status":"closed","ping_status":"open","sticky":false,"template":"","format":"standard","meta":{"footnotes":""},"categories":[25],"tags":[4722],"class_list":["post-83656","post","type-post","status-publish","format-standard","has-post-thumbnail","hentry","category-c3nota1","tag-se-reunieron-con-autoridades-del-gobierno"],"featured_image_urls":{"full":["https:\/\/infoecos.com.ar\/wp-content\/uploads\/ajb.png",224,225,false],"thumbnail":["https:\/\/infoecos.com.ar\/wp-content\/uploads\/ajb-150x150.png",150,150,true],"medium":["https:\/\/infoecos.com.ar\/wp-content\/uploads\/ajb.png",224,225,false],"medium_large":["https:\/\/infoecos.com.ar\/wp-content\/uploads\/ajb.png",224,225,false],"large":["https:\/\/infoecos.com.ar\/wp-content\/uploads\/ajb.png",224,225,false],"1536x1536":["https:\/\/infoecos.com.ar\/wp-content\/uploads\/ajb.png",224,225,false],"2048x2048":["https:\/\/infoecos.com.ar\/wp-content\/uploads\/ajb.png",224,225,false],"covernews-slider-full":["https:\/\/infoecos.com.ar\/wp-content\/uploads\/ajb.png",224,225,false],"covernews-slider-center":["https:\/\/infoecos.com.ar\/wp-content\/uploads\/ajb.png",224,225,false],"covernews-featured":["https:\/\/infoecos.com.ar\/wp-content\/uploads\/ajb.png",224,225,false],"covernews-medium":["https:\/\/infoecos.com.ar\/wp-content\/uploads\/ajb.png",224,225,false],"covernews-medium-square":["https:\/\/infoecos.com.ar\/wp-content\/uploads\/ajb.png",224,225,false]},"author_info":{"info":["Jorge Matheus"]},"category_info":"<a href=\"https:\/\/infoecos.com.ar\/index.php\/category\/c3nota1\/\" rel=\"category tag\">C3 N1<\/a>","tag_info":"C3 N1","comment_count":"0","_links":{"self":[{"href":"https:\/\/infoecos.com.ar\/index.php\/wp-json\/wp\/v2\/posts\/83656","targetHints":{"allow":["GET"]}}],"collection":[{"href":"https:\/\/infoecos.com.ar\/index.php\/wp-json\/wp\/v2\/posts"}],"about":[{"href":"https:\/\/infoecos.com.ar\/index.php\/wp-json\/wp\/v2\/types\/post"}],"author":[{"embeddable":true,"href":"https:\/\/infoecos.com.ar\/index.php\/wp-json\/wp\/v2\/users\/2"}],"replies":[{"embeddable":true,"href":"https:\/\/infoecos.com.ar\/index.php\/wp-json\/wp\/v2\/comments?post=83656"}],"version-history":[{"count":1,"href":"https:\/\/infoecos.com.ar\/index.php\/wp-json\/wp\/v2\/posts\/83656\/revisions"}],"predecessor-version":[{"id":83657,"href":"https:\/\/infoecos.com.ar\/index.php\/wp-json\/wp\/v2\/posts\/83656\/revisions\/83657"}],"wp:featuredmedia":[{"embeddable":true,"href":"https:\/\/infoecos.com.ar\/index.php\/wp-json\/wp\/v2\/media\/61516"}],"wp:attachment":[{"href":"https:\/\/infoecos.com.ar\/index.php\/wp-json\/wp\/v2\/media?parent=83656"}],"wp:term":[{"taxonomy":"category","embeddable":true,"href":"https:\/\/infoecos.com.ar\/index.php\/wp-json\/wp\/v2\/categories?post=83656"},{"taxonomy":"post_tag","embeddable":true,"href":"https:\/\/infoecos.com.ar\/index.php\/wp-json\/wp\/v2\/tags?post=83656"}],"curies":[{"name":"wp","href":"https:\/\/api.w.org\/{rel}","templated":true}]}}