{"id":83658,"date":"2021-08-19T01:33:57","date_gmt":"2021-08-19T04:33:57","guid":{"rendered":"http:\/\/infoecos.com.ar\/?p=83658"},"modified":"2021-08-19T01:33:57","modified_gmt":"2021-08-19T04:33:57","slug":"hoy-sera-el-dia-que-la-provincia-de-buenos-aires-aplicara-mas-vacunas-desde-que-empezo-la-campana","status":"publish","type":"post","link":"https:\/\/infoecos.com.ar\/index.php\/hoy-sera-el-dia-que-la-provincia-de-buenos-aires-aplicara-mas-vacunas-desde-que-empezo-la-campana\/","title":{"rendered":"Hoy ser\u00e1 el d\u00eda que la provincia de Buenos Aires aplicar\u00e1 m\u00e1s vacunas desde que empez\u00f3 la campa\u00f1a"},"content":{"rendered":"\n<p class=\"wp-block-paragraph\">El ministro de Salud bonaerense,\u00a0Nicol\u00e1s Kreplak<strong>,<\/strong>\u00a0destac\u00f3 en declaraciones radiales que la provincia de Buenos Aires est\u00e1 atravesando \u201cd\u00edas r\u00e9cord\u201d en cuanto a aplicaciones de vacunas.<\/p>\n\n\n\n<div class=\"wp-block-image is-style-default\"><figure class=\"aligncenter size-medium\"><img loading=\"lazy\" decoding=\"async\" width=\"460\" height=\"307\" src=\"http:\/\/infoecos.com.ar\/wp-content\/uploads\/2021\/08\/2021_08_02_AK_Conferencia-epidemiologica_009-460x307.jpg\" alt=\"\" class=\"wp-image-82554\" srcset=\"https:\/\/infoecos.com.ar\/wp-content\/uploads\/2021\/08\/2021_08_02_AK_Conferencia-epidemiologica_009-460x307.jpg 460w, https:\/\/infoecos.com.ar\/wp-content\/uploads\/2021\/08\/2021_08_02_AK_Conferencia-epidemiologica_009-920x613.jpg 920w, https:\/\/infoecos.com.ar\/wp-content\/uploads\/2021\/08\/2021_08_02_AK_Conferencia-epidemiologica_009-768x512.jpg 768w, https:\/\/infoecos.com.ar\/wp-content\/uploads\/2021\/08\/2021_08_02_AK_Conferencia-epidemiologica_009-1536x1024.jpg 1536w, https:\/\/infoecos.com.ar\/wp-content\/uploads\/2021\/08\/2021_08_02_AK_Conferencia-epidemiologica_009-2048x1365.jpg 2048w, https:\/\/infoecos.com.ar\/wp-content\/uploads\/2021\/08\/2021_08_02_AK_Conferencia-epidemiologica_009-1024x683.jpg 1024w, https:\/\/infoecos.com.ar\/wp-content\/uploads\/2021\/08\/2021_08_02_AK_Conferencia-epidemiologica_009-675x450.jpg 675w\" sizes=\"auto, (max-width: 460px) 100vw, 460px\" \/><\/figure><\/div>\n\n\n\n<p class=\"wp-block-paragraph\">\u201cEl jueves (por hoy) ser\u00e1 el d\u00eda que m\u00e1s vacunas apliquemos desde que empez\u00f3 la campa\u00f1a de vacunaci\u00f3n en la provincia porque vamos a estar cerca de 200 mil aplicaciones diarias, de las cuales 190 mil son segundas dosis. Tambi\u00e9n estamos aplicando muchas a adolescentes, y seguimos con primeras dosis en vacunas libres que le sumamos ahora el trabajo comunitario\u201d, precis\u00f3.<\/p>\n\n\n\n<p class=\"wp-block-paragraph\">En ese sentido, confirm\u00f3 que se iniciar\u00e1 la vacunaci\u00f3n \u201ccasa por casa\u201d y precis\u00f3: \u201csumamos cinco dispositivos m\u00f3viles y vamos a ir barrio por barrio, y en aquellos lugares que detectamos menos porcentajes de coberturas, si en una casa alguien no esta vacunado y se quiere vacunar, lo hacemos\u201d.<\/p>\n\n\n\n<p class=\"wp-block-paragraph\">En tanto, el ministro destac\u00f3 la baja de contagios que se viene registrando y dijo que la semana pasada hubo \u201cun descenso del 26% relacionado con la semana anterior\u201d.<\/p>\n","protected":false},"excerpt":{"rendered":"<p>\u00abVamos a estar cerca de 200 mil aplicaciones diarias, de las cuales 190 mil son segundas dosis\u00bb, dijo el ministro de salud bonaerense<\/p>\n","protected":false},"author":2,"featured_media":82554,"comment_status":"closed","ping_status":"open","sticky":false,"template":"","format":"standard","meta":{"footnotes":""},"categories":[47],"tags":[4723],"class_list":["post-83658","post","type-post","status-publish","format-standard","has-post-thumbnail","hentry","category-c3nota2","tag-declaraciones-de-kreplak"],"featured_image_urls":{"full":["https:\/\/infoecos.com.ar\/wp-content\/uploads\/2021\/08\/2021_08_02_AK_Conferencia-epidemiologica_009-scaled.jpg",2560,1707,false],"thumbnail":["https:\/\/infoecos.com.ar\/wp-content\/uploads\/2021\/08\/2021_08_02_AK_Conferencia-epidemiologica_009-150x150.jpg",150,150,true],"medium":["https:\/\/infoecos.com.ar\/wp-content\/uploads\/2021\/08\/2021_08_02_AK_Conferencia-epidemiologica_009-460x307.jpg",460,307,true],"medium_large":["https:\/\/infoecos.com.ar\/wp-content\/uploads\/2021\/08\/2021_08_02_AK_Conferencia-epidemiologica_009-768x512.jpg",640,427,true],"large":["https:\/\/infoecos.com.ar\/wp-content\/uploads\/2021\/08\/2021_08_02_AK_Conferencia-epidemiologica_009-920x613.jpg",640,426,true],"1536x1536":["https:\/\/infoecos.com.ar\/wp-content\/uploads\/2021\/08\/2021_08_02_AK_Conferencia-epidemiologica_009-1536x1024.jpg",1536,1024,true],"2048x2048":["https:\/\/infoecos.com.ar\/wp-content\/uploads\/2021\/08\/2021_08_02_AK_Conferencia-epidemiologica_009-2048x1365.jpg",2048,1365,true],"covernews-slider-full":["https:\/\/infoecos.com.ar\/wp-content\/uploads\/2021\/08\/2021_08_02_AK_Conferencia-epidemiologica_009-1536x1020.jpg",1077,715,true],"covernews-slider-center":["https:\/\/infoecos.com.ar\/wp-content\/uploads\/2021\/08\/2021_08_02_AK_Conferencia-epidemiologica_009-936x897.jpg",522,500,true],"covernews-featured":["https:\/\/infoecos.com.ar\/wp-content\/uploads\/2021\/08\/2021_08_02_AK_Conferencia-epidemiologica_009-1024x683.jpg",1024,683,true],"covernews-medium":["https:\/\/infoecos.com.ar\/wp-content\/uploads\/2021\/08\/2021_08_02_AK_Conferencia-epidemiologica_009-720x380.jpg",540,285,true],"covernews-medium-square":["https:\/\/infoecos.com.ar\/wp-content\/uploads\/2021\/08\/2021_08_02_AK_Conferencia-epidemiologica_009-675x450.jpg",375,250,true]},"author_info":{"info":["Jorge Matheus"]},"category_info":"<a href=\"https:\/\/infoecos.com.ar\/index.php\/category\/c3nota2\/\" rel=\"category tag\">C3 N2<\/a>","tag_info":"C3 N2","comment_count":"0","_links":{"self":[{"href":"https:\/\/infoecos.com.ar\/index.php\/wp-json\/wp\/v2\/posts\/83658","targetHints":{"allow":["GET"]}}],"collection":[{"href":"https:\/\/infoecos.com.ar\/index.php\/wp-json\/wp\/v2\/posts"}],"about":[{"href":"https:\/\/infoecos.com.ar\/index.php\/wp-json\/wp\/v2\/types\/post"}],"author":[{"embeddable":true,"href":"https:\/\/infoecos.com.ar\/index.php\/wp-json\/wp\/v2\/users\/2"}],"replies":[{"embeddable":true,"href":"https:\/\/infoecos.com.ar\/index.php\/wp-json\/wp\/v2\/comments?post=83658"}],"version-history":[{"count":1,"href":"https:\/\/infoecos.com.ar\/index.php\/wp-json\/wp\/v2\/posts\/83658\/revisions"}],"predecessor-version":[{"id":83659,"href":"https:\/\/infoecos.com.ar\/index.php\/wp-json\/wp\/v2\/posts\/83658\/revisions\/83659"}],"wp:featuredmedia":[{"embeddable":true,"href":"https:\/\/infoecos.com.ar\/index.php\/wp-json\/wp\/v2\/media\/82554"}],"wp:attachment":[{"href":"https:\/\/infoecos.com.ar\/index.php\/wp-json\/wp\/v2\/media?parent=83658"}],"wp:term":[{"taxonomy":"category","embeddable":true,"href":"https:\/\/infoecos.com.ar\/index.php\/wp-json\/wp\/v2\/categories?post=83658"},{"taxonomy":"post_tag","embeddable":true,"href":"https:\/\/infoecos.com.ar\/index.php\/wp-json\/wp\/v2\/tags?post=83658"}],"curies":[{"name":"wp","href":"https:\/\/api.w.org\/{rel}","templated":true}]}}