{"id":83688,"date":"2021-08-19T03:44:01","date_gmt":"2021-08-19T06:44:01","guid":{"rendered":"http:\/\/infoecos.com.ar\/?p=83688"},"modified":"2021-08-19T03:44:07","modified_gmt":"2021-08-19T06:44:07","slug":"el-cearte-cumplio-ayer-25-anos-y-tuvo-calidos-reconocimientos-de-los-vecinos","status":"publish","type":"post","link":"https:\/\/infoecos.com.ar\/index.php\/el-cearte-cumplio-ayer-25-anos-y-tuvo-calidos-reconocimientos-de-los-vecinos\/","title":{"rendered":"El CEARTE cumpli\u00f3 ayer 25 a\u00f1os y tuvo c\u00e1lidos reconocimientos de los vecinos"},"content":{"rendered":"\n<p>Ayer el CEARTE, una de las actividades culturales vinculadas con el Teatro y la M\u00fasica m\u00e1s importante de la ciudad de Trenque Lauquen, con reconocimiento a nivel provincial y en otros lugares del pa\u00eds, cumpli\u00f3 25 a\u00f1os.<\/p>\n\n\n\n<div class=\"wp-block-image is-style-default\"><figure class=\"aligncenter size-medium\"><img loading=\"lazy\" decoding=\"async\" width=\"460\" height=\"259\" src=\"http:\/\/infoecos.com.ar\/wp-content\/uploads\/2021\/08\/luiscabrera-460x259.jpg\" alt=\"\" class=\"wp-image-83689\" srcset=\"https:\/\/infoecos.com.ar\/wp-content\/uploads\/2021\/08\/luiscabrera-460x259.jpg 460w, https:\/\/infoecos.com.ar\/wp-content\/uploads\/2021\/08\/luiscabrera-920x518.jpg 920w, https:\/\/infoecos.com.ar\/wp-content\/uploads\/2021\/08\/luiscabrera-768x432.jpg 768w, https:\/\/infoecos.com.ar\/wp-content\/uploads\/2021\/08\/luiscabrera.jpg 960w\" sizes=\"(max-width: 460px) 100vw, 460px\" \/><figcaption>Luis Cabrera e Hilda Domecq<\/figcaption><\/figure><\/div>\n\n\n\n<p>Se registr\u00f3 una importante cantidad de mensajes en las redes sociales a ra\u00edz de la publicaci\u00f3n por parte de Luis Cabrera, actor y dramaturgo, cabeza visible del Centro de Arte Teatral, donde transmite la satisfacci\u00f3n de llegar a esta celebraci\u00f3n.<\/p>\n\n\n\n<p>El reconocido vecino se\u00f1ala en la nota subida a Facebook, donde hay 125 Me Gusta, 77 Comentarios y 24 interacciones:<\/p>\n\n\n\n<p><strong><em>HOY el CEARTE cumple 25 a\u00f1os. Aquel 18 de Agosto de 1996 botamos este barco enloquecido que supo cruzar tormentas , y fue casi como si nos arroj\u00e1ramos al mar con \u00e9l. As\u00ed que hubo que aprender a nadar tambi\u00e9n. Porque esta nave era un sue\u00f1o hermoso pero pronto descubrimos que el motor eramos nosotros. Navega el CEARTE, por las aguas del teatro. Eso s\u00ed, nunca se sabe bien a donde va. Barco explorador. Noble. Aguantador. Siempre subiendo pasajeros para sus rutas extra\u00f1as, imprevisibles. A veces casi desbordado, excedido de peso, otras veces liviano, r\u00e1pido. Siempre invitando a que se le trepen , a que se le suban. A que viajen con \u00e9l. Sigue cruzando borrascas, innmutable, siempre al frente. Desde hace 25 a\u00f1os<\/em><\/strong>.<\/p>\n","protected":false},"excerpt":{"rendered":"<p>Se registr\u00f3 una importante cantidad de mensajes en las redes sociales a ra\u00edz de la publicaci\u00f3n por parte de Luis Cabrera, actor y dramaturgo, cabeza visible del Centro de Arte Teatral donde transmite la satisfacci\u00f3n de llegar a esta celebraci\u00f3n<\/p>\n","protected":false},"author":2,"featured_media":83689,"comment_status":"closed","ping_status":"open","sticky":false,"template":"","format":"standard","meta":{"footnotes":""},"categories":[48],"tags":[4728],"class_list":["post-83688","post","type-post","status-publish","format-standard","has-post-thumbnail","hentry","category-c2nota3","tag-centro-de-arte-teatral"],"yoast_head":"<!-- This site is optimized with the Yoast SEO plugin v23.4 - https:\/\/yoast.com\/wordpress\/plugins\/seo\/ -->\n<title>El CEARTE cumpli\u00f3 ayer 25 a\u00f1os y tuvo c\u00e1lidos reconocimientos de los vecinos - Infoecos<\/title>\n<meta name=\"robots\" content=\"index, follow, max-snippet:-1, max-image-preview:large, max-video-preview:-1\" \/>\n<link rel=\"canonical\" href=\"https:\/\/infoecos.com.ar\/index.php\/el-cearte-cumplio-ayer-25-anos-y-tuvo-calidos-reconocimientos-de-los-vecinos\/\" \/>\n<meta property=\"og:locale\" content=\"es_ES\" \/>\n<meta property=\"og:type\" content=\"article\" \/>\n<meta property=\"og:title\" content=\"El CEARTE cumpli\u00f3 ayer 25 a\u00f1os y tuvo c\u00e1lidos reconocimientos de los vecinos - Infoecos\" \/>\n<meta property=\"og:description\" content=\"Se registr\u00f3 una importante cantidad de mensajes en las redes sociales a ra\u00edz de la publicaci\u00f3n por parte de Luis Cabrera, actor y dramaturgo, cabeza visible del Centro de Arte Teatral donde transmite la satisfacci\u00f3n de llegar a esta celebraci\u00f3n\" \/>\n<meta property=\"og:url\" content=\"https:\/\/infoecos.com.ar\/index.php\/el-cearte-cumplio-ayer-25-anos-y-tuvo-calidos-reconocimientos-de-los-vecinos\/\" \/>\n<meta property=\"og:site_name\" content=\"Infoecos\" \/>\n<meta property=\"article:publisher\" content=\"https:\/\/www.facebook.com\/profile.php?id=100063200290284\" \/>\n<meta property=\"article:published_time\" content=\"2021-08-19T06:44:01+00:00\" \/>\n<meta property=\"article:modified_time\" content=\"2021-08-19T06:44:07+00:00\" \/>\n<meta property=\"og:image\" content=\"https:\/\/infoecos.com.ar\/wp-content\/uploads\/2021\/08\/luiscabrera.jpg\" \/>\n\t<meta property=\"og:image:width\" content=\"960\" \/>\n\t<meta property=\"og:image:height\" content=\"540\" \/>\n\t<meta property=\"og:image:type\" content=\"image\/jpeg\" \/>\n<meta name=\"author\" content=\"Jorge Matheus\" \/>\n<meta name=\"twitter:card\" content=\"summary_large_image\" \/>\n<meta name=\"twitter:creator\" content=\"@infoecos\" \/>\n<meta name=\"twitter:site\" content=\"@infoecos\" \/>\n<meta name=\"twitter:label1\" content=\"Escrito por\" \/>\n\t<meta name=\"twitter:data1\" content=\"Jorge Matheus\" \/>\n\t<meta name=\"twitter:label2\" content=\"Tiempo de lectura\" \/>\n\t<meta name=\"twitter:data2\" content=\"1 minuto\" \/>\n<script type=\"application\/ld+json\" class=\"yoast-schema-graph\">{\"@context\":\"https:\/\/schema.org\",\"@graph\":[{\"@type\":\"Article\",\"@id\":\"https:\/\/infoecos.com.ar\/index.php\/el-cearte-cumplio-ayer-25-anos-y-tuvo-calidos-reconocimientos-de-los-vecinos\/#article\",\"isPartOf\":{\"@id\":\"https:\/\/infoecos.com.ar\/index.php\/el-cearte-cumplio-ayer-25-anos-y-tuvo-calidos-reconocimientos-de-los-vecinos\/\"},\"author\":{\"name\":\"Jorge Matheus\",\"@id\":\"https:\/\/infoecos.com.ar\/#\/schema\/person\/8f5ace5ce73b4b4aac4b7245aee6f191\"},\"headline\":\"El CEARTE cumpli\u00f3 ayer 25 a\u00f1os y tuvo c\u00e1lidos reconocimientos de los vecinos\",\"datePublished\":\"2021-08-19T06:44:01+00:00\",\"dateModified\":\"2021-08-19T06:44:07+00:00\",\"mainEntityOfPage\":{\"@id\":\"https:\/\/infoecos.com.ar\/index.php\/el-cearte-cumplio-ayer-25-anos-y-tuvo-calidos-reconocimientos-de-los-vecinos\/\"},\"wordCount\":246,\"publisher\":{\"@id\":\"https:\/\/infoecos.com.ar\/#organization\"},\"image\":{\"@id\":\"https:\/\/infoecos.com.ar\/index.php\/el-cearte-cumplio-ayer-25-anos-y-tuvo-calidos-reconocimientos-de-los-vecinos\/#primaryimage\"},\"thumbnailUrl\":\"https:\/\/infoecos.com.ar\/wp-content\/uploads\/2021\/08\/luiscabrera.jpg\",\"keywords\":[\"CENTRO DE ARTE TEATRAL\"],\"articleSection\":[\"C2 N3\"],\"inLanguage\":\"es\"},{\"@type\":\"WebPage\",\"@id\":\"https:\/\/infoecos.com.ar\/index.php\/el-cearte-cumplio-ayer-25-anos-y-tuvo-calidos-reconocimientos-de-los-vecinos\/\",\"url\":\"https:\/\/infoecos.com.ar\/index.php\/el-cearte-cumplio-ayer-25-anos-y-tuvo-calidos-reconocimientos-de-los-vecinos\/\",\"name\":\"El CEARTE cumpli\u00f3 ayer 25 a\u00f1os y tuvo c\u00e1lidos reconocimientos de los vecinos - Infoecos\",\"isPartOf\":{\"@id\":\"https:\/\/infoecos.com.ar\/#website\"},\"primaryImageOfPage\":{\"@id\":\"https:\/\/infoecos.com.ar\/index.php\/el-cearte-cumplio-ayer-25-anos-y-tuvo-calidos-reconocimientos-de-los-vecinos\/#primaryimage\"},\"image\":{\"@id\":\"https:\/\/infoecos.com.ar\/index.php\/el-cearte-cumplio-ayer-25-anos-y-tuvo-calidos-reconocimientos-de-los-vecinos\/#primaryimage\"},\"thumbnailUrl\":\"https:\/\/infoecos.com.ar\/wp-content\/uploads\/2021\/08\/luiscabrera.jpg\",\"datePublished\":\"2021-08-19T06:44:01+00:00\",\"dateModified\":\"2021-08-19T06:44:07+00:00\",\"breadcrumb\":{\"@id\":\"https:\/\/infoecos.com.ar\/index.php\/el-cearte-cumplio-ayer-25-anos-y-tuvo-calidos-reconocimientos-de-los-vecinos\/#breadcrumb\"},\"inLanguage\":\"es\",\"potentialAction\":[{\"@type\":\"ReadAction\",\"target\":[\"https:\/\/infoecos.com.ar\/index.php\/el-cearte-cumplio-ayer-25-anos-y-tuvo-calidos-reconocimientos-de-los-vecinos\/\"]}]},{\"@type\":\"ImageObject\",\"inLanguage\":\"es\",\"@id\":\"https:\/\/infoecos.com.ar\/index.php\/el-cearte-cumplio-ayer-25-anos-y-tuvo-calidos-reconocimientos-de-los-vecinos\/#primaryimage\",\"url\":\"https:\/\/infoecos.com.ar\/wp-content\/uploads\/2021\/08\/luiscabrera.jpg\",\"contentUrl\":\"https:\/\/infoecos.com.ar\/wp-content\/uploads\/2021\/08\/luiscabrera.jpg\",\"width\":960,\"height\":540},{\"@type\":\"BreadcrumbList\",\"@id\":\"https:\/\/infoecos.com.ar\/index.php\/el-cearte-cumplio-ayer-25-anos-y-tuvo-calidos-reconocimientos-de-los-vecinos\/#breadcrumb\",\"itemListElement\":[{\"@type\":\"ListItem\",\"position\":1,\"name\":\"Portada\",\"item\":\"https:\/\/infoecos.com.ar\/\"},{\"@type\":\"ListItem\",\"position\":2,\"name\":\"El CEARTE cumpli\u00f3 ayer 25 a\u00f1os y tuvo c\u00e1lidos reconocimientos de los vecinos\"}]},{\"@type\":\"WebSite\",\"@id\":\"https:\/\/infoecos.com.ar\/#website\",\"url\":\"https:\/\/infoecos.com.ar\/\",\"name\":\"Infoecos\",\"description\":\"Noticias de trenque lauquen y la zona\",\"publisher\":{\"@id\":\"https:\/\/infoecos.com.ar\/#organization\"},\"alternateName\":\"Noticias\",\"potentialAction\":[{\"@type\":\"SearchAction\",\"target\":{\"@type\":\"EntryPoint\",\"urlTemplate\":\"https:\/\/infoecos.com.ar\/?s={search_term_string}\"},\"query-input\":{\"@type\":\"PropertyValueSpecification\",\"valueRequired\":true,\"valueName\":\"search_term_string\"}}],\"inLanguage\":\"es\"},{\"@type\":\"Organization\",\"@id\":\"https:\/\/infoecos.com.ar\/#organization\",\"name\":\"Infoecos\",\"alternateName\":\"Noticias\",\"url\":\"https:\/\/infoecos.com.ar\/\",\"logo\":{\"@type\":\"ImageObject\",\"inLanguage\":\"es\",\"@id\":\"https:\/\/infoecos.com.ar\/#\/schema\/logo\/image\/\",\"url\":\"https:\/\/infoecos.com.ar\/wp-content\/uploads\/2024\/03\/cropped-logo.png\",\"contentUrl\":\"https:\/\/infoecos.com.ar\/wp-content\/uploads\/2024\/03\/cropped-logo.png\",\"width\":374,\"height\":90,\"caption\":\"Infoecos\"},\"image\":{\"@id\":\"https:\/\/infoecos.com.ar\/#\/schema\/logo\/image\/\"},\"sameAs\":[\"https:\/\/www.facebook.com\/profile.php?id=100063200290284\",\"https:\/\/x.com\/infoecos\"]},{\"@type\":\"Person\",\"@id\":\"https:\/\/infoecos.com.ar\/#\/schema\/person\/8f5ace5ce73b4b4aac4b7245aee6f191\",\"name\":\"Jorge Matheus\",\"url\":\"https:\/\/infoecos.com.ar\/index.php\/author\/jomatheus\/\"}]}<\/script>\n<!-- \/ Yoast SEO plugin. -->","yoast_head_json":{"title":"El CEARTE cumpli\u00f3 ayer 25 a\u00f1os y tuvo c\u00e1lidos reconocimientos de los vecinos - Infoecos","robots":{"index":"index","follow":"follow","max-snippet":"max-snippet:-1","max-image-preview":"max-image-preview:large","max-video-preview":"max-video-preview:-1"},"canonical":"https:\/\/infoecos.com.ar\/index.php\/el-cearte-cumplio-ayer-25-anos-y-tuvo-calidos-reconocimientos-de-los-vecinos\/","og_locale":"es_ES","og_type":"article","og_title":"El CEARTE cumpli\u00f3 ayer 25 a\u00f1os y tuvo c\u00e1lidos reconocimientos de los vecinos - Infoecos","og_description":"Se registr\u00f3 una importante cantidad de mensajes en las redes sociales a ra\u00edz de la publicaci\u00f3n por parte de Luis Cabrera, actor y dramaturgo, cabeza visible del Centro de Arte Teatral donde transmite la satisfacci\u00f3n de llegar a esta celebraci\u00f3n","og_url":"https:\/\/infoecos.com.ar\/index.php\/el-cearte-cumplio-ayer-25-anos-y-tuvo-calidos-reconocimientos-de-los-vecinos\/","og_site_name":"Infoecos","article_publisher":"https:\/\/www.facebook.com\/profile.php?id=100063200290284","article_published_time":"2021-08-19T06:44:01+00:00","article_modified_time":"2021-08-19T06:44:07+00:00","og_image":[{"width":960,"height":540,"url":"https:\/\/infoecos.com.ar\/wp-content\/uploads\/2021\/08\/luiscabrera.jpg","type":"image\/jpeg"}],"author":"Jorge Matheus","twitter_card":"summary_large_image","twitter_creator":"@infoecos","twitter_site":"@infoecos","twitter_misc":{"Escrito por":"Jorge Matheus","Tiempo de lectura":"1 minuto"},"schema":{"@context":"https:\/\/schema.org","@graph":[{"@type":"Article","@id":"https:\/\/infoecos.com.ar\/index.php\/el-cearte-cumplio-ayer-25-anos-y-tuvo-calidos-reconocimientos-de-los-vecinos\/#article","isPartOf":{"@id":"https:\/\/infoecos.com.ar\/index.php\/el-cearte-cumplio-ayer-25-anos-y-tuvo-calidos-reconocimientos-de-los-vecinos\/"},"author":{"name":"Jorge Matheus","@id":"https:\/\/infoecos.com.ar\/#\/schema\/person\/8f5ace5ce73b4b4aac4b7245aee6f191"},"headline":"El CEARTE cumpli\u00f3 ayer 25 a\u00f1os y tuvo c\u00e1lidos reconocimientos de los vecinos","datePublished":"2021-08-19T06:44:01+00:00","dateModified":"2021-08-19T06:44:07+00:00","mainEntityOfPage":{"@id":"https:\/\/infoecos.com.ar\/index.php\/el-cearte-cumplio-ayer-25-anos-y-tuvo-calidos-reconocimientos-de-los-vecinos\/"},"wordCount":246,"publisher":{"@id":"https:\/\/infoecos.com.ar\/#organization"},"image":{"@id":"https:\/\/infoecos.com.ar\/index.php\/el-cearte-cumplio-ayer-25-anos-y-tuvo-calidos-reconocimientos-de-los-vecinos\/#primaryimage"},"thumbnailUrl":"https:\/\/infoecos.com.ar\/wp-content\/uploads\/2021\/08\/luiscabrera.jpg","keywords":["CENTRO DE ARTE TEATRAL"],"articleSection":["C2 N3"],"inLanguage":"es"},{"@type":"WebPage","@id":"https:\/\/infoecos.com.ar\/index.php\/el-cearte-cumplio-ayer-25-anos-y-tuvo-calidos-reconocimientos-de-los-vecinos\/","url":"https:\/\/infoecos.com.ar\/index.php\/el-cearte-cumplio-ayer-25-anos-y-tuvo-calidos-reconocimientos-de-los-vecinos\/","name":"El CEARTE cumpli\u00f3 ayer 25 a\u00f1os y tuvo c\u00e1lidos reconocimientos de los vecinos - Infoecos","isPartOf":{"@id":"https:\/\/infoecos.com.ar\/#website"},"primaryImageOfPage":{"@id":"https:\/\/infoecos.com.ar\/index.php\/el-cearte-cumplio-ayer-25-anos-y-tuvo-calidos-reconocimientos-de-los-vecinos\/#primaryimage"},"image":{"@id":"https:\/\/infoecos.com.ar\/index.php\/el-cearte-cumplio-ayer-25-anos-y-tuvo-calidos-reconocimientos-de-los-vecinos\/#primaryimage"},"thumbnailUrl":"https:\/\/infoecos.com.ar\/wp-content\/uploads\/2021\/08\/luiscabrera.jpg","datePublished":"2021-08-19T06:44:01+00:00","dateModified":"2021-08-19T06:44:07+00:00","breadcrumb":{"@id":"https:\/\/infoecos.com.ar\/index.php\/el-cearte-cumplio-ayer-25-anos-y-tuvo-calidos-reconocimientos-de-los-vecinos\/#breadcrumb"},"inLanguage":"es","potentialAction":[{"@type":"ReadAction","target":["https:\/\/infoecos.com.ar\/index.php\/el-cearte-cumplio-ayer-25-anos-y-tuvo-calidos-reconocimientos-de-los-vecinos\/"]}]},{"@type":"ImageObject","inLanguage":"es","@id":"https:\/\/infoecos.com.ar\/index.php\/el-cearte-cumplio-ayer-25-anos-y-tuvo-calidos-reconocimientos-de-los-vecinos\/#primaryimage","url":"https:\/\/infoecos.com.ar\/wp-content\/uploads\/2021\/08\/luiscabrera.jpg","contentUrl":"https:\/\/infoecos.com.ar\/wp-content\/uploads\/2021\/08\/luiscabrera.jpg","width":960,"height":540},{"@type":"BreadcrumbList","@id":"https:\/\/infoecos.com.ar\/index.php\/el-cearte-cumplio-ayer-25-anos-y-tuvo-calidos-reconocimientos-de-los-vecinos\/#breadcrumb","itemListElement":[{"@type":"ListItem","position":1,"name":"Portada","item":"https:\/\/infoecos.com.ar\/"},{"@type":"ListItem","position":2,"name":"El CEARTE cumpli\u00f3 ayer 25 a\u00f1os y tuvo c\u00e1lidos reconocimientos de los vecinos"}]},{"@type":"WebSite","@id":"https:\/\/infoecos.com.ar\/#website","url":"https:\/\/infoecos.com.ar\/","name":"Infoecos","description":"Noticias de trenque lauquen y la zona","publisher":{"@id":"https:\/\/infoecos.com.ar\/#organization"},"alternateName":"Noticias","potentialAction":[{"@type":"SearchAction","target":{"@type":"EntryPoint","urlTemplate":"https:\/\/infoecos.com.ar\/?s={search_term_string}"},"query-input":{"@type":"PropertyValueSpecification","valueRequired":true,"valueName":"search_term_string"}}],"inLanguage":"es"},{"@type":"Organization","@id":"https:\/\/infoecos.com.ar\/#organization","name":"Infoecos","alternateName":"Noticias","url":"https:\/\/infoecos.com.ar\/","logo":{"@type":"ImageObject","inLanguage":"es","@id":"https:\/\/infoecos.com.ar\/#\/schema\/logo\/image\/","url":"https:\/\/infoecos.com.ar\/wp-content\/uploads\/2024\/03\/cropped-logo.png","contentUrl":"https:\/\/infoecos.com.ar\/wp-content\/uploads\/2024\/03\/cropped-logo.png","width":374,"height":90,"caption":"Infoecos"},"image":{"@id":"https:\/\/infoecos.com.ar\/#\/schema\/logo\/image\/"},"sameAs":["https:\/\/www.facebook.com\/profile.php?id=100063200290284","https:\/\/x.com\/infoecos"]},{"@type":"Person","@id":"https:\/\/infoecos.com.ar\/#\/schema\/person\/8f5ace5ce73b4b4aac4b7245aee6f191","name":"Jorge Matheus","url":"https:\/\/infoecos.com.ar\/index.php\/author\/jomatheus\/"}]}},"featured_image_urls":{"full":["https:\/\/infoecos.com.ar\/wp-content\/uploads\/2021\/08\/luiscabrera.jpg",960,540,false],"thumbnail":["https:\/\/infoecos.com.ar\/wp-content\/uploads\/2021\/08\/luiscabrera-150x150.jpg",150,150,true],"medium":["https:\/\/infoecos.com.ar\/wp-content\/uploads\/2021\/08\/luiscabrera-460x259.jpg",460,259,true],"medium_large":["https:\/\/infoecos.com.ar\/wp-content\/uploads\/2021\/08\/luiscabrera-768x432.jpg",640,360,true],"large":["https:\/\/infoecos.com.ar\/wp-content\/uploads\/2021\/08\/luiscabrera-920x518.jpg",640,360,true],"1536x1536":["https:\/\/infoecos.com.ar\/wp-content\/uploads\/2021\/08\/luiscabrera.jpg",960,540,false],"2048x2048":["https:\/\/infoecos.com.ar\/wp-content\/uploads\/2021\/08\/luiscabrera.jpg",960,540,false],"covernews-slider-full":["https:\/\/infoecos.com.ar\/wp-content\/uploads\/2021\/08\/luiscabrera.jpg",960,540,false],"covernews-slider-center":["https:\/\/infoecos.com.ar\/wp-content\/uploads\/2021\/08\/luiscabrera-936x540.jpg",800,462,true],"covernews-featured":["https:\/\/infoecos.com.ar\/wp-content\/uploads\/2021\/08\/luiscabrera.jpg",960,540,false],"covernews-medium":["https:\/\/infoecos.com.ar\/wp-content\/uploads\/2021\/08\/luiscabrera-720x380.jpg",540,285,true],"covernews-medium-square":["https:\/\/infoecos.com.ar\/wp-content\/uploads\/2021\/08\/luiscabrera-675x450.jpg",375,250,true]},"author_info":{"info":["Jorge Matheus"]},"category_info":"<a href=\"https:\/\/infoecos.com.ar\/index.php\/category\/c2nota3\/\" rel=\"category tag\">C2 N3<\/a>","tag_info":"C2 N3","comment_count":"0","_links":{"self":[{"href":"https:\/\/infoecos.com.ar\/index.php\/wp-json\/wp\/v2\/posts\/83688"}],"collection":[{"href":"https:\/\/infoecos.com.ar\/index.php\/wp-json\/wp\/v2\/posts"}],"about":[{"href":"https:\/\/infoecos.com.ar\/index.php\/wp-json\/wp\/v2\/types\/post"}],"author":[{"embeddable":true,"href":"https:\/\/infoecos.com.ar\/index.php\/wp-json\/wp\/v2\/users\/2"}],"replies":[{"embeddable":true,"href":"https:\/\/infoecos.com.ar\/index.php\/wp-json\/wp\/v2\/comments?post=83688"}],"version-history":[{"count":1,"href":"https:\/\/infoecos.com.ar\/index.php\/wp-json\/wp\/v2\/posts\/83688\/revisions"}],"predecessor-version":[{"id":83690,"href":"https:\/\/infoecos.com.ar\/index.php\/wp-json\/wp\/v2\/posts\/83688\/revisions\/83690"}],"wp:featuredmedia":[{"embeddable":true,"href":"https:\/\/infoecos.com.ar\/index.php\/wp-json\/wp\/v2\/media\/83689"}],"wp:attachment":[{"href":"https:\/\/infoecos.com.ar\/index.php\/wp-json\/wp\/v2\/media?parent=83688"}],"wp:term":[{"taxonomy":"category","embeddable":true,"href":"https:\/\/infoecos.com.ar\/index.php\/wp-json\/wp\/v2\/categories?post=83688"},{"taxonomy":"post_tag","embeddable":true,"href":"https:\/\/infoecos.com.ar\/index.php\/wp-json\/wp\/v2\/tags?post=83688"}],"curies":[{"name":"wp","href":"https:\/\/api.w.org\/{rel}","templated":true}]}}