{"id":83695,"date":"2021-08-19T04:04:17","date_gmt":"2021-08-19T07:04:17","guid":{"rendered":"http:\/\/infoecos.com.ar\/?p=83695"},"modified":"2021-08-19T04:06:14","modified_gmt":"2021-08-19T07:06:14","slug":"reacondicionan-la-estacion-de-trenes-de-carlos-casares","status":"publish","type":"post","link":"https:\/\/infoecos.com.ar\/index.php\/reacondicionan-la-estacion-de-trenes-de-carlos-casares\/","title":{"rendered":"Reacondicionan la estaci\u00f3n de trenes de Carlos Casares"},"content":{"rendered":"\n<p class=\"wp-block-paragraph\">Se trabaja en el reacomodamiento del edificio de la Estaci\u00f3n de trenes en la ciudad de Carlos Casares, informa el sitio <strong>casaresonline.com.ar. <\/strong><\/p>\n\n\n\n<div class=\"wp-block-image is-style-default\"><figure class=\"aligncenter size-medium\"><img loading=\"lazy\" decoding=\"async\" width=\"460\" height=\"259\" src=\"http:\/\/infoecos.com.ar\/wp-content\/uploads\/2021\/08\/estaciondetrenes-460x259.jpeg\" alt=\"\" class=\"wp-image-83696\" srcset=\"https:\/\/infoecos.com.ar\/wp-content\/uploads\/2021\/08\/estaciondetrenes-460x259.jpeg 460w, https:\/\/infoecos.com.ar\/wp-content\/uploads\/2021\/08\/estaciondetrenes-768x432.jpeg 768w, https:\/\/infoecos.com.ar\/wp-content\/uploads\/2021\/08\/estaciondetrenes.jpeg 777w\" sizes=\"auto, (max-width: 460px) 100vw, 460px\" \/><\/figure><\/div>\n\n\n\n<p class=\"wp-block-paragraph\">El objetivo es dejarla en \u00f3ptimas condiciones para cuando se recomponga el servicio de pasajeros.  <\/p>\n\n\n\n<p class=\"wp-block-paragraph\">Maxi Caprioli,&nbsp; Director Nacional de Trenes Argentinos le comento a <strong>Casares On Line<\/strong> que \u201cen esta etapa est\u00e1n arreglando las paredes, las luminarias, los ba\u00f1os interiores, reparando canaletas, para luego pintarla y colocar m\u00e1s luminarias y posiblemente c\u00e1maras de seguridad para tener un mayor control y evitar daos, al igual que contratar un sereno\u201d.<\/p>\n\n\n\n<p class=\"wp-block-paragraph\">En cuanto al trabajo en las v\u00edas y predio, resalto que \u201cvienen desmalezado y desmontando desde Bragado hacia Casares, estando cerca de 9 de Julio\u00bb.  <\/p>\n","protected":false},"excerpt":{"rendered":"<p>Maxi Caprioli, Director Nacional de Trenes Argentinos habl\u00f3 de las obras con Casares On Line<\/p>\n","protected":false},"author":2,"featured_media":83696,"comment_status":"closed","ping_status":"open","sticky":false,"template":"","format":"standard","meta":{"footnotes":""},"categories":[50],"tags":[4729],"class_list":["post-83695","post","type-post","status-publish","format-standard","has-post-thumbnail","hentry","category-c1nota4","tag-ante-el-proximo-restablecimiento-de-servicios"],"featured_image_urls":{"full":["https:\/\/infoecos.com.ar\/wp-content\/uploads\/2021\/08\/estaciondetrenes.jpeg",777,437,false],"thumbnail":["https:\/\/infoecos.com.ar\/wp-content\/uploads\/2021\/08\/estaciondetrenes-150x150.jpeg",150,150,true],"medium":["https:\/\/infoecos.com.ar\/wp-content\/uploads\/2021\/08\/estaciondetrenes-460x259.jpeg",460,259,true],"medium_large":["https:\/\/infoecos.com.ar\/wp-content\/uploads\/2021\/08\/estaciondetrenes-768x432.jpeg",640,360,true],"large":["https:\/\/infoecos.com.ar\/wp-content\/uploads\/2021\/08\/estaciondetrenes.jpeg",640,360,false],"1536x1536":["https:\/\/infoecos.com.ar\/wp-content\/uploads\/2021\/08\/estaciondetrenes.jpeg",777,437,false],"2048x2048":["https:\/\/infoecos.com.ar\/wp-content\/uploads\/2021\/08\/estaciondetrenes.jpeg",777,437,false],"covernews-slider-full":["https:\/\/infoecos.com.ar\/wp-content\/uploads\/2021\/08\/estaciondetrenes.jpeg",777,437,false],"covernews-slider-center":["https:\/\/infoecos.com.ar\/wp-content\/uploads\/2021\/08\/estaciondetrenes.jpeg",777,437,false],"covernews-featured":["https:\/\/infoecos.com.ar\/wp-content\/uploads\/2021\/08\/estaciondetrenes.jpeg",777,437,false],"covernews-medium":["https:\/\/infoecos.com.ar\/wp-content\/uploads\/2021\/08\/estaciondetrenes-720x380.jpeg",540,285,true],"covernews-medium-square":["https:\/\/infoecos.com.ar\/wp-content\/uploads\/2021\/08\/estaciondetrenes-675x437.jpeg",386,250,true]},"author_info":{"info":["Jorge Matheus"]},"category_info":"<a href=\"https:\/\/infoecos.com.ar\/index.php\/category\/c1nota4\/\" rel=\"category tag\">C1 N4<\/a>","tag_info":"C1 N4","comment_count":"0","_links":{"self":[{"href":"https:\/\/infoecos.com.ar\/index.php\/wp-json\/wp\/v2\/posts\/83695","targetHints":{"allow":["GET"]}}],"collection":[{"href":"https:\/\/infoecos.com.ar\/index.php\/wp-json\/wp\/v2\/posts"}],"about":[{"href":"https:\/\/infoecos.com.ar\/index.php\/wp-json\/wp\/v2\/types\/post"}],"author":[{"embeddable":true,"href":"https:\/\/infoecos.com.ar\/index.php\/wp-json\/wp\/v2\/users\/2"}],"replies":[{"embeddable":true,"href":"https:\/\/infoecos.com.ar\/index.php\/wp-json\/wp\/v2\/comments?post=83695"}],"version-history":[{"count":2,"href":"https:\/\/infoecos.com.ar\/index.php\/wp-json\/wp\/v2\/posts\/83695\/revisions"}],"predecessor-version":[{"id":83699,"href":"https:\/\/infoecos.com.ar\/index.php\/wp-json\/wp\/v2\/posts\/83695\/revisions\/83699"}],"wp:featuredmedia":[{"embeddable":true,"href":"https:\/\/infoecos.com.ar\/index.php\/wp-json\/wp\/v2\/media\/83696"}],"wp:attachment":[{"href":"https:\/\/infoecos.com.ar\/index.php\/wp-json\/wp\/v2\/media?parent=83695"}],"wp:term":[{"taxonomy":"category","embeddable":true,"href":"https:\/\/infoecos.com.ar\/index.php\/wp-json\/wp\/v2\/categories?post=83695"},{"taxonomy":"post_tag","embeddable":true,"href":"https:\/\/infoecos.com.ar\/index.php\/wp-json\/wp\/v2\/tags?post=83695"}],"curies":[{"name":"wp","href":"https:\/\/api.w.org\/{rel}","templated":true}]}}