{"id":83707,"date":"2021-08-19T04:35:28","date_gmt":"2021-08-19T07:35:28","guid":{"rendered":"http:\/\/infoecos.com.ar\/?p=83707"},"modified":"2021-08-19T04:35:35","modified_gmt":"2021-08-19T07:35:35","slug":"las-autoridades-de-gobierno-no-pueden-realizar-desde-ayer-actos-publicos-que-promuevan-la-captacion-del-voto","status":"publish","type":"post","link":"https:\/\/infoecos.com.ar\/index.php\/las-autoridades-de-gobierno-no-pueden-realizar-desde-ayer-actos-publicos-que-promuevan-la-captacion-del-voto\/","title":{"rendered":"Las autoridades de gobierno no pueden realizar, desde ayer, actos p\u00fablicos que promuevan la captaci\u00f3n del voto"},"content":{"rendered":"\n<p class=\"wp-block-paragraph\">Desde ayer, las autoridades de gobierno<strong>\u00a0<\/strong>no podr\u00e1n realizar actos p\u00fablicos que promuevan la captaci\u00f3n del voto<strong>,\u00a0<\/strong>seg\u00fan lo determin\u00f3 el cronograma electoral, con miras a las Primarias Abiertas, Simult\u00e1neas y Obligatorias (PASO) que se realizar\u00e1n el 12 de septiembre.<\/p>\n\n\n\n<div class=\"wp-block-image is-style-default\"><figure class=\"aligncenter size-medium\"><img loading=\"lazy\" decoding=\"async\" width=\"460\" height=\"198\" src=\"http:\/\/infoecos.com.ar\/wp-content\/uploads\/2021\/07\/eleccionesurnas-460x198.png\" alt=\"\" class=\"wp-image-81973\" srcset=\"https:\/\/infoecos.com.ar\/wp-content\/uploads\/2021\/07\/eleccionesurnas-460x198.png 460w, https:\/\/infoecos.com.ar\/wp-content\/uploads\/2021\/07\/eleccionesurnas-920x395.png 920w, https:\/\/infoecos.com.ar\/wp-content\/uploads\/2021\/07\/eleccionesurnas-768x330.png 768w, https:\/\/infoecos.com.ar\/wp-content\/uploads\/2021\/07\/eleccionesurnas-1024x440.png 1024w, https:\/\/infoecos.com.ar\/wp-content\/uploads\/2021\/07\/eleccionesurnas.png 1278w\" sizes=\"auto, (max-width: 460px) 100vw, 460px\" \/><\/figure><\/div>\n\n\n\n<p class=\"wp-block-paragraph\">En tanto, el jueves 2 de septiembre vence el plazo para destruir\u00a0documentos de los ciudadanos fallecidos y dos d\u00edas m\u00e1s tarde se prohibir\u00e1 la difusi\u00f3n de sondeos y encuestas.<\/p>\n\n\n\n<p class=\"wp-block-paragraph\">De acuerdo con lo previsto por el cronograma electoral, realizado en base a las normativas vigentes,\u00a0el 10 de septiembre a las 8, dos d\u00edas antes de las PASO, finaliza la campa\u00f1a electoral y se da inicio a la veda electoral.<\/p>\n","protected":false},"excerpt":{"rendered":"<p>El jueves 2 de septiembre vence el plazo para destruir documentos de los ciudadanos fallecidos y dos d\u00edas m\u00e1s tarde se prohibir\u00e1 la difusi\u00f3n de sondeos y encuestas<\/p>\n","protected":false},"author":2,"featured_media":81973,"comment_status":"closed","ping_status":"open","sticky":false,"template":"","format":"standard","meta":{"footnotes":""},"categories":[1325],"tags":[4734],"class_list":["post-83707","post","type-post","status-publish","format-standard","has-post-thumbnail","hentry","category-c1nota6","tag-el-8-de-septiembre-finaliza-la-campana-electoral"],"featured_image_urls":{"full":["https:\/\/infoecos.com.ar\/wp-content\/uploads\/2021\/07\/eleccionesurnas.png",1278,549,false],"thumbnail":["https:\/\/infoecos.com.ar\/wp-content\/uploads\/2021\/07\/eleccionesurnas-150x150.png",150,150,true],"medium":["https:\/\/infoecos.com.ar\/wp-content\/uploads\/2021\/07\/eleccionesurnas-460x198.png",460,198,true],"medium_large":["https:\/\/infoecos.com.ar\/wp-content\/uploads\/2021\/07\/eleccionesurnas-768x330.png",640,275,true],"large":["https:\/\/infoecos.com.ar\/wp-content\/uploads\/2021\/07\/eleccionesurnas-920x395.png",640,275,true],"1536x1536":["https:\/\/infoecos.com.ar\/wp-content\/uploads\/2021\/07\/eleccionesurnas.png",1278,549,false],"2048x2048":["https:\/\/infoecos.com.ar\/wp-content\/uploads\/2021\/07\/eleccionesurnas.png",1278,549,false],"covernews-slider-full":["https:\/\/infoecos.com.ar\/wp-content\/uploads\/2021\/07\/eleccionesurnas.png",1115,479,false],"covernews-slider-center":["https:\/\/infoecos.com.ar\/wp-content\/uploads\/2021\/07\/eleccionesurnas-936x549.png",800,469,true],"covernews-featured":["https:\/\/infoecos.com.ar\/wp-content\/uploads\/2021\/07\/eleccionesurnas-1024x440.png",1024,440,true],"covernews-medium":["https:\/\/infoecos.com.ar\/wp-content\/uploads\/2021\/07\/eleccionesurnas-720x380.png",540,285,true],"covernews-medium-square":["https:\/\/infoecos.com.ar\/wp-content\/uploads\/2021\/07\/eleccionesurnas-675x450.png",375,250,true]},"author_info":{"info":["Jorge Matheus"]},"category_info":"<a href=\"https:\/\/infoecos.com.ar\/index.php\/category\/c1nota6\/\" rel=\"category tag\">C1 nota 6<\/a>","tag_info":"C1 nota 6","comment_count":"0","_links":{"self":[{"href":"https:\/\/infoecos.com.ar\/index.php\/wp-json\/wp\/v2\/posts\/83707","targetHints":{"allow":["GET"]}}],"collection":[{"href":"https:\/\/infoecos.com.ar\/index.php\/wp-json\/wp\/v2\/posts"}],"about":[{"href":"https:\/\/infoecos.com.ar\/index.php\/wp-json\/wp\/v2\/types\/post"}],"author":[{"embeddable":true,"href":"https:\/\/infoecos.com.ar\/index.php\/wp-json\/wp\/v2\/users\/2"}],"replies":[{"embeddable":true,"href":"https:\/\/infoecos.com.ar\/index.php\/wp-json\/wp\/v2\/comments?post=83707"}],"version-history":[{"count":1,"href":"https:\/\/infoecos.com.ar\/index.php\/wp-json\/wp\/v2\/posts\/83707\/revisions"}],"predecessor-version":[{"id":83708,"href":"https:\/\/infoecos.com.ar\/index.php\/wp-json\/wp\/v2\/posts\/83707\/revisions\/83708"}],"wp:featuredmedia":[{"embeddable":true,"href":"https:\/\/infoecos.com.ar\/index.php\/wp-json\/wp\/v2\/media\/81973"}],"wp:attachment":[{"href":"https:\/\/infoecos.com.ar\/index.php\/wp-json\/wp\/v2\/media?parent=83707"}],"wp:term":[{"taxonomy":"category","embeddable":true,"href":"https:\/\/infoecos.com.ar\/index.php\/wp-json\/wp\/v2\/categories?post=83707"},{"taxonomy":"post_tag","embeddable":true,"href":"https:\/\/infoecos.com.ar\/index.php\/wp-json\/wp\/v2\/tags?post=83707"}],"curies":[{"name":"wp","href":"https:\/\/api.w.org\/{rel}","templated":true}]}}