{"id":83713,"date":"2021-08-19T05:03:46","date_gmt":"2021-08-19T08:03:46","guid":{"rendered":"http:\/\/infoecos.com.ar\/?p=83713"},"modified":"2021-08-19T05:23:37","modified_gmt":"2021-08-19T08:23:37","slug":"hoy-se-celebra-el-dia-mundial-del-fotografo","status":"publish","type":"post","link":"https:\/\/infoecos.com.ar\/index.php\/hoy-se-celebra-el-dia-mundial-del-fotografo\/","title":{"rendered":"Hoy se celebra el D\u00eda Mundial del Fot\u00f3grafo"},"content":{"rendered":"\n<ul class=\"wp-block-list\"><li>1944 \u2013 Nace Hugo Orlando Gatti<a rel=\"noreferrer noopener\" href=\"https:\/\/www.lanacion.com.ar\/deportes\/hugo-el-loco-gatti-fue-echado-en-vivo-de-un-programa-no-nos-gusta-la-mala-educacion-nid24042021\/\" target=\"_blank\">,<\/a>&nbsp;arquero de f\u00fatbol argentino. Nacido en Carlos Tejedor<\/li><\/ul>\n\n\n\n<div class=\"wp-block-image is-style-default\"><figure class=\"aligncenter size-medium\"><img loading=\"lazy\" decoding=\"async\" width=\"460\" height=\"259\" src=\"http:\/\/infoecos.com.ar\/wp-content\/uploads\/2021\/08\/gatti-460x259.jpg\" alt=\"\" class=\"wp-image-83714\" srcset=\"https:\/\/infoecos.com.ar\/wp-content\/uploads\/2021\/08\/gatti-460x259.jpg 460w, https:\/\/infoecos.com.ar\/wp-content\/uploads\/2021\/08\/gatti-920x518.jpg 920w, https:\/\/infoecos.com.ar\/wp-content\/uploads\/2021\/08\/gatti-768x432.jpg 768w, https:\/\/infoecos.com.ar\/wp-content\/uploads\/2021\/08\/gatti-1024x576.jpg 1024w, https:\/\/infoecos.com.ar\/wp-content\/uploads\/2021\/08\/gatti.jpg 1200w\" sizes=\"(max-width: 460px) 100vw, 460px\" \/><\/figure><\/div>\n\n\n\n<ul class=\"wp-block-list\"><li>1662 \u2013 Muere&nbsp;<a rel=\"noreferrer noopener\" href=\"https:\/\/www.lanacion.com.ar\/lifestyle\/acertijo-matematico-que-numeros-estan-escondidos-debajo-nid2401769\/\" target=\"_blank\">Blas Pascal<\/a>, cient\u00edfico y fil\u00f3sofo franc\u00e9s.<\/li><\/ul>\n\n\n\n<div class=\"wp-block-image is-style-default\"><figure class=\"aligncenter size-medium\"><img loading=\"lazy\" decoding=\"async\" width=\"377\" height=\"460\" src=\"http:\/\/infoecos.com.ar\/wp-content\/uploads\/2021\/08\/blaspascal-377x460.jpg\" alt=\"\" class=\"wp-image-83715\" srcset=\"https:\/\/infoecos.com.ar\/wp-content\/uploads\/2021\/08\/blaspascal-377x460.jpg 377w, https:\/\/infoecos.com.ar\/wp-content\/uploads\/2021\/08\/blaspascal-753x920.jpg 753w, https:\/\/infoecos.com.ar\/wp-content\/uploads\/2021\/08\/blaspascal-768x938.jpg 768w, https:\/\/infoecos.com.ar\/wp-content\/uploads\/2021\/08\/blaspascal-1257x1536.jpg 1257w, https:\/\/infoecos.com.ar\/wp-content\/uploads\/2021\/08\/blaspascal-1024x1251.jpg 1024w, https:\/\/infoecos.com.ar\/wp-content\/uploads\/2021\/08\/blaspascal.jpg 1300w\" sizes=\"(max-width: 377px) 100vw, 377px\" \/><\/figure><\/div>\n\n\n\n<ul class=\"wp-block-list\"><li>1833 \u2013 Nace la prestigiosa dise\u00f1adora de moda francesa, Coco Chanel.<\/li><\/ul>\n\n\n\n<div class=\"wp-block-image is-style-default\"><figure class=\"aligncenter size-medium\"><img loading=\"lazy\" decoding=\"async\" width=\"460\" height=\"360\" src=\"http:\/\/infoecos.com.ar\/wp-content\/uploads\/2021\/08\/cocochanel-460x360.jpg\" alt=\"\" class=\"wp-image-83716\" srcset=\"https:\/\/infoecos.com.ar\/wp-content\/uploads\/2021\/08\/cocochanel-460x360.jpg 460w, https:\/\/infoecos.com.ar\/wp-content\/uploads\/2021\/08\/cocochanel-768x601.jpg 768w, https:\/\/infoecos.com.ar\/wp-content\/uploads\/2021\/08\/cocochanel.jpg 856w\" sizes=\"(max-width: 460px) 100vw, 460px\" \/><\/figure><\/div>\n\n\n\n<p>1946 \u2013 Nace el ex presidente de Estados Unidos, Bill Clinton. &nbsp;<\/p>\n\n\n\n<div class=\"wp-block-image is-style-default\"><figure class=\"aligncenter size-medium\"><img loading=\"lazy\" decoding=\"async\" width=\"460\" height=\"259\" src=\"http:\/\/infoecos.com.ar\/wp-content\/uploads\/2021\/08\/billclinton-460x259.jpg\" alt=\"\" class=\"wp-image-83718\" srcset=\"https:\/\/infoecos.com.ar\/wp-content\/uploads\/2021\/08\/billclinton-460x259.jpg 460w, https:\/\/infoecos.com.ar\/wp-content\/uploads\/2021\/08\/billclinton-920x518.jpg 920w, https:\/\/infoecos.com.ar\/wp-content\/uploads\/2021\/08\/billclinton-768x432.jpg 768w, https:\/\/infoecos.com.ar\/wp-content\/uploads\/2021\/08\/billclinton.jpg 1024w\" sizes=\"(max-width: 460px) 100vw, 460px\" \/><\/figure><\/div>\n\n\n\n<p>1948 \u2013 Se funda la UTN (Universidad Tecnol\u00f3gica Nacional).<\/p>\n\n\n\n<div class=\"wp-block-image is-style-default\"><figure class=\"aligncenter size-large\"><img loading=\"lazy\" decoding=\"async\" width=\"245\" height=\"276\" src=\"http:\/\/infoecos.com.ar\/wp-content\/uploads\/2021\/08\/utn.png\" alt=\"\" class=\"wp-image-83719\"\/><\/figure><\/div>\n\n\n\n<p>Se celebra el D\u00eda Internacional de la Fotograf\u00eda, en recuerdo del anuncio de la t\u00e9cnica fotogr\u00e1fica al mundo (1839) a cargo de la Academia Francesa de Ciencias.<\/p>\n\n\n\n<div class=\"wp-block-image is-style-default\"><figure class=\"aligncenter size-large\"><img loading=\"lazy\" decoding=\"async\" width=\"450\" height=\"299\" src=\"http:\/\/infoecos.com.ar\/wp-content\/uploads\/2021\/08\/MAQUINAFOTO.jpg\" alt=\"\" class=\"wp-image-83720\"\/><\/figure><\/div>\n\n\n\n<p>Se celebra el D\u00eda Mundial de la Asistencia Humanitaria, para rendir tributo a este tipo de trabajos en el mundo.<\/p>\n\n\n\n<div class=\"wp-block-image is-style-default\"><figure class=\"aligncenter size-large\"><img loading=\"lazy\" decoding=\"async\" width=\"400\" height=\"283\" src=\"http:\/\/infoecos.com.ar\/wp-content\/uploads\/2021\/08\/asistenciahumanitaria.jpg\" alt=\"\" class=\"wp-image-83721\"\/><\/figure><\/div>\n\n\n\n<p>2001 \u2013 Michael Schumacher, piloto alem\u00e1n, gana su cuarto t\u00edtulo mundial de F\u00f3rmula 1 con el Gran Premio de Hungr\u00eda.<\/p>\n\n\n\n<div class=\"wp-block-image is-style-default\"><figure class=\"aligncenter size-medium\"><img loading=\"lazy\" decoding=\"async\" width=\"460\" height=\"259\" src=\"http:\/\/infoecos.com.ar\/wp-content\/uploads\/2021\/08\/michael-schumacher-2229429-460x259.jpg\" alt=\"\" class=\"wp-image-83722\" srcset=\"https:\/\/infoecos.com.ar\/wp-content\/uploads\/2021\/08\/michael-schumacher-2229429-460x259.jpg 460w, https:\/\/infoecos.com.ar\/wp-content\/uploads\/2021\/08\/michael-schumacher-2229429-920x518.jpg 920w, https:\/\/infoecos.com.ar\/wp-content\/uploads\/2021\/08\/michael-schumacher-2229429-768x432.jpg 768w, https:\/\/infoecos.com.ar\/wp-content\/uploads\/2021\/08\/michael-schumacher-2229429-1024x576.jpg 1024w, https:\/\/infoecos.com.ar\/wp-content\/uploads\/2021\/08\/michael-schumacher-2229429.jpg 1280w\" sizes=\"(max-width: 460px) 100vw, 460px\" \/><figcaption>2006 German Grand Prix &#8211; Sunday Race\nHockenheim, Germany. 27th &#8211; 30th July.\nMichael Schumacher, Ferrari 248F1, 1st position, celebrates his 89th win and 70th for Ferrari, podium.\nWorld Copyright: Lorenzo Bellanca\/LAT Photographic\nref: Digital Image ZD2J2146<\/figcaption><\/figure><\/div>\n","protected":false},"excerpt":{"rendered":"<p>Cumplea\u00f1os de Gatti, muerte de Blas Pascal, nacieron Coco Chanel y Bill Clinton, se fund\u00f3 la UTN, D\u00eda de la Asistencia Humanitaria y cuarto t\u00edtulo de Schumacher<\/p>\n","protected":false},"author":2,"featured_media":83720,"comment_status":"closed","ping_status":"open","sticky":false,"template":"","format":"standard","meta":{"footnotes":""},"categories":[1341],"tags":[4736],"class_list":["post-83713","post","type-post","status-publish","format-standard","has-post-thumbnail","hentry","category-c1nota7","tag-efemerides"],"yoast_head":"<!-- This site is optimized with the Yoast SEO plugin v23.4 - https:\/\/yoast.com\/wordpress\/plugins\/seo\/ -->\n<title>Hoy se celebra el D\u00eda Mundial del Fot\u00f3grafo - Infoecos<\/title>\n<meta name=\"robots\" content=\"index, follow, max-snippet:-1, max-image-preview:large, max-video-preview:-1\" \/>\n<link rel=\"canonical\" href=\"https:\/\/infoecos.com.ar\/index.php\/hoy-se-celebra-el-dia-mundial-del-fotografo\/\" \/>\n<meta property=\"og:locale\" content=\"es_ES\" \/>\n<meta property=\"og:type\" content=\"article\" \/>\n<meta property=\"og:title\" content=\"Hoy se celebra el D\u00eda Mundial del Fot\u00f3grafo - Infoecos\" \/>\n<meta property=\"og:description\" content=\"Cumplea\u00f1os de Gatti, muerte de Blas Pascal, nacieron Coco Chanel y Bill Clinton, se fund\u00f3 la UTN, D\u00eda de la Asistencia Humanitaria y cuarto t\u00edtulo de Schumacher\" \/>\n<meta property=\"og:url\" content=\"https:\/\/infoecos.com.ar\/index.php\/hoy-se-celebra-el-dia-mundial-del-fotografo\/\" \/>\n<meta property=\"og:site_name\" content=\"Infoecos\" \/>\n<meta property=\"article:publisher\" content=\"https:\/\/www.facebook.com\/profile.php?id=100063200290284\" \/>\n<meta property=\"article:published_time\" content=\"2021-08-19T08:03:46+00:00\" \/>\n<meta property=\"article:modified_time\" content=\"2021-08-19T08:23:37+00:00\" \/>\n<meta property=\"og:image\" content=\"https:\/\/infoecos.com.ar\/wp-content\/uploads\/2021\/08\/MAQUINAFOTO.jpg\" \/>\n\t<meta property=\"og:image:width\" content=\"450\" \/>\n\t<meta property=\"og:image:height\" content=\"299\" \/>\n\t<meta property=\"og:image:type\" content=\"image\/jpeg\" \/>\n<meta name=\"author\" content=\"Jorge Matheus\" \/>\n<meta name=\"twitter:card\" content=\"summary_large_image\" \/>\n<meta name=\"twitter:creator\" content=\"@infoecos\" \/>\n<meta name=\"twitter:site\" content=\"@infoecos\" \/>\n<meta name=\"twitter:label1\" content=\"Escrito por\" \/>\n\t<meta name=\"twitter:data1\" content=\"Jorge Matheus\" \/>\n\t<meta name=\"twitter:label2\" content=\"Tiempo de lectura\" \/>\n\t<meta name=\"twitter:data2\" content=\"1 minuto\" \/>\n<script type=\"application\/ld+json\" class=\"yoast-schema-graph\">{\"@context\":\"https:\/\/schema.org\",\"@graph\":[{\"@type\":\"Article\",\"@id\":\"https:\/\/infoecos.com.ar\/index.php\/hoy-se-celebra-el-dia-mundial-del-fotografo\/#article\",\"isPartOf\":{\"@id\":\"https:\/\/infoecos.com.ar\/index.php\/hoy-se-celebra-el-dia-mundial-del-fotografo\/\"},\"author\":{\"name\":\"Jorge Matheus\",\"@id\":\"https:\/\/infoecos.com.ar\/#\/schema\/person\/8f5ace5ce73b4b4aac4b7245aee6f191\"},\"headline\":\"Hoy se celebra el D\u00eda Mundial del Fot\u00f3grafo\",\"datePublished\":\"2021-08-19T08:03:46+00:00\",\"dateModified\":\"2021-08-19T08:23:37+00:00\",\"mainEntityOfPage\":{\"@id\":\"https:\/\/infoecos.com.ar\/index.php\/hoy-se-celebra-el-dia-mundial-del-fotografo\/\"},\"wordCount\":173,\"publisher\":{\"@id\":\"https:\/\/infoecos.com.ar\/#organization\"},\"image\":{\"@id\":\"https:\/\/infoecos.com.ar\/index.php\/hoy-se-celebra-el-dia-mundial-del-fotografo\/#primaryimage\"},\"thumbnailUrl\":\"https:\/\/infoecos.com.ar\/wp-content\/uploads\/2021\/08\/MAQUINAFOTO.jpg\",\"keywords\":[\"EFEM\u00c9RIDES\"],\"articleSection\":[\"C1 nota 7\"],\"inLanguage\":\"es\"},{\"@type\":\"WebPage\",\"@id\":\"https:\/\/infoecos.com.ar\/index.php\/hoy-se-celebra-el-dia-mundial-del-fotografo\/\",\"url\":\"https:\/\/infoecos.com.ar\/index.php\/hoy-se-celebra-el-dia-mundial-del-fotografo\/\",\"name\":\"Hoy se celebra el D\u00eda Mundial del Fot\u00f3grafo - Infoecos\",\"isPartOf\":{\"@id\":\"https:\/\/infoecos.com.ar\/#website\"},\"primaryImageOfPage\":{\"@id\":\"https:\/\/infoecos.com.ar\/index.php\/hoy-se-celebra-el-dia-mundial-del-fotografo\/#primaryimage\"},\"image\":{\"@id\":\"https:\/\/infoecos.com.ar\/index.php\/hoy-se-celebra-el-dia-mundial-del-fotografo\/#primaryimage\"},\"thumbnailUrl\":\"https:\/\/infoecos.com.ar\/wp-content\/uploads\/2021\/08\/MAQUINAFOTO.jpg\",\"datePublished\":\"2021-08-19T08:03:46+00:00\",\"dateModified\":\"2021-08-19T08:23:37+00:00\",\"breadcrumb\":{\"@id\":\"https:\/\/infoecos.com.ar\/index.php\/hoy-se-celebra-el-dia-mundial-del-fotografo\/#breadcrumb\"},\"inLanguage\":\"es\",\"potentialAction\":[{\"@type\":\"ReadAction\",\"target\":[\"https:\/\/infoecos.com.ar\/index.php\/hoy-se-celebra-el-dia-mundial-del-fotografo\/\"]}]},{\"@type\":\"ImageObject\",\"inLanguage\":\"es\",\"@id\":\"https:\/\/infoecos.com.ar\/index.php\/hoy-se-celebra-el-dia-mundial-del-fotografo\/#primaryimage\",\"url\":\"https:\/\/infoecos.com.ar\/wp-content\/uploads\/2021\/08\/MAQUINAFOTO.jpg\",\"contentUrl\":\"https:\/\/infoecos.com.ar\/wp-content\/uploads\/2021\/08\/MAQUINAFOTO.jpg\",\"width\":450,\"height\":299},{\"@type\":\"BreadcrumbList\",\"@id\":\"https:\/\/infoecos.com.ar\/index.php\/hoy-se-celebra-el-dia-mundial-del-fotografo\/#breadcrumb\",\"itemListElement\":[{\"@type\":\"ListItem\",\"position\":1,\"name\":\"Portada\",\"item\":\"https:\/\/infoecos.com.ar\/\"},{\"@type\":\"ListItem\",\"position\":2,\"name\":\"Hoy se celebra el D\u00eda Mundial del Fot\u00f3grafo\"}]},{\"@type\":\"WebSite\",\"@id\":\"https:\/\/infoecos.com.ar\/#website\",\"url\":\"https:\/\/infoecos.com.ar\/\",\"name\":\"Infoecos\",\"description\":\"Noticias de trenque lauquen y la zona\",\"publisher\":{\"@id\":\"https:\/\/infoecos.com.ar\/#organization\"},\"alternateName\":\"Noticias\",\"potentialAction\":[{\"@type\":\"SearchAction\",\"target\":{\"@type\":\"EntryPoint\",\"urlTemplate\":\"https:\/\/infoecos.com.ar\/?s={search_term_string}\"},\"query-input\":{\"@type\":\"PropertyValueSpecification\",\"valueRequired\":true,\"valueName\":\"search_term_string\"}}],\"inLanguage\":\"es\"},{\"@type\":\"Organization\",\"@id\":\"https:\/\/infoecos.com.ar\/#organization\",\"name\":\"Infoecos\",\"alternateName\":\"Noticias\",\"url\":\"https:\/\/infoecos.com.ar\/\",\"logo\":{\"@type\":\"ImageObject\",\"inLanguage\":\"es\",\"@id\":\"https:\/\/infoecos.com.ar\/#\/schema\/logo\/image\/\",\"url\":\"https:\/\/infoecos.com.ar\/wp-content\/uploads\/2024\/03\/cropped-logo.png\",\"contentUrl\":\"https:\/\/infoecos.com.ar\/wp-content\/uploads\/2024\/03\/cropped-logo.png\",\"width\":374,\"height\":90,\"caption\":\"Infoecos\"},\"image\":{\"@id\":\"https:\/\/infoecos.com.ar\/#\/schema\/logo\/image\/\"},\"sameAs\":[\"https:\/\/www.facebook.com\/profile.php?id=100063200290284\",\"https:\/\/x.com\/infoecos\"]},{\"@type\":\"Person\",\"@id\":\"https:\/\/infoecos.com.ar\/#\/schema\/person\/8f5ace5ce73b4b4aac4b7245aee6f191\",\"name\":\"Jorge Matheus\",\"url\":\"https:\/\/infoecos.com.ar\/index.php\/author\/jomatheus\/\"}]}<\/script>\n<!-- \/ Yoast SEO plugin. -->","yoast_head_json":{"title":"Hoy se celebra el D\u00eda Mundial del Fot\u00f3grafo - Infoecos","robots":{"index":"index","follow":"follow","max-snippet":"max-snippet:-1","max-image-preview":"max-image-preview:large","max-video-preview":"max-video-preview:-1"},"canonical":"https:\/\/infoecos.com.ar\/index.php\/hoy-se-celebra-el-dia-mundial-del-fotografo\/","og_locale":"es_ES","og_type":"article","og_title":"Hoy se celebra el D\u00eda Mundial del Fot\u00f3grafo - Infoecos","og_description":"Cumplea\u00f1os de Gatti, muerte de Blas Pascal, nacieron Coco Chanel y Bill Clinton, se fund\u00f3 la UTN, D\u00eda de la Asistencia Humanitaria y cuarto t\u00edtulo de Schumacher","og_url":"https:\/\/infoecos.com.ar\/index.php\/hoy-se-celebra-el-dia-mundial-del-fotografo\/","og_site_name":"Infoecos","article_publisher":"https:\/\/www.facebook.com\/profile.php?id=100063200290284","article_published_time":"2021-08-19T08:03:46+00:00","article_modified_time":"2021-08-19T08:23:37+00:00","og_image":[{"width":450,"height":299,"url":"https:\/\/infoecos.com.ar\/wp-content\/uploads\/2021\/08\/MAQUINAFOTO.jpg","type":"image\/jpeg"}],"author":"Jorge Matheus","twitter_card":"summary_large_image","twitter_creator":"@infoecos","twitter_site":"@infoecos","twitter_misc":{"Escrito por":"Jorge Matheus","Tiempo de lectura":"1 minuto"},"schema":{"@context":"https:\/\/schema.org","@graph":[{"@type":"Article","@id":"https:\/\/infoecos.com.ar\/index.php\/hoy-se-celebra-el-dia-mundial-del-fotografo\/#article","isPartOf":{"@id":"https:\/\/infoecos.com.ar\/index.php\/hoy-se-celebra-el-dia-mundial-del-fotografo\/"},"author":{"name":"Jorge Matheus","@id":"https:\/\/infoecos.com.ar\/#\/schema\/person\/8f5ace5ce73b4b4aac4b7245aee6f191"},"headline":"Hoy se celebra el D\u00eda Mundial del Fot\u00f3grafo","datePublished":"2021-08-19T08:03:46+00:00","dateModified":"2021-08-19T08:23:37+00:00","mainEntityOfPage":{"@id":"https:\/\/infoecos.com.ar\/index.php\/hoy-se-celebra-el-dia-mundial-del-fotografo\/"},"wordCount":173,"publisher":{"@id":"https:\/\/infoecos.com.ar\/#organization"},"image":{"@id":"https:\/\/infoecos.com.ar\/index.php\/hoy-se-celebra-el-dia-mundial-del-fotografo\/#primaryimage"},"thumbnailUrl":"https:\/\/infoecos.com.ar\/wp-content\/uploads\/2021\/08\/MAQUINAFOTO.jpg","keywords":["EFEM\u00c9RIDES"],"articleSection":["C1 nota 7"],"inLanguage":"es"},{"@type":"WebPage","@id":"https:\/\/infoecos.com.ar\/index.php\/hoy-se-celebra-el-dia-mundial-del-fotografo\/","url":"https:\/\/infoecos.com.ar\/index.php\/hoy-se-celebra-el-dia-mundial-del-fotografo\/","name":"Hoy se celebra el D\u00eda Mundial del Fot\u00f3grafo - Infoecos","isPartOf":{"@id":"https:\/\/infoecos.com.ar\/#website"},"primaryImageOfPage":{"@id":"https:\/\/infoecos.com.ar\/index.php\/hoy-se-celebra-el-dia-mundial-del-fotografo\/#primaryimage"},"image":{"@id":"https:\/\/infoecos.com.ar\/index.php\/hoy-se-celebra-el-dia-mundial-del-fotografo\/#primaryimage"},"thumbnailUrl":"https:\/\/infoecos.com.ar\/wp-content\/uploads\/2021\/08\/MAQUINAFOTO.jpg","datePublished":"2021-08-19T08:03:46+00:00","dateModified":"2021-08-19T08:23:37+00:00","breadcrumb":{"@id":"https:\/\/infoecos.com.ar\/index.php\/hoy-se-celebra-el-dia-mundial-del-fotografo\/#breadcrumb"},"inLanguage":"es","potentialAction":[{"@type":"ReadAction","target":["https:\/\/infoecos.com.ar\/index.php\/hoy-se-celebra-el-dia-mundial-del-fotografo\/"]}]},{"@type":"ImageObject","inLanguage":"es","@id":"https:\/\/infoecos.com.ar\/index.php\/hoy-se-celebra-el-dia-mundial-del-fotografo\/#primaryimage","url":"https:\/\/infoecos.com.ar\/wp-content\/uploads\/2021\/08\/MAQUINAFOTO.jpg","contentUrl":"https:\/\/infoecos.com.ar\/wp-content\/uploads\/2021\/08\/MAQUINAFOTO.jpg","width":450,"height":299},{"@type":"BreadcrumbList","@id":"https:\/\/infoecos.com.ar\/index.php\/hoy-se-celebra-el-dia-mundial-del-fotografo\/#breadcrumb","itemListElement":[{"@type":"ListItem","position":1,"name":"Portada","item":"https:\/\/infoecos.com.ar\/"},{"@type":"ListItem","position":2,"name":"Hoy se celebra el D\u00eda Mundial del Fot\u00f3grafo"}]},{"@type":"WebSite","@id":"https:\/\/infoecos.com.ar\/#website","url":"https:\/\/infoecos.com.ar\/","name":"Infoecos","description":"Noticias de trenque lauquen y la zona","publisher":{"@id":"https:\/\/infoecos.com.ar\/#organization"},"alternateName":"Noticias","potentialAction":[{"@type":"SearchAction","target":{"@type":"EntryPoint","urlTemplate":"https:\/\/infoecos.com.ar\/?s={search_term_string}"},"query-input":{"@type":"PropertyValueSpecification","valueRequired":true,"valueName":"search_term_string"}}],"inLanguage":"es"},{"@type":"Organization","@id":"https:\/\/infoecos.com.ar\/#organization","name":"Infoecos","alternateName":"Noticias","url":"https:\/\/infoecos.com.ar\/","logo":{"@type":"ImageObject","inLanguage":"es","@id":"https:\/\/infoecos.com.ar\/#\/schema\/logo\/image\/","url":"https:\/\/infoecos.com.ar\/wp-content\/uploads\/2024\/03\/cropped-logo.png","contentUrl":"https:\/\/infoecos.com.ar\/wp-content\/uploads\/2024\/03\/cropped-logo.png","width":374,"height":90,"caption":"Infoecos"},"image":{"@id":"https:\/\/infoecos.com.ar\/#\/schema\/logo\/image\/"},"sameAs":["https:\/\/www.facebook.com\/profile.php?id=100063200290284","https:\/\/x.com\/infoecos"]},{"@type":"Person","@id":"https:\/\/infoecos.com.ar\/#\/schema\/person\/8f5ace5ce73b4b4aac4b7245aee6f191","name":"Jorge Matheus","url":"https:\/\/infoecos.com.ar\/index.php\/author\/jomatheus\/"}]}},"featured_image_urls":{"full":["https:\/\/infoecos.com.ar\/wp-content\/uploads\/2021\/08\/MAQUINAFOTO.jpg",450,299,false],"thumbnail":["https:\/\/infoecos.com.ar\/wp-content\/uploads\/2021\/08\/MAQUINAFOTO-150x150.jpg",150,150,true],"medium":["https:\/\/infoecos.com.ar\/wp-content\/uploads\/2021\/08\/MAQUINAFOTO.jpg",450,299,false],"medium_large":["https:\/\/infoecos.com.ar\/wp-content\/uploads\/2021\/08\/MAQUINAFOTO.jpg",450,299,false],"large":["https:\/\/infoecos.com.ar\/wp-content\/uploads\/2021\/08\/MAQUINAFOTO.jpg",450,299,false],"1536x1536":["https:\/\/infoecos.com.ar\/wp-content\/uploads\/2021\/08\/MAQUINAFOTO.jpg",450,299,false],"2048x2048":["https:\/\/infoecos.com.ar\/wp-content\/uploads\/2021\/08\/MAQUINAFOTO.jpg",450,299,false],"covernews-slider-full":["https:\/\/infoecos.com.ar\/wp-content\/uploads\/2021\/08\/MAQUINAFOTO.jpg",450,299,false],"covernews-slider-center":["https:\/\/infoecos.com.ar\/wp-content\/uploads\/2021\/08\/MAQUINAFOTO.jpg",450,299,false],"covernews-featured":["https:\/\/infoecos.com.ar\/wp-content\/uploads\/2021\/08\/MAQUINAFOTO.jpg",450,299,false],"covernews-medium":["https:\/\/infoecos.com.ar\/wp-content\/uploads\/2021\/08\/MAQUINAFOTO.jpg",450,299,false],"covernews-medium-square":["https:\/\/infoecos.com.ar\/wp-content\/uploads\/2021\/08\/MAQUINAFOTO.jpg",376,250,false]},"author_info":{"info":["Jorge Matheus"]},"category_info":"<a href=\"https:\/\/infoecos.com.ar\/index.php\/category\/c1nota7\/\" rel=\"category tag\">C1 nota 7<\/a>","tag_info":"C1 nota 7","comment_count":"0","_links":{"self":[{"href":"https:\/\/infoecos.com.ar\/index.php\/wp-json\/wp\/v2\/posts\/83713"}],"collection":[{"href":"https:\/\/infoecos.com.ar\/index.php\/wp-json\/wp\/v2\/posts"}],"about":[{"href":"https:\/\/infoecos.com.ar\/index.php\/wp-json\/wp\/v2\/types\/post"}],"author":[{"embeddable":true,"href":"https:\/\/infoecos.com.ar\/index.php\/wp-json\/wp\/v2\/users\/2"}],"replies":[{"embeddable":true,"href":"https:\/\/infoecos.com.ar\/index.php\/wp-json\/wp\/v2\/comments?post=83713"}],"version-history":[{"count":2,"href":"https:\/\/infoecos.com.ar\/index.php\/wp-json\/wp\/v2\/posts\/83713\/revisions"}],"predecessor-version":[{"id":83730,"href":"https:\/\/infoecos.com.ar\/index.php\/wp-json\/wp\/v2\/posts\/83713\/revisions\/83730"}],"wp:featuredmedia":[{"embeddable":true,"href":"https:\/\/infoecos.com.ar\/index.php\/wp-json\/wp\/v2\/media\/83720"}],"wp:attachment":[{"href":"https:\/\/infoecos.com.ar\/index.php\/wp-json\/wp\/v2\/media?parent=83713"}],"wp:term":[{"taxonomy":"category","embeddable":true,"href":"https:\/\/infoecos.com.ar\/index.php\/wp-json\/wp\/v2\/categories?post=83713"},{"taxonomy":"post_tag","embeddable":true,"href":"https:\/\/infoecos.com.ar\/index.php\/wp-json\/wp\/v2\/tags?post=83713"}],"curies":[{"name":"wp","href":"https:\/\/api.w.org\/{rel}","templated":true}]}}