{"id":83754,"date":"2021-08-19T19:46:55","date_gmt":"2021-08-19T22:46:55","guid":{"rendered":"http:\/\/infoecos.com.ar\/?p=83754"},"modified":"2021-08-19T19:46:55","modified_gmt":"2021-08-19T22:46:55","slug":"la-intendenta-de-general-arenales-y-precandidata-a-senadora-por-la-4-destaco-la-gestion-de-miguel-fernandez","status":"publish","type":"post","link":"https:\/\/infoecos.com.ar\/index.php\/la-intendenta-de-general-arenales-y-precandidata-a-senadora-por-la-4-destaco-la-gestion-de-miguel-fernandez\/","title":{"rendered":"La Intendenta de General Arenales y precandidata a Senadora por la 4\u00b0 destac\u00f3 la gesti\u00f3n de Miguel Fern\u00e1ndez"},"content":{"rendered":"\n<p>Estuvo en Trenque Lauquen la intendenta municipal del distrito de General Arenales, Erica Revilla. Particip\u00f3 del acto de presentaci\u00f3n de la lista de precandidatos de <strong>#DarelPaso<\/strong> que encabeza Francisco Recoulat.<\/p>\n\n\n\n<p>Revilla es, adem\u00e1s, qui\u00e9n encabeza la lista de ese sector para Senadores Provinciales y vicepresidenta de la Uni\u00f3n C\u00edvica Radical de la provincia de Buenos Aires.<\/p>\n\n\n\n<div class=\"wp-block-image is-style-default\"><figure class=\"aligncenter size-medium\"><img loading=\"lazy\" decoding=\"async\" width=\"460\" height=\"416\" src=\"http:\/\/infoecos.com.ar\/wp-content\/uploads\/2021\/08\/PRESENTACION-Revilla-discurso-460x416.jpg\" alt=\"\" class=\"wp-image-83755\" srcset=\"https:\/\/infoecos.com.ar\/wp-content\/uploads\/2021\/08\/PRESENTACION-Revilla-discurso-460x416.jpg 460w, https:\/\/infoecos.com.ar\/wp-content\/uploads\/2021\/08\/PRESENTACION-Revilla-discurso.jpg 700w\" sizes=\"(max-width: 460px) 100vw, 460px\" \/><\/figure><\/div>\n\n\n\n<p>En un breve discurso que pronunci\u00f3 al cierre del acto, la dirigente de la 4\u00b0 Secci\u00f3n Electoral reconoci\u00f3 la gesti\u00f3n del gobierno municipal al se\u00f1alar que \u00abla calidad de vida que se ha logrado en Trenque Lauquen en estos a\u00f1os con el compromiso, el trabajo y el esfuerzo del equipo de gobierno de Miguel Fern\u00e1ndez y sus concejales y consejeros escolares\u00bb.<\/p>\n\n\n\n<p>Con m\u00e1s tono electoral, la Jefa Comunal de General Arenales apunt\u00f3 que \u201csomos apasionados, le ponemos el coraz\u00f3n, no descansamos porque siempre estamos atentos a las necesidades y urgencias de nuestros vecinos porque lo \u00fanico que tenemos como objetivo plural es el servicio p\u00fablico, transformar los municipios para vivir mejor\u201d. Cerr\u00f3 con una convocatoria: \u201ca so\u00f1ar, a la revoluci\u00f3n de las ideas, de la educaci\u00f3n como pilar fundamental. Vayamos todos juntos a dar el paso para seguir transformando el pa\u00eds, la provincia y cada uno de los municipios\u201d.<\/p>\n","protected":false},"excerpt":{"rendered":"<p>Particip\u00f3 del acto de presentaci\u00f3n de la lista de precandidatos de #DarelPaso que encabeza Francisco Recoulat<\/p>\n","protected":false},"author":2,"featured_media":83755,"comment_status":"closed","ping_status":"open","sticky":false,"template":"","format":"standard","meta":{"footnotes":""},"categories":[45],"tags":[4742],"class_list":["post-83754","post","type-post","status-publish","format-standard","has-post-thumbnail","hentry","category-c1nota2","tag-erica-revilla-estuvo-en-t-lauquen"],"yoast_head":"<!-- This site is optimized with the Yoast SEO plugin v23.4 - https:\/\/yoast.com\/wordpress\/plugins\/seo\/ -->\n<title>La Intendenta de General Arenales y precandidata a Senadora por la 4\u00b0 destac\u00f3 la gesti\u00f3n de Miguel Fern\u00e1ndez - Infoecos<\/title>\n<meta name=\"robots\" content=\"index, follow, max-snippet:-1, max-image-preview:large, max-video-preview:-1\" \/>\n<link rel=\"canonical\" href=\"https:\/\/infoecos.com.ar\/index.php\/la-intendenta-de-general-arenales-y-precandidata-a-senadora-por-la-4-destaco-la-gestion-de-miguel-fernandez\/\" \/>\n<meta property=\"og:locale\" content=\"es_ES\" \/>\n<meta property=\"og:type\" content=\"article\" \/>\n<meta property=\"og:title\" content=\"La Intendenta de General Arenales y precandidata a Senadora por la 4\u00b0 destac\u00f3 la gesti\u00f3n de Miguel Fern\u00e1ndez - Infoecos\" \/>\n<meta property=\"og:description\" content=\"Particip\u00f3 del acto de presentaci\u00f3n de la lista de precandidatos de #DarelPaso que encabeza Francisco Recoulat\" \/>\n<meta property=\"og:url\" content=\"https:\/\/infoecos.com.ar\/index.php\/la-intendenta-de-general-arenales-y-precandidata-a-senadora-por-la-4-destaco-la-gestion-de-miguel-fernandez\/\" \/>\n<meta property=\"og:site_name\" content=\"Infoecos\" \/>\n<meta property=\"article:publisher\" content=\"https:\/\/www.facebook.com\/profile.php?id=100063200290284\" \/>\n<meta property=\"article:published_time\" content=\"2021-08-19T22:46:55+00:00\" \/>\n<meta property=\"og:image\" content=\"https:\/\/infoecos.com.ar\/wp-content\/uploads\/2021\/08\/PRESENTACION-Revilla-discurso.jpg\" \/>\n\t<meta property=\"og:image:width\" content=\"700\" \/>\n\t<meta property=\"og:image:height\" content=\"633\" \/>\n\t<meta property=\"og:image:type\" content=\"image\/jpeg\" \/>\n<meta name=\"author\" content=\"Jorge Matheus\" \/>\n<meta name=\"twitter:card\" content=\"summary_large_image\" \/>\n<meta name=\"twitter:creator\" content=\"@infoecos\" \/>\n<meta name=\"twitter:site\" content=\"@infoecos\" \/>\n<meta name=\"twitter:label1\" content=\"Escrito por\" \/>\n\t<meta name=\"twitter:data1\" content=\"Jorge Matheus\" \/>\n\t<meta name=\"twitter:label2\" content=\"Tiempo de lectura\" \/>\n\t<meta name=\"twitter:data2\" content=\"1 minuto\" \/>\n<script type=\"application\/ld+json\" class=\"yoast-schema-graph\">{\"@context\":\"https:\/\/schema.org\",\"@graph\":[{\"@type\":\"Article\",\"@id\":\"https:\/\/infoecos.com.ar\/index.php\/la-intendenta-de-general-arenales-y-precandidata-a-senadora-por-la-4-destaco-la-gestion-de-miguel-fernandez\/#article\",\"isPartOf\":{\"@id\":\"https:\/\/infoecos.com.ar\/index.php\/la-intendenta-de-general-arenales-y-precandidata-a-senadora-por-la-4-destaco-la-gestion-de-miguel-fernandez\/\"},\"author\":{\"name\":\"Jorge Matheus\",\"@id\":\"https:\/\/infoecos.com.ar\/#\/schema\/person\/8f5ace5ce73b4b4aac4b7245aee6f191\"},\"headline\":\"La Intendenta de General Arenales y precandidata a Senadora por la 4\u00b0 destac\u00f3 la gesti\u00f3n de Miguel Fern\u00e1ndez\",\"datePublished\":\"2021-08-19T22:46:55+00:00\",\"dateModified\":\"2021-08-19T22:46:55+00:00\",\"mainEntityOfPage\":{\"@id\":\"https:\/\/infoecos.com.ar\/index.php\/la-intendenta-de-general-arenales-y-precandidata-a-senadora-por-la-4-destaco-la-gestion-de-miguel-fernandez\/\"},\"wordCount\":240,\"publisher\":{\"@id\":\"https:\/\/infoecos.com.ar\/#organization\"},\"image\":{\"@id\":\"https:\/\/infoecos.com.ar\/index.php\/la-intendenta-de-general-arenales-y-precandidata-a-senadora-por-la-4-destaco-la-gestion-de-miguel-fernandez\/#primaryimage\"},\"thumbnailUrl\":\"https:\/\/infoecos.com.ar\/wp-content\/uploads\/2021\/08\/PRESENTACION-Revilla-discurso.jpg\",\"keywords\":[\"ERICA REVILLA ESTUVO EN T.LAUQUEN\"],\"articleSection\":[\"C1 N2\"],\"inLanguage\":\"es\"},{\"@type\":\"WebPage\",\"@id\":\"https:\/\/infoecos.com.ar\/index.php\/la-intendenta-de-general-arenales-y-precandidata-a-senadora-por-la-4-destaco-la-gestion-de-miguel-fernandez\/\",\"url\":\"https:\/\/infoecos.com.ar\/index.php\/la-intendenta-de-general-arenales-y-precandidata-a-senadora-por-la-4-destaco-la-gestion-de-miguel-fernandez\/\",\"name\":\"La Intendenta de General Arenales y precandidata a Senadora por la 4\u00b0 destac\u00f3 la gesti\u00f3n de Miguel Fern\u00e1ndez - Infoecos\",\"isPartOf\":{\"@id\":\"https:\/\/infoecos.com.ar\/#website\"},\"primaryImageOfPage\":{\"@id\":\"https:\/\/infoecos.com.ar\/index.php\/la-intendenta-de-general-arenales-y-precandidata-a-senadora-por-la-4-destaco-la-gestion-de-miguel-fernandez\/#primaryimage\"},\"image\":{\"@id\":\"https:\/\/infoecos.com.ar\/index.php\/la-intendenta-de-general-arenales-y-precandidata-a-senadora-por-la-4-destaco-la-gestion-de-miguel-fernandez\/#primaryimage\"},\"thumbnailUrl\":\"https:\/\/infoecos.com.ar\/wp-content\/uploads\/2021\/08\/PRESENTACION-Revilla-discurso.jpg\",\"datePublished\":\"2021-08-19T22:46:55+00:00\",\"dateModified\":\"2021-08-19T22:46:55+00:00\",\"breadcrumb\":{\"@id\":\"https:\/\/infoecos.com.ar\/index.php\/la-intendenta-de-general-arenales-y-precandidata-a-senadora-por-la-4-destaco-la-gestion-de-miguel-fernandez\/#breadcrumb\"},\"inLanguage\":\"es\",\"potentialAction\":[{\"@type\":\"ReadAction\",\"target\":[\"https:\/\/infoecos.com.ar\/index.php\/la-intendenta-de-general-arenales-y-precandidata-a-senadora-por-la-4-destaco-la-gestion-de-miguel-fernandez\/\"]}]},{\"@type\":\"ImageObject\",\"inLanguage\":\"es\",\"@id\":\"https:\/\/infoecos.com.ar\/index.php\/la-intendenta-de-general-arenales-y-precandidata-a-senadora-por-la-4-destaco-la-gestion-de-miguel-fernandez\/#primaryimage\",\"url\":\"https:\/\/infoecos.com.ar\/wp-content\/uploads\/2021\/08\/PRESENTACION-Revilla-discurso.jpg\",\"contentUrl\":\"https:\/\/infoecos.com.ar\/wp-content\/uploads\/2021\/08\/PRESENTACION-Revilla-discurso.jpg\",\"width\":700,\"height\":633},{\"@type\":\"BreadcrumbList\",\"@id\":\"https:\/\/infoecos.com.ar\/index.php\/la-intendenta-de-general-arenales-y-precandidata-a-senadora-por-la-4-destaco-la-gestion-de-miguel-fernandez\/#breadcrumb\",\"itemListElement\":[{\"@type\":\"ListItem\",\"position\":1,\"name\":\"Portada\",\"item\":\"https:\/\/infoecos.com.ar\/\"},{\"@type\":\"ListItem\",\"position\":2,\"name\":\"La Intendenta de General Arenales y precandidata a Senadora por la 4\u00b0 destac\u00f3 la gesti\u00f3n de Miguel Fern\u00e1ndez\"}]},{\"@type\":\"WebSite\",\"@id\":\"https:\/\/infoecos.com.ar\/#website\",\"url\":\"https:\/\/infoecos.com.ar\/\",\"name\":\"Infoecos\",\"description\":\"Noticias de trenque lauquen y la zona\",\"publisher\":{\"@id\":\"https:\/\/infoecos.com.ar\/#organization\"},\"alternateName\":\"Noticias\",\"potentialAction\":[{\"@type\":\"SearchAction\",\"target\":{\"@type\":\"EntryPoint\",\"urlTemplate\":\"https:\/\/infoecos.com.ar\/?s={search_term_string}\"},\"query-input\":{\"@type\":\"PropertyValueSpecification\",\"valueRequired\":true,\"valueName\":\"search_term_string\"}}],\"inLanguage\":\"es\"},{\"@type\":\"Organization\",\"@id\":\"https:\/\/infoecos.com.ar\/#organization\",\"name\":\"Infoecos\",\"alternateName\":\"Noticias\",\"url\":\"https:\/\/infoecos.com.ar\/\",\"logo\":{\"@type\":\"ImageObject\",\"inLanguage\":\"es\",\"@id\":\"https:\/\/infoecos.com.ar\/#\/schema\/logo\/image\/\",\"url\":\"https:\/\/infoecos.com.ar\/wp-content\/uploads\/2024\/03\/cropped-logo.png\",\"contentUrl\":\"https:\/\/infoecos.com.ar\/wp-content\/uploads\/2024\/03\/cropped-logo.png\",\"width\":374,\"height\":90,\"caption\":\"Infoecos\"},\"image\":{\"@id\":\"https:\/\/infoecos.com.ar\/#\/schema\/logo\/image\/\"},\"sameAs\":[\"https:\/\/www.facebook.com\/profile.php?id=100063200290284\",\"https:\/\/x.com\/infoecos\"]},{\"@type\":\"Person\",\"@id\":\"https:\/\/infoecos.com.ar\/#\/schema\/person\/8f5ace5ce73b4b4aac4b7245aee6f191\",\"name\":\"Jorge Matheus\",\"url\":\"https:\/\/infoecos.com.ar\/index.php\/author\/jomatheus\/\"}]}<\/script>\n<!-- \/ Yoast SEO plugin. -->","yoast_head_json":{"title":"La Intendenta de General Arenales y precandidata a Senadora por la 4\u00b0 destac\u00f3 la gesti\u00f3n de Miguel Fern\u00e1ndez - Infoecos","robots":{"index":"index","follow":"follow","max-snippet":"max-snippet:-1","max-image-preview":"max-image-preview:large","max-video-preview":"max-video-preview:-1"},"canonical":"https:\/\/infoecos.com.ar\/index.php\/la-intendenta-de-general-arenales-y-precandidata-a-senadora-por-la-4-destaco-la-gestion-de-miguel-fernandez\/","og_locale":"es_ES","og_type":"article","og_title":"La Intendenta de General Arenales y precandidata a Senadora por la 4\u00b0 destac\u00f3 la gesti\u00f3n de Miguel Fern\u00e1ndez - Infoecos","og_description":"Particip\u00f3 del acto de presentaci\u00f3n de la lista de precandidatos de #DarelPaso que encabeza Francisco Recoulat","og_url":"https:\/\/infoecos.com.ar\/index.php\/la-intendenta-de-general-arenales-y-precandidata-a-senadora-por-la-4-destaco-la-gestion-de-miguel-fernandez\/","og_site_name":"Infoecos","article_publisher":"https:\/\/www.facebook.com\/profile.php?id=100063200290284","article_published_time":"2021-08-19T22:46:55+00:00","og_image":[{"width":700,"height":633,"url":"https:\/\/infoecos.com.ar\/wp-content\/uploads\/2021\/08\/PRESENTACION-Revilla-discurso.jpg","type":"image\/jpeg"}],"author":"Jorge Matheus","twitter_card":"summary_large_image","twitter_creator":"@infoecos","twitter_site":"@infoecos","twitter_misc":{"Escrito por":"Jorge Matheus","Tiempo de lectura":"1 minuto"},"schema":{"@context":"https:\/\/schema.org","@graph":[{"@type":"Article","@id":"https:\/\/infoecos.com.ar\/index.php\/la-intendenta-de-general-arenales-y-precandidata-a-senadora-por-la-4-destaco-la-gestion-de-miguel-fernandez\/#article","isPartOf":{"@id":"https:\/\/infoecos.com.ar\/index.php\/la-intendenta-de-general-arenales-y-precandidata-a-senadora-por-la-4-destaco-la-gestion-de-miguel-fernandez\/"},"author":{"name":"Jorge Matheus","@id":"https:\/\/infoecos.com.ar\/#\/schema\/person\/8f5ace5ce73b4b4aac4b7245aee6f191"},"headline":"La Intendenta de General Arenales y precandidata a Senadora por la 4\u00b0 destac\u00f3 la gesti\u00f3n de Miguel Fern\u00e1ndez","datePublished":"2021-08-19T22:46:55+00:00","dateModified":"2021-08-19T22:46:55+00:00","mainEntityOfPage":{"@id":"https:\/\/infoecos.com.ar\/index.php\/la-intendenta-de-general-arenales-y-precandidata-a-senadora-por-la-4-destaco-la-gestion-de-miguel-fernandez\/"},"wordCount":240,"publisher":{"@id":"https:\/\/infoecos.com.ar\/#organization"},"image":{"@id":"https:\/\/infoecos.com.ar\/index.php\/la-intendenta-de-general-arenales-y-precandidata-a-senadora-por-la-4-destaco-la-gestion-de-miguel-fernandez\/#primaryimage"},"thumbnailUrl":"https:\/\/infoecos.com.ar\/wp-content\/uploads\/2021\/08\/PRESENTACION-Revilla-discurso.jpg","keywords":["ERICA REVILLA ESTUVO EN T.LAUQUEN"],"articleSection":["C1 N2"],"inLanguage":"es"},{"@type":"WebPage","@id":"https:\/\/infoecos.com.ar\/index.php\/la-intendenta-de-general-arenales-y-precandidata-a-senadora-por-la-4-destaco-la-gestion-de-miguel-fernandez\/","url":"https:\/\/infoecos.com.ar\/index.php\/la-intendenta-de-general-arenales-y-precandidata-a-senadora-por-la-4-destaco-la-gestion-de-miguel-fernandez\/","name":"La Intendenta de General Arenales y precandidata a Senadora por la 4\u00b0 destac\u00f3 la gesti\u00f3n de Miguel Fern\u00e1ndez - Infoecos","isPartOf":{"@id":"https:\/\/infoecos.com.ar\/#website"},"primaryImageOfPage":{"@id":"https:\/\/infoecos.com.ar\/index.php\/la-intendenta-de-general-arenales-y-precandidata-a-senadora-por-la-4-destaco-la-gestion-de-miguel-fernandez\/#primaryimage"},"image":{"@id":"https:\/\/infoecos.com.ar\/index.php\/la-intendenta-de-general-arenales-y-precandidata-a-senadora-por-la-4-destaco-la-gestion-de-miguel-fernandez\/#primaryimage"},"thumbnailUrl":"https:\/\/infoecos.com.ar\/wp-content\/uploads\/2021\/08\/PRESENTACION-Revilla-discurso.jpg","datePublished":"2021-08-19T22:46:55+00:00","dateModified":"2021-08-19T22:46:55+00:00","breadcrumb":{"@id":"https:\/\/infoecos.com.ar\/index.php\/la-intendenta-de-general-arenales-y-precandidata-a-senadora-por-la-4-destaco-la-gestion-de-miguel-fernandez\/#breadcrumb"},"inLanguage":"es","potentialAction":[{"@type":"ReadAction","target":["https:\/\/infoecos.com.ar\/index.php\/la-intendenta-de-general-arenales-y-precandidata-a-senadora-por-la-4-destaco-la-gestion-de-miguel-fernandez\/"]}]},{"@type":"ImageObject","inLanguage":"es","@id":"https:\/\/infoecos.com.ar\/index.php\/la-intendenta-de-general-arenales-y-precandidata-a-senadora-por-la-4-destaco-la-gestion-de-miguel-fernandez\/#primaryimage","url":"https:\/\/infoecos.com.ar\/wp-content\/uploads\/2021\/08\/PRESENTACION-Revilla-discurso.jpg","contentUrl":"https:\/\/infoecos.com.ar\/wp-content\/uploads\/2021\/08\/PRESENTACION-Revilla-discurso.jpg","width":700,"height":633},{"@type":"BreadcrumbList","@id":"https:\/\/infoecos.com.ar\/index.php\/la-intendenta-de-general-arenales-y-precandidata-a-senadora-por-la-4-destaco-la-gestion-de-miguel-fernandez\/#breadcrumb","itemListElement":[{"@type":"ListItem","position":1,"name":"Portada","item":"https:\/\/infoecos.com.ar\/"},{"@type":"ListItem","position":2,"name":"La Intendenta de General Arenales y precandidata a Senadora por la 4\u00b0 destac\u00f3 la gesti\u00f3n de Miguel Fern\u00e1ndez"}]},{"@type":"WebSite","@id":"https:\/\/infoecos.com.ar\/#website","url":"https:\/\/infoecos.com.ar\/","name":"Infoecos","description":"Noticias de trenque lauquen y la zona","publisher":{"@id":"https:\/\/infoecos.com.ar\/#organization"},"alternateName":"Noticias","potentialAction":[{"@type":"SearchAction","target":{"@type":"EntryPoint","urlTemplate":"https:\/\/infoecos.com.ar\/?s={search_term_string}"},"query-input":{"@type":"PropertyValueSpecification","valueRequired":true,"valueName":"search_term_string"}}],"inLanguage":"es"},{"@type":"Organization","@id":"https:\/\/infoecos.com.ar\/#organization","name":"Infoecos","alternateName":"Noticias","url":"https:\/\/infoecos.com.ar\/","logo":{"@type":"ImageObject","inLanguage":"es","@id":"https:\/\/infoecos.com.ar\/#\/schema\/logo\/image\/","url":"https:\/\/infoecos.com.ar\/wp-content\/uploads\/2024\/03\/cropped-logo.png","contentUrl":"https:\/\/infoecos.com.ar\/wp-content\/uploads\/2024\/03\/cropped-logo.png","width":374,"height":90,"caption":"Infoecos"},"image":{"@id":"https:\/\/infoecos.com.ar\/#\/schema\/logo\/image\/"},"sameAs":["https:\/\/www.facebook.com\/profile.php?id=100063200290284","https:\/\/x.com\/infoecos"]},{"@type":"Person","@id":"https:\/\/infoecos.com.ar\/#\/schema\/person\/8f5ace5ce73b4b4aac4b7245aee6f191","name":"Jorge Matheus","url":"https:\/\/infoecos.com.ar\/index.php\/author\/jomatheus\/"}]}},"featured_image_urls":{"full":["https:\/\/infoecos.com.ar\/wp-content\/uploads\/2021\/08\/PRESENTACION-Revilla-discurso.jpg",700,633,false],"thumbnail":["https:\/\/infoecos.com.ar\/wp-content\/uploads\/2021\/08\/PRESENTACION-Revilla-discurso-150x150.jpg",150,150,true],"medium":["https:\/\/infoecos.com.ar\/wp-content\/uploads\/2021\/08\/PRESENTACION-Revilla-discurso-460x416.jpg",460,416,true],"medium_large":["https:\/\/infoecos.com.ar\/wp-content\/uploads\/2021\/08\/PRESENTACION-Revilla-discurso.jpg",640,579,false],"large":["https:\/\/infoecos.com.ar\/wp-content\/uploads\/2021\/08\/PRESENTACION-Revilla-discurso.jpg",640,579,false],"1536x1536":["https:\/\/infoecos.com.ar\/wp-content\/uploads\/2021\/08\/PRESENTACION-Revilla-discurso.jpg",700,633,false],"2048x2048":["https:\/\/infoecos.com.ar\/wp-content\/uploads\/2021\/08\/PRESENTACION-Revilla-discurso.jpg",700,633,false],"covernews-slider-full":["https:\/\/infoecos.com.ar\/wp-content\/uploads\/2021\/08\/PRESENTACION-Revilla-discurso.jpg",700,633,false],"covernews-slider-center":["https:\/\/infoecos.com.ar\/wp-content\/uploads\/2021\/08\/PRESENTACION-Revilla-discurso.jpg",553,500,false],"covernews-featured":["https:\/\/infoecos.com.ar\/wp-content\/uploads\/2021\/08\/PRESENTACION-Revilla-discurso.jpg",700,633,false],"covernews-medium":["https:\/\/infoecos.com.ar\/wp-content\/uploads\/2021\/08\/PRESENTACION-Revilla-discurso-700x380.jpg",540,293,true],"covernews-medium-square":["https:\/\/infoecos.com.ar\/wp-content\/uploads\/2021\/08\/PRESENTACION-Revilla-discurso-675x450.jpg",375,250,true]},"author_info":{"info":["Jorge Matheus"]},"category_info":"<a href=\"https:\/\/infoecos.com.ar\/index.php\/category\/c1nota2\/\" rel=\"category tag\">C1 N2<\/a>","tag_info":"C1 N2","comment_count":"0","_links":{"self":[{"href":"https:\/\/infoecos.com.ar\/index.php\/wp-json\/wp\/v2\/posts\/83754"}],"collection":[{"href":"https:\/\/infoecos.com.ar\/index.php\/wp-json\/wp\/v2\/posts"}],"about":[{"href":"https:\/\/infoecos.com.ar\/index.php\/wp-json\/wp\/v2\/types\/post"}],"author":[{"embeddable":true,"href":"https:\/\/infoecos.com.ar\/index.php\/wp-json\/wp\/v2\/users\/2"}],"replies":[{"embeddable":true,"href":"https:\/\/infoecos.com.ar\/index.php\/wp-json\/wp\/v2\/comments?post=83754"}],"version-history":[{"count":1,"href":"https:\/\/infoecos.com.ar\/index.php\/wp-json\/wp\/v2\/posts\/83754\/revisions"}],"predecessor-version":[{"id":83756,"href":"https:\/\/infoecos.com.ar\/index.php\/wp-json\/wp\/v2\/posts\/83754\/revisions\/83756"}],"wp:featuredmedia":[{"embeddable":true,"href":"https:\/\/infoecos.com.ar\/index.php\/wp-json\/wp\/v2\/media\/83755"}],"wp:attachment":[{"href":"https:\/\/infoecos.com.ar\/index.php\/wp-json\/wp\/v2\/media?parent=83754"}],"wp:term":[{"taxonomy":"category","embeddable":true,"href":"https:\/\/infoecos.com.ar\/index.php\/wp-json\/wp\/v2\/categories?post=83754"},{"taxonomy":"post_tag","embeddable":true,"href":"https:\/\/infoecos.com.ar\/index.php\/wp-json\/wp\/v2\/tags?post=83754"}],"curies":[{"name":"wp","href":"https:\/\/api.w.org\/{rel}","templated":true}]}}