{"id":83757,"date":"2021-08-19T19:55:36","date_gmt":"2021-08-19T22:55:36","guid":{"rendered":"http:\/\/infoecos.com.ar\/?p=83757"},"modified":"2021-08-19T19:55:37","modified_gmt":"2021-08-19T22:55:37","slug":"este-viernes-se-vacuna-en-30-de-agosto-a-partir-de-las-9-horas","status":"publish","type":"post","link":"https:\/\/infoecos.com.ar\/index.php\/este-viernes-se-vacuna-en-30-de-agosto-a-partir-de-las-9-horas\/","title":{"rendered":"Este viernes se vacuna en 30 de Agosto, a partir de las 9 horas"},"content":{"rendered":"\n<p class=\"wp-block-paragraph\">Este viernes vuelve a vacunarse en la ciudad de 30 de Agosto.<\/p>\n\n\n\n<p class=\"wp-block-paragraph\">La informaci\u00f3n proporcionada por Leticia Badino, m\u00e1xima responsable de la ejecuci\u00f3n del plan en el distrito, indica que ser\u00e1 desde las 9 horas.<\/p>\n\n\n\n<div class=\"wp-block-image is-style-default\"><figure class=\"aligncenter size-medium\"><img loading=\"lazy\" decoding=\"async\" width=\"460\" height=\"307\" src=\"http:\/\/infoecos.com.ar\/wp-content\/uploads\/2021\/06\/vacunacion30deagostoleticias-460x307.jpg\" alt=\"\" class=\"wp-image-80349\" srcset=\"https:\/\/infoecos.com.ar\/wp-content\/uploads\/2021\/06\/vacunacion30deagostoleticias-460x307.jpg 460w, https:\/\/infoecos.com.ar\/wp-content\/uploads\/2021\/06\/vacunacion30deagostoleticias-920x613.jpg 920w, https:\/\/infoecos.com.ar\/wp-content\/uploads\/2021\/06\/vacunacion30deagostoleticias-768x512.jpg 768w, https:\/\/infoecos.com.ar\/wp-content\/uploads\/2021\/06\/vacunacion30deagostoleticias-675x450.jpg 675w, https:\/\/infoecos.com.ar\/wp-content\/uploads\/2021\/06\/vacunacion30deagostoleticias.jpg 960w\" sizes=\"auto, (max-width: 460px) 100vw, 460px\" \/><\/figure><\/div>\n\n\n\n<p class=\"wp-block-paragraph\">Se inocular\u00e1 a personas con turno o turno vencido, y por n\u00famero de DNI, con Astrazeneca y Sinopharm, en instalaciones del Club Deportivo Argentino.<\/p>\n\n\n\n<ul class=\"wp-block-list\"><li>2das dosis de Astrazeneca para quienes recibieron la 1era de Sputnik o Astrazeneca.<\/li><li>2da dosis de Sinopharm para quienes recibieron 1era de Sinopharm.<\/li><li> De 15 a 16 hs, primeras dosis libres para mayores de 18 a\u00f1os, con DNI.<\/li><\/ul>\n","protected":false},"excerpt":{"rendered":"<p>Se inocular\u00e1 a personas con turno o turno vencido, y por n\u00famero de DNI, con Astrazeneca y Sinopharm<\/p>\n","protected":false},"author":2,"featured_media":82440,"comment_status":"closed","ping_status":"open","sticky":false,"template":"","format":"standard","meta":{"footnotes":""},"categories":[46],"tags":[4743],"class_list":["post-83757","post","type-post","status-publish","format-standard","has-post-thumbnail","hentry","category-c2nota2","tag-en-instalaciones-de-deportivo-argentino"],"featured_image_urls":{"full":["https:\/\/infoecos.com.ar\/wp-content\/uploads\/2021\/08\/vacunacion3082.jpg",960,640,false],"thumbnail":["https:\/\/infoecos.com.ar\/wp-content\/uploads\/2021\/08\/vacunacion3082-150x150.jpg",150,150,true],"medium":["https:\/\/infoecos.com.ar\/wp-content\/uploads\/2021\/08\/vacunacion3082-460x307.jpg",460,307,true],"medium_large":["https:\/\/infoecos.com.ar\/wp-content\/uploads\/2021\/08\/vacunacion3082-768x512.jpg",640,427,true],"large":["https:\/\/infoecos.com.ar\/wp-content\/uploads\/2021\/08\/vacunacion3082-920x613.jpg",640,426,true],"1536x1536":["https:\/\/infoecos.com.ar\/wp-content\/uploads\/2021\/08\/vacunacion3082.jpg",960,640,false],"2048x2048":["https:\/\/infoecos.com.ar\/wp-content\/uploads\/2021\/08\/vacunacion3082.jpg",960,640,false],"covernews-slider-full":["https:\/\/infoecos.com.ar\/wp-content\/uploads\/2021\/08\/vacunacion3082.jpg",960,640,false],"covernews-slider-center":["https:\/\/infoecos.com.ar\/wp-content\/uploads\/2021\/08\/vacunacion3082-936x640.jpg",731,500,true],"covernews-featured":["https:\/\/infoecos.com.ar\/wp-content\/uploads\/2021\/08\/vacunacion3082.jpg",960,640,false],"covernews-medium":["https:\/\/infoecos.com.ar\/wp-content\/uploads\/2021\/08\/vacunacion3082-720x380.jpg",540,285,true],"covernews-medium-square":["https:\/\/infoecos.com.ar\/wp-content\/uploads\/2021\/08\/vacunacion3082-675x450.jpg",375,250,true]},"author_info":{"info":["Jorge Matheus"]},"category_info":"<a href=\"https:\/\/infoecos.com.ar\/index.php\/category\/c2nota2\/\" rel=\"category tag\">C2 N2<\/a>","tag_info":"C2 N2","comment_count":"0","_links":{"self":[{"href":"https:\/\/infoecos.com.ar\/index.php\/wp-json\/wp\/v2\/posts\/83757","targetHints":{"allow":["GET"]}}],"collection":[{"href":"https:\/\/infoecos.com.ar\/index.php\/wp-json\/wp\/v2\/posts"}],"about":[{"href":"https:\/\/infoecos.com.ar\/index.php\/wp-json\/wp\/v2\/types\/post"}],"author":[{"embeddable":true,"href":"https:\/\/infoecos.com.ar\/index.php\/wp-json\/wp\/v2\/users\/2"}],"replies":[{"embeddable":true,"href":"https:\/\/infoecos.com.ar\/index.php\/wp-json\/wp\/v2\/comments?post=83757"}],"version-history":[{"count":1,"href":"https:\/\/infoecos.com.ar\/index.php\/wp-json\/wp\/v2\/posts\/83757\/revisions"}],"predecessor-version":[{"id":83758,"href":"https:\/\/infoecos.com.ar\/index.php\/wp-json\/wp\/v2\/posts\/83757\/revisions\/83758"}],"wp:featuredmedia":[{"embeddable":true,"href":"https:\/\/infoecos.com.ar\/index.php\/wp-json\/wp\/v2\/media\/82440"}],"wp:attachment":[{"href":"https:\/\/infoecos.com.ar\/index.php\/wp-json\/wp\/v2\/media?parent=83757"}],"wp:term":[{"taxonomy":"category","embeddable":true,"href":"https:\/\/infoecos.com.ar\/index.php\/wp-json\/wp\/v2\/categories?post=83757"},{"taxonomy":"post_tag","embeddable":true,"href":"https:\/\/infoecos.com.ar\/index.php\/wp-json\/wp\/v2\/tags?post=83757"}],"curies":[{"name":"wp","href":"https:\/\/api.w.org\/{rel}","templated":true}]}}