{"id":83759,"date":"2021-08-20T05:21:41","date_gmt":"2021-08-20T08:21:41","guid":{"rendered":"http:\/\/infoecos.com.ar\/?p=83759"},"modified":"2021-08-23T07:30:54","modified_gmt":"2021-08-23T10:30:54","slug":"los-diputados-bonaerenses-en-sesion-realizada-ayer-autorizaron-a-kicilof-para-que-adquiera-vacunas-pediatricas","status":"publish","type":"post","link":"https:\/\/infoecos.com.ar\/index.php\/los-diputados-bonaerenses-en-sesion-realizada-ayer-autorizaron-a-kicilof-para-que-adquiera-vacunas-pediatricas\/","title":{"rendered":"Los diputados bonaerenses autorizaron a Kicilof para que adquiera vacunas pedi\u00e1tricas"},"content":{"rendered":"\n<p class=\"wp-block-paragraph\">La C\u00e1mara de Diputados de la provincia de Bueno Aires aprob\u00f3&nbsp;este jueves  la adhesi\u00f3n a art\u00edculos de la Ley Nacional 27.573 de vacunas contra el coronavirus, para habilitar la adquisici\u00f3n de vacunas pedri\u00e1tricas destinadas a la inmunizaci\u00f3n de ni\u00f1os, ni\u00f1as y adolescentes menores de 18 a\u00f1os. <\/p>\n\n\n\n<div class=\"wp-block-image is-style-default\"><figure class=\"aligncenter size-medium\"><img loading=\"lazy\" decoding=\"async\" width=\"460\" height=\"307\" src=\"http:\/\/infoecos.com.ar\/wp-content\/uploads\/2021\/08\/camaradiputadosbs-460x307.jpg\" alt=\"\" class=\"wp-image-83760\" srcset=\"https:\/\/infoecos.com.ar\/wp-content\/uploads\/2021\/08\/camaradiputadosbs-460x307.jpg 460w, https:\/\/infoecos.com.ar\/wp-content\/uploads\/2021\/08\/camaradiputadosbs-675x450.jpg 675w, https:\/\/infoecos.com.ar\/wp-content\/uploads\/2021\/08\/camaradiputadosbs.jpg 680w\" sizes=\"auto, (max-width: 460px) 100vw, 460px\" \/><\/figure><\/div>\n\n\n\n<p class=\"wp-block-paragraph\">Entre los&nbsp;puntos sobresalientes&nbsp;del \u201cmarco legal para la protecci\u00f3n de los ni\u00f1os, las ni\u00f1as y adolescentes\u201d se encuentran la&nbsp;creaci\u00f3n de un fondo de reparaci\u00f3n COVID-19, la quita de la palabra \u201cnegligencia\u201d de la ley de vacunas, el reemplazo de los t\u00e9rminos \u201cmaniobras fraudulentas y conductas maliciosas\u201d por \u201cconductas dolosas\u201d y la inmunidad de los bienes del Estado.<\/p>\n\n\n\n<p class=\"wp-block-paragraph\">En ese sentido,&nbsp;la normativa tambi\u00e9n detalla los alcances del fondo de reparaci\u00f3n, establece los potenciales beneficiarios y determina c\u00f3mo ser\u00e1n los pagos en caso de ser necesarios.<\/p>\n\n\n\n<p class=\"wp-block-paragraph\">Hasta el momento en territorio bonaerense se vacunaron a 89.698 chicos y chicas, lo que representa el 52,09% de los 172.214 inscriptos.<\/p>\n\n\n\n<figure class=\"wp-block-embed is-type-rich is-provider-twitter wp-block-embed-twitter\"><div class=\"wp-block-embed__wrapper\">\n<blockquote class=\"twitter-tweet\" data-width=\"550\" data-dnt=\"true\"><p lang=\"es\" dir=\"ltr\"><a href=\"https:\/\/twitter.com\/hashtag\/Ahora?src=hash&amp;ref_src=twsrc%5Etfw\">#Ahora<\/a> | Se aprob\u00f3 la adhesi\u00f3n a la Ley Nacional de Vacunas y los decretos nacionales regulatorios, tendientes a la adquisici\u00f3n de vacunas para la protecci\u00f3n de ni\u00f1os, ni\u00f1as y adolescentes. <a href=\"https:\/\/t.co\/Jw6DYjh5El\">pic.twitter.com\/Jw6DYjh5El<\/a><\/p>&mdash; Diputados BA (@HCDiputadosBA) <a href=\"https:\/\/twitter.com\/HCDiputadosBA\/status\/1428465168959279104?ref_src=twsrc%5Etfw\">August 19, 2021<\/a><\/blockquote><script async src=\"https:\/\/platform.twitter.com\/widgets.js\" charset=\"utf-8\"><\/script>\n<\/div><\/figure>\n","protected":false},"excerpt":{"rendered":"<p>Hasta el momento en territorio bonaerense se vacunaron a 89.698 chicos y chicas, lo que representa el 52,09% de los 172.214 inscriptos<\/p>\n","protected":false},"author":2,"featured_media":83760,"comment_status":"closed","ping_status":"open","sticky":false,"template":"","format":"standard","meta":{"footnotes":""},"categories":[1327,1331],"tags":[4745],"class_list":["post-83759","post","type-post","status-publish","format-standard","has-post-thumbnail","hentry","category-audio","category-inferior11","tag-ninas-ninos-adolescentes-menores-de-18-anos"],"featured_image_urls":{"full":["https:\/\/infoecos.com.ar\/wp-content\/uploads\/2021\/08\/camaradiputadosbs.jpg",680,454,false],"thumbnail":["https:\/\/infoecos.com.ar\/wp-content\/uploads\/2021\/08\/camaradiputadosbs-150x150.jpg",150,150,true],"medium":["https:\/\/infoecos.com.ar\/wp-content\/uploads\/2021\/08\/camaradiputadosbs-460x307.jpg",460,307,true],"medium_large":["https:\/\/infoecos.com.ar\/wp-content\/uploads\/2021\/08\/camaradiputadosbs.jpg",640,427,false],"large":["https:\/\/infoecos.com.ar\/wp-content\/uploads\/2021\/08\/camaradiputadosbs.jpg",640,427,false],"1536x1536":["https:\/\/infoecos.com.ar\/wp-content\/uploads\/2021\/08\/camaradiputadosbs.jpg",680,454,false],"2048x2048":["https:\/\/infoecos.com.ar\/wp-content\/uploads\/2021\/08\/camaradiputadosbs.jpg",680,454,false],"covernews-slider-full":["https:\/\/infoecos.com.ar\/wp-content\/uploads\/2021\/08\/camaradiputadosbs.jpg",680,454,false],"covernews-slider-center":["https:\/\/infoecos.com.ar\/wp-content\/uploads\/2021\/08\/camaradiputadosbs.jpg",680,454,false],"covernews-featured":["https:\/\/infoecos.com.ar\/wp-content\/uploads\/2021\/08\/camaradiputadosbs.jpg",680,454,false],"covernews-medium":["https:\/\/infoecos.com.ar\/wp-content\/uploads\/2021\/08\/camaradiputadosbs-680x380.jpg",540,302,true],"covernews-medium-square":["https:\/\/infoecos.com.ar\/wp-content\/uploads\/2021\/08\/camaradiputadosbs-675x450.jpg",375,250,true]},"author_info":{"info":["Jorge Matheus"]},"category_info":"<a href=\"https:\/\/infoecos.com.ar\/index.php\/category\/audio\/\" rel=\"category tag\">Audio<\/a> <a href=\"https:\/\/infoecos.com.ar\/index.php\/category\/inferior11\/\" rel=\"category tag\">Bloque inferior - 11<\/a>","tag_info":"Bloque inferior - 11","comment_count":"0","_links":{"self":[{"href":"https:\/\/infoecos.com.ar\/index.php\/wp-json\/wp\/v2\/posts\/83759","targetHints":{"allow":["GET"]}}],"collection":[{"href":"https:\/\/infoecos.com.ar\/index.php\/wp-json\/wp\/v2\/posts"}],"about":[{"href":"https:\/\/infoecos.com.ar\/index.php\/wp-json\/wp\/v2\/types\/post"}],"author":[{"embeddable":true,"href":"https:\/\/infoecos.com.ar\/index.php\/wp-json\/wp\/v2\/users\/2"}],"replies":[{"embeddable":true,"href":"https:\/\/infoecos.com.ar\/index.php\/wp-json\/wp\/v2\/comments?post=83759"}],"version-history":[{"count":2,"href":"https:\/\/infoecos.com.ar\/index.php\/wp-json\/wp\/v2\/posts\/83759\/revisions"}],"predecessor-version":[{"id":83982,"href":"https:\/\/infoecos.com.ar\/index.php\/wp-json\/wp\/v2\/posts\/83759\/revisions\/83982"}],"wp:featuredmedia":[{"embeddable":true,"href":"https:\/\/infoecos.com.ar\/index.php\/wp-json\/wp\/v2\/media\/83760"}],"wp:attachment":[{"href":"https:\/\/infoecos.com.ar\/index.php\/wp-json\/wp\/v2\/media?parent=83759"}],"wp:term":[{"taxonomy":"category","embeddable":true,"href":"https:\/\/infoecos.com.ar\/index.php\/wp-json\/wp\/v2\/categories?post=83759"},{"taxonomy":"post_tag","embeddable":true,"href":"https:\/\/infoecos.com.ar\/index.php\/wp-json\/wp\/v2\/tags?post=83759"}],"curies":[{"name":"wp","href":"https:\/\/api.w.org\/{rel}","templated":true}]}}