{"id":83776,"date":"2021-08-20T06:15:28","date_gmt":"2021-08-20T09:15:28","guid":{"rendered":"http:\/\/infoecos.com.ar\/?p=83776"},"modified":"2021-08-20T06:48:51","modified_gmt":"2021-08-20T09:48:51","slug":"felipe-contepomi-el-gran-rugbier-argentino-con-raices-familiares-en-t-lauquen-hoy-cumple-anos","status":"publish","type":"post","link":"https:\/\/infoecos.com.ar\/index.php\/felipe-contepomi-el-gran-rugbier-argentino-con-raices-familiares-en-t-lauquen-hoy-cumple-anos\/","title":{"rendered":"Felipe Contepomi, el gran rugbier argentino, con ra\u00edces familiares en T.Lauquen hoy cumple a\u00f1os"},"content":{"rendered":"\n<p>El 20 de Agosto de 1977 nac\u00eda en la ciudad de Buenos Aires, Felipe Contepomi. <\/p>\n\n\n\n<p>Es hermano mellizo del tambi\u00e9n exjugador de rugby&nbsp;<a href=\"https:\/\/es.wikipedia.org\/wiki\/Manuel_Contepomi\">Manuel Contepomi<\/a>, tambi\u00e9n hermano del periodista musical y conductor de radio y televisi\u00f3n&nbsp;<a href=\"https:\/\/es.wikipedia.org\/wiki\/Bebe_Contepomi\">Carlos \u00abBebe\u00bb Contepomi<\/a>&nbsp;y hermano de un sacerdote de la&nbsp;<a href=\"https:\/\/es.wikipedia.org\/wiki\/Di%C3%B3cesis_de_San_Isidro\">Di\u00f3cesis de San Isidro<\/a>, Juan Pablo Contepomi, creador de la Fundaci\u00f3n Camino a Jeric\u00f3.<\/p>\n\n\n\n<div class=\"wp-block-image is-style-default\"><figure class=\"aligncenter size-large\"><img loading=\"lazy\" decoding=\"async\" width=\"245\" height=\"368\" src=\"http:\/\/infoecos.com.ar\/wp-content\/uploads\/2021\/08\/felipecontepomi-1.jpg\" alt=\"\" class=\"wp-image-83778\"\/><\/figure><\/div>\n\n\n\n<p>Se retir\u00f3 como jugador en 2015, a los 37 a\u00f1os.<\/p>\n\n\n\n<p>El 10 de noviembre de 2017, Contepomi fue ingresado al&nbsp;<a href=\"https:\/\/es.wikipedia.org\/wiki\/World_Rugby_Sal%C3%B3n_de_la_Fama\">World Rugby Sal\u00f3n de la Fama<\/a>.<\/p>\n\n\n\n<p>Contepomi jug\u00f3 87 partidos para los&nbsp;<a href=\"https:\/\/es.wikipedia.org\/wiki\/Selecci%C3%B3n_de_rugby_de_Argentina\">Pumas<\/a>, la Selecci\u00f3n argentina de rugby. Fue capit\u00e1n del equipo al principio de su carrera, hasta julio de 2012. Fue el m\u00e1ximo anotador del seleccionado en la historia, con 651 puntos en 87 partidos, superado por&nbsp;<a href=\"https:\/\/es.wikipedia.org\/wiki\/Nicol%C3%A1s_S%C3%A1nchez_(jugador_de_rugby)\">Nicol\u00e1s S\u00e1nchez<\/a>&nbsp;durante el&nbsp;<a href=\"https:\/\/es.wikipedia.org\/wiki\/Rugby_Championship_2018\">Rugby Championship 2018<\/a>.<\/p>\n\n\n\n<p>Actualmente es entrenador. Su profesi\u00f3n: M\u00e9dico.<\/p>\n\n\n\n<p>Contepomi tiene ra\u00edces familiares en la ciudad de Trenque Lauquen<\/p>\n","protected":false},"excerpt":{"rendered":"<p>Se retir\u00f3 como jugador en 2015, a los 37 a\u00f1os<\/p>\n","protected":false},"author":2,"featured_media":83777,"comment_status":"closed","ping_status":"open","sticky":false,"template":"","format":"standard","meta":{"footnotes":""},"categories":[44],"tags":[4752],"class_list":["post-83776","post","type-post","status-publish","format-standard","has-post-thumbnail","hentry","category-inferior5","tag-iecos-deportivo"],"yoast_head":"<!-- This site is optimized with the Yoast SEO plugin v23.4 - https:\/\/yoast.com\/wordpress\/plugins\/seo\/ -->\n<title>Felipe Contepomi, el gran rugbier argentino, con ra\u00edces familiares en T.Lauquen hoy cumple a\u00f1os - Infoecos<\/title>\n<meta name=\"robots\" content=\"index, follow, max-snippet:-1, max-image-preview:large, max-video-preview:-1\" \/>\n<link rel=\"canonical\" href=\"https:\/\/infoecos.com.ar\/index.php\/felipe-contepomi-el-gran-rugbier-argentino-con-raices-familiares-en-t-lauquen-hoy-cumple-anos\/\" \/>\n<meta property=\"og:locale\" content=\"es_ES\" \/>\n<meta property=\"og:type\" content=\"article\" \/>\n<meta property=\"og:title\" content=\"Felipe Contepomi, el gran rugbier argentino, con ra\u00edces familiares en T.Lauquen hoy cumple a\u00f1os - Infoecos\" \/>\n<meta property=\"og:description\" content=\"Se retir\u00f3 como jugador en 2015, a los 37 a\u00f1os\" \/>\n<meta property=\"og:url\" content=\"https:\/\/infoecos.com.ar\/index.php\/felipe-contepomi-el-gran-rugbier-argentino-con-raices-familiares-en-t-lauquen-hoy-cumple-anos\/\" \/>\n<meta property=\"og:site_name\" content=\"Infoecos\" \/>\n<meta property=\"article:publisher\" content=\"https:\/\/www.facebook.com\/profile.php?id=100063200290284\" \/>\n<meta property=\"article:published_time\" content=\"2021-08-20T09:15:28+00:00\" \/>\n<meta property=\"article:modified_time\" content=\"2021-08-20T09:48:51+00:00\" \/>\n<meta property=\"og:image\" content=\"https:\/\/infoecos.com.ar\/wp-content\/uploads\/2021\/08\/felipecontepomi.jpg\" \/>\n\t<meta property=\"og:image:width\" content=\"245\" \/>\n\t<meta property=\"og:image:height\" content=\"368\" \/>\n\t<meta property=\"og:image:type\" content=\"image\/jpeg\" \/>\n<meta name=\"author\" content=\"Jorge Matheus\" \/>\n<meta name=\"twitter:card\" content=\"summary_large_image\" \/>\n<meta name=\"twitter:creator\" content=\"@infoecos\" \/>\n<meta name=\"twitter:site\" content=\"@infoecos\" \/>\n<meta name=\"twitter:label1\" content=\"Escrito por\" \/>\n\t<meta name=\"twitter:data1\" content=\"Jorge Matheus\" \/>\n\t<meta name=\"twitter:label2\" content=\"Tiempo de lectura\" \/>\n\t<meta name=\"twitter:data2\" content=\"1 minuto\" \/>\n<script type=\"application\/ld+json\" class=\"yoast-schema-graph\">{\"@context\":\"https:\/\/schema.org\",\"@graph\":[{\"@type\":\"Article\",\"@id\":\"https:\/\/infoecos.com.ar\/index.php\/felipe-contepomi-el-gran-rugbier-argentino-con-raices-familiares-en-t-lauquen-hoy-cumple-anos\/#article\",\"isPartOf\":{\"@id\":\"https:\/\/infoecos.com.ar\/index.php\/felipe-contepomi-el-gran-rugbier-argentino-con-raices-familiares-en-t-lauquen-hoy-cumple-anos\/\"},\"author\":{\"name\":\"Jorge Matheus\",\"@id\":\"https:\/\/infoecos.com.ar\/#\/schema\/person\/8f5ace5ce73b4b4aac4b7245aee6f191\"},\"headline\":\"Felipe Contepomi, el gran rugbier argentino, con ra\u00edces familiares en T.Lauquen hoy cumple a\u00f1os\",\"datePublished\":\"2021-08-20T09:15:28+00:00\",\"dateModified\":\"2021-08-20T09:48:51+00:00\",\"mainEntityOfPage\":{\"@id\":\"https:\/\/infoecos.com.ar\/index.php\/felipe-contepomi-el-gran-rugbier-argentino-con-raices-familiares-en-t-lauquen-hoy-cumple-anos\/\"},\"wordCount\":182,\"publisher\":{\"@id\":\"https:\/\/infoecos.com.ar\/#organization\"},\"image\":{\"@id\":\"https:\/\/infoecos.com.ar\/index.php\/felipe-contepomi-el-gran-rugbier-argentino-con-raices-familiares-en-t-lauquen-hoy-cumple-anos\/#primaryimage\"},\"thumbnailUrl\":\"https:\/\/infoecos.com.ar\/wp-content\/uploads\/2021\/08\/felipecontepomi.jpg\",\"keywords\":[\"IECOS DEPORTIVO\"],\"articleSection\":[\"Bloque inferior - 5\"],\"inLanguage\":\"es\"},{\"@type\":\"WebPage\",\"@id\":\"https:\/\/infoecos.com.ar\/index.php\/felipe-contepomi-el-gran-rugbier-argentino-con-raices-familiares-en-t-lauquen-hoy-cumple-anos\/\",\"url\":\"https:\/\/infoecos.com.ar\/index.php\/felipe-contepomi-el-gran-rugbier-argentino-con-raices-familiares-en-t-lauquen-hoy-cumple-anos\/\",\"name\":\"Felipe Contepomi, el gran rugbier argentino, con ra\u00edces familiares en T.Lauquen hoy cumple a\u00f1os - Infoecos\",\"isPartOf\":{\"@id\":\"https:\/\/infoecos.com.ar\/#website\"},\"primaryImageOfPage\":{\"@id\":\"https:\/\/infoecos.com.ar\/index.php\/felipe-contepomi-el-gran-rugbier-argentino-con-raices-familiares-en-t-lauquen-hoy-cumple-anos\/#primaryimage\"},\"image\":{\"@id\":\"https:\/\/infoecos.com.ar\/index.php\/felipe-contepomi-el-gran-rugbier-argentino-con-raices-familiares-en-t-lauquen-hoy-cumple-anos\/#primaryimage\"},\"thumbnailUrl\":\"https:\/\/infoecos.com.ar\/wp-content\/uploads\/2021\/08\/felipecontepomi.jpg\",\"datePublished\":\"2021-08-20T09:15:28+00:00\",\"dateModified\":\"2021-08-20T09:48:51+00:00\",\"breadcrumb\":{\"@id\":\"https:\/\/infoecos.com.ar\/index.php\/felipe-contepomi-el-gran-rugbier-argentino-con-raices-familiares-en-t-lauquen-hoy-cumple-anos\/#breadcrumb\"},\"inLanguage\":\"es\",\"potentialAction\":[{\"@type\":\"ReadAction\",\"target\":[\"https:\/\/infoecos.com.ar\/index.php\/felipe-contepomi-el-gran-rugbier-argentino-con-raices-familiares-en-t-lauquen-hoy-cumple-anos\/\"]}]},{\"@type\":\"ImageObject\",\"inLanguage\":\"es\",\"@id\":\"https:\/\/infoecos.com.ar\/index.php\/felipe-contepomi-el-gran-rugbier-argentino-con-raices-familiares-en-t-lauquen-hoy-cumple-anos\/#primaryimage\",\"url\":\"https:\/\/infoecos.com.ar\/wp-content\/uploads\/2021\/08\/felipecontepomi.jpg\",\"contentUrl\":\"https:\/\/infoecos.com.ar\/wp-content\/uploads\/2021\/08\/felipecontepomi.jpg\",\"width\":245,\"height\":368},{\"@type\":\"BreadcrumbList\",\"@id\":\"https:\/\/infoecos.com.ar\/index.php\/felipe-contepomi-el-gran-rugbier-argentino-con-raices-familiares-en-t-lauquen-hoy-cumple-anos\/#breadcrumb\",\"itemListElement\":[{\"@type\":\"ListItem\",\"position\":1,\"name\":\"Portada\",\"item\":\"https:\/\/infoecos.com.ar\/\"},{\"@type\":\"ListItem\",\"position\":2,\"name\":\"Felipe Contepomi, el gran rugbier argentino, con ra\u00edces familiares en T.Lauquen hoy cumple a\u00f1os\"}]},{\"@type\":\"WebSite\",\"@id\":\"https:\/\/infoecos.com.ar\/#website\",\"url\":\"https:\/\/infoecos.com.ar\/\",\"name\":\"Infoecos\",\"description\":\"Noticias de trenque lauquen y la zona\",\"publisher\":{\"@id\":\"https:\/\/infoecos.com.ar\/#organization\"},\"alternateName\":\"Noticias\",\"potentialAction\":[{\"@type\":\"SearchAction\",\"target\":{\"@type\":\"EntryPoint\",\"urlTemplate\":\"https:\/\/infoecos.com.ar\/?s={search_term_string}\"},\"query-input\":{\"@type\":\"PropertyValueSpecification\",\"valueRequired\":true,\"valueName\":\"search_term_string\"}}],\"inLanguage\":\"es\"},{\"@type\":\"Organization\",\"@id\":\"https:\/\/infoecos.com.ar\/#organization\",\"name\":\"Infoecos\",\"alternateName\":\"Noticias\",\"url\":\"https:\/\/infoecos.com.ar\/\",\"logo\":{\"@type\":\"ImageObject\",\"inLanguage\":\"es\",\"@id\":\"https:\/\/infoecos.com.ar\/#\/schema\/logo\/image\/\",\"url\":\"https:\/\/infoecos.com.ar\/wp-content\/uploads\/2024\/03\/cropped-logo.png\",\"contentUrl\":\"https:\/\/infoecos.com.ar\/wp-content\/uploads\/2024\/03\/cropped-logo.png\",\"width\":374,\"height\":90,\"caption\":\"Infoecos\"},\"image\":{\"@id\":\"https:\/\/infoecos.com.ar\/#\/schema\/logo\/image\/\"},\"sameAs\":[\"https:\/\/www.facebook.com\/profile.php?id=100063200290284\",\"https:\/\/x.com\/infoecos\"]},{\"@type\":\"Person\",\"@id\":\"https:\/\/infoecos.com.ar\/#\/schema\/person\/8f5ace5ce73b4b4aac4b7245aee6f191\",\"name\":\"Jorge Matheus\",\"url\":\"https:\/\/infoecos.com.ar\/index.php\/author\/jomatheus\/\"}]}<\/script>\n<!-- \/ Yoast SEO plugin. -->","yoast_head_json":{"title":"Felipe Contepomi, el gran rugbier argentino, con ra\u00edces familiares en T.Lauquen hoy cumple a\u00f1os - Infoecos","robots":{"index":"index","follow":"follow","max-snippet":"max-snippet:-1","max-image-preview":"max-image-preview:large","max-video-preview":"max-video-preview:-1"},"canonical":"https:\/\/infoecos.com.ar\/index.php\/felipe-contepomi-el-gran-rugbier-argentino-con-raices-familiares-en-t-lauquen-hoy-cumple-anos\/","og_locale":"es_ES","og_type":"article","og_title":"Felipe Contepomi, el gran rugbier argentino, con ra\u00edces familiares en T.Lauquen hoy cumple a\u00f1os - Infoecos","og_description":"Se retir\u00f3 como jugador en 2015, a los 37 a\u00f1os","og_url":"https:\/\/infoecos.com.ar\/index.php\/felipe-contepomi-el-gran-rugbier-argentino-con-raices-familiares-en-t-lauquen-hoy-cumple-anos\/","og_site_name":"Infoecos","article_publisher":"https:\/\/www.facebook.com\/profile.php?id=100063200290284","article_published_time":"2021-08-20T09:15:28+00:00","article_modified_time":"2021-08-20T09:48:51+00:00","og_image":[{"width":245,"height":368,"url":"https:\/\/infoecos.com.ar\/wp-content\/uploads\/2021\/08\/felipecontepomi.jpg","type":"image\/jpeg"}],"author":"Jorge Matheus","twitter_card":"summary_large_image","twitter_creator":"@infoecos","twitter_site":"@infoecos","twitter_misc":{"Escrito por":"Jorge Matheus","Tiempo de lectura":"1 minuto"},"schema":{"@context":"https:\/\/schema.org","@graph":[{"@type":"Article","@id":"https:\/\/infoecos.com.ar\/index.php\/felipe-contepomi-el-gran-rugbier-argentino-con-raices-familiares-en-t-lauquen-hoy-cumple-anos\/#article","isPartOf":{"@id":"https:\/\/infoecos.com.ar\/index.php\/felipe-contepomi-el-gran-rugbier-argentino-con-raices-familiares-en-t-lauquen-hoy-cumple-anos\/"},"author":{"name":"Jorge Matheus","@id":"https:\/\/infoecos.com.ar\/#\/schema\/person\/8f5ace5ce73b4b4aac4b7245aee6f191"},"headline":"Felipe Contepomi, el gran rugbier argentino, con ra\u00edces familiares en T.Lauquen hoy cumple a\u00f1os","datePublished":"2021-08-20T09:15:28+00:00","dateModified":"2021-08-20T09:48:51+00:00","mainEntityOfPage":{"@id":"https:\/\/infoecos.com.ar\/index.php\/felipe-contepomi-el-gran-rugbier-argentino-con-raices-familiares-en-t-lauquen-hoy-cumple-anos\/"},"wordCount":182,"publisher":{"@id":"https:\/\/infoecos.com.ar\/#organization"},"image":{"@id":"https:\/\/infoecos.com.ar\/index.php\/felipe-contepomi-el-gran-rugbier-argentino-con-raices-familiares-en-t-lauquen-hoy-cumple-anos\/#primaryimage"},"thumbnailUrl":"https:\/\/infoecos.com.ar\/wp-content\/uploads\/2021\/08\/felipecontepomi.jpg","keywords":["IECOS DEPORTIVO"],"articleSection":["Bloque inferior - 5"],"inLanguage":"es"},{"@type":"WebPage","@id":"https:\/\/infoecos.com.ar\/index.php\/felipe-contepomi-el-gran-rugbier-argentino-con-raices-familiares-en-t-lauquen-hoy-cumple-anos\/","url":"https:\/\/infoecos.com.ar\/index.php\/felipe-contepomi-el-gran-rugbier-argentino-con-raices-familiares-en-t-lauquen-hoy-cumple-anos\/","name":"Felipe Contepomi, el gran rugbier argentino, con ra\u00edces familiares en T.Lauquen hoy cumple a\u00f1os - Infoecos","isPartOf":{"@id":"https:\/\/infoecos.com.ar\/#website"},"primaryImageOfPage":{"@id":"https:\/\/infoecos.com.ar\/index.php\/felipe-contepomi-el-gran-rugbier-argentino-con-raices-familiares-en-t-lauquen-hoy-cumple-anos\/#primaryimage"},"image":{"@id":"https:\/\/infoecos.com.ar\/index.php\/felipe-contepomi-el-gran-rugbier-argentino-con-raices-familiares-en-t-lauquen-hoy-cumple-anos\/#primaryimage"},"thumbnailUrl":"https:\/\/infoecos.com.ar\/wp-content\/uploads\/2021\/08\/felipecontepomi.jpg","datePublished":"2021-08-20T09:15:28+00:00","dateModified":"2021-08-20T09:48:51+00:00","breadcrumb":{"@id":"https:\/\/infoecos.com.ar\/index.php\/felipe-contepomi-el-gran-rugbier-argentino-con-raices-familiares-en-t-lauquen-hoy-cumple-anos\/#breadcrumb"},"inLanguage":"es","potentialAction":[{"@type":"ReadAction","target":["https:\/\/infoecos.com.ar\/index.php\/felipe-contepomi-el-gran-rugbier-argentino-con-raices-familiares-en-t-lauquen-hoy-cumple-anos\/"]}]},{"@type":"ImageObject","inLanguage":"es","@id":"https:\/\/infoecos.com.ar\/index.php\/felipe-contepomi-el-gran-rugbier-argentino-con-raices-familiares-en-t-lauquen-hoy-cumple-anos\/#primaryimage","url":"https:\/\/infoecos.com.ar\/wp-content\/uploads\/2021\/08\/felipecontepomi.jpg","contentUrl":"https:\/\/infoecos.com.ar\/wp-content\/uploads\/2021\/08\/felipecontepomi.jpg","width":245,"height":368},{"@type":"BreadcrumbList","@id":"https:\/\/infoecos.com.ar\/index.php\/felipe-contepomi-el-gran-rugbier-argentino-con-raices-familiares-en-t-lauquen-hoy-cumple-anos\/#breadcrumb","itemListElement":[{"@type":"ListItem","position":1,"name":"Portada","item":"https:\/\/infoecos.com.ar\/"},{"@type":"ListItem","position":2,"name":"Felipe Contepomi, el gran rugbier argentino, con ra\u00edces familiares en T.Lauquen hoy cumple a\u00f1os"}]},{"@type":"WebSite","@id":"https:\/\/infoecos.com.ar\/#website","url":"https:\/\/infoecos.com.ar\/","name":"Infoecos","description":"Noticias de trenque lauquen y la zona","publisher":{"@id":"https:\/\/infoecos.com.ar\/#organization"},"alternateName":"Noticias","potentialAction":[{"@type":"SearchAction","target":{"@type":"EntryPoint","urlTemplate":"https:\/\/infoecos.com.ar\/?s={search_term_string}"},"query-input":{"@type":"PropertyValueSpecification","valueRequired":true,"valueName":"search_term_string"}}],"inLanguage":"es"},{"@type":"Organization","@id":"https:\/\/infoecos.com.ar\/#organization","name":"Infoecos","alternateName":"Noticias","url":"https:\/\/infoecos.com.ar\/","logo":{"@type":"ImageObject","inLanguage":"es","@id":"https:\/\/infoecos.com.ar\/#\/schema\/logo\/image\/","url":"https:\/\/infoecos.com.ar\/wp-content\/uploads\/2024\/03\/cropped-logo.png","contentUrl":"https:\/\/infoecos.com.ar\/wp-content\/uploads\/2024\/03\/cropped-logo.png","width":374,"height":90,"caption":"Infoecos"},"image":{"@id":"https:\/\/infoecos.com.ar\/#\/schema\/logo\/image\/"},"sameAs":["https:\/\/www.facebook.com\/profile.php?id=100063200290284","https:\/\/x.com\/infoecos"]},{"@type":"Person","@id":"https:\/\/infoecos.com.ar\/#\/schema\/person\/8f5ace5ce73b4b4aac4b7245aee6f191","name":"Jorge Matheus","url":"https:\/\/infoecos.com.ar\/index.php\/author\/jomatheus\/"}]}},"featured_image_urls":{"full":["https:\/\/infoecos.com.ar\/wp-content\/uploads\/2021\/08\/felipecontepomi.jpg",245,368,false],"thumbnail":["https:\/\/infoecos.com.ar\/wp-content\/uploads\/2021\/08\/felipecontepomi-150x150.jpg",150,150,true],"medium":["https:\/\/infoecos.com.ar\/wp-content\/uploads\/2021\/08\/felipecontepomi.jpg",245,368,false],"medium_large":["https:\/\/infoecos.com.ar\/wp-content\/uploads\/2021\/08\/felipecontepomi.jpg",245,368,false],"large":["https:\/\/infoecos.com.ar\/wp-content\/uploads\/2021\/08\/felipecontepomi.jpg",245,368,false],"1536x1536":["https:\/\/infoecos.com.ar\/wp-content\/uploads\/2021\/08\/felipecontepomi.jpg",245,368,false],"2048x2048":["https:\/\/infoecos.com.ar\/wp-content\/uploads\/2021\/08\/felipecontepomi.jpg",245,368,false],"covernews-slider-full":["https:\/\/infoecos.com.ar\/wp-content\/uploads\/2021\/08\/felipecontepomi.jpg",245,368,false],"covernews-slider-center":["https:\/\/infoecos.com.ar\/wp-content\/uploads\/2021\/08\/felipecontepomi.jpg",245,368,false],"covernews-featured":["https:\/\/infoecos.com.ar\/wp-content\/uploads\/2021\/08\/felipecontepomi.jpg",245,368,false],"covernews-medium":["https:\/\/infoecos.com.ar\/wp-content\/uploads\/2021\/08\/felipecontepomi.jpg",226,340,false],"covernews-medium-square":["https:\/\/infoecos.com.ar\/wp-content\/uploads\/2021\/08\/felipecontepomi.jpg",166,250,false]},"author_info":{"info":["Jorge Matheus"]},"category_info":"<a href=\"https:\/\/infoecos.com.ar\/index.php\/category\/inferior5\/\" rel=\"category tag\">Bloque inferior - 5<\/a>","tag_info":"Bloque inferior - 5","comment_count":"0","_links":{"self":[{"href":"https:\/\/infoecos.com.ar\/index.php\/wp-json\/wp\/v2\/posts\/83776"}],"collection":[{"href":"https:\/\/infoecos.com.ar\/index.php\/wp-json\/wp\/v2\/posts"}],"about":[{"href":"https:\/\/infoecos.com.ar\/index.php\/wp-json\/wp\/v2\/types\/post"}],"author":[{"embeddable":true,"href":"https:\/\/infoecos.com.ar\/index.php\/wp-json\/wp\/v2\/users\/2"}],"replies":[{"embeddable":true,"href":"https:\/\/infoecos.com.ar\/index.php\/wp-json\/wp\/v2\/comments?post=83776"}],"version-history":[{"count":2,"href":"https:\/\/infoecos.com.ar\/index.php\/wp-json\/wp\/v2\/posts\/83776\/revisions"}],"predecessor-version":[{"id":83789,"href":"https:\/\/infoecos.com.ar\/index.php\/wp-json\/wp\/v2\/posts\/83776\/revisions\/83789"}],"wp:featuredmedia":[{"embeddable":true,"href":"https:\/\/infoecos.com.ar\/index.php\/wp-json\/wp\/v2\/media\/83777"}],"wp:attachment":[{"href":"https:\/\/infoecos.com.ar\/index.php\/wp-json\/wp\/v2\/media?parent=83776"}],"wp:term":[{"taxonomy":"category","embeddable":true,"href":"https:\/\/infoecos.com.ar\/index.php\/wp-json\/wp\/v2\/categories?post=83776"},{"taxonomy":"post_tag","embeddable":true,"href":"https:\/\/infoecos.com.ar\/index.php\/wp-json\/wp\/v2\/tags?post=83776"}],"curies":[{"name":"wp","href":"https:\/\/api.w.org\/{rel}","templated":true}]}}