{"id":83806,"date":"2021-08-20T07:27:49","date_gmt":"2021-08-20T10:27:49","guid":{"rendered":"http:\/\/infoecos.com.ar\/?p=83806"},"modified":"2021-08-24T07:51:12","modified_gmt":"2021-08-24T10:51:12","slug":"lincoln-quedo-incorporada-a-la-red-de-municipios-cooperativos","status":"publish","type":"post","link":"https:\/\/infoecos.com.ar\/index.php\/lincoln-quedo-incorporada-a-la-red-de-municipios-cooperativos\/","title":{"rendered":"Lincoln qued\u00f3 incorporada a la \u00abRed de Municipios Cooperativos\u00bb"},"content":{"rendered":"\n<p class=\"wp-block-paragraph\">El Intendente de Lincoln, Salvador&nbsp;Serenal,&nbsp;con la presencia de&nbsp;Edgardo&nbsp;Form,&nbsp;vicepresidente&nbsp;de Cooperar,&nbsp;firm\u00f3&nbsp;el acta compromiso que reconoce e incorpora a Lincoln en la&nbsp;\u201cRed de Municipios Cooperativos\u201d.&nbsp;&nbsp;<\/p>\n\n\n\n<p class=\"wp-block-paragraph\">Mediante este acto,&nbsp;entre&nbsp;la Municipalidad&nbsp;de Lincoln y la Confederaci\u00f3n Cooperativa de la Rep\u00fablica Argentina (Cooperar)&nbsp;qued\u00f3&nbsp;sellado&nbsp;el compromiso&nbsp;para&nbsp;trabajar en conjunto con los organismos presentes y las cooperativas locales&nbsp;con el prop\u00f3sito com\u00fan de&nbsp;fortalecer el&nbsp;desarrollo local cooperativo,&nbsp;la&nbsp;educaci\u00f3n cooperativa,&nbsp;el&nbsp;compre cooperativo y local y&nbsp;el&nbsp;despliegue&nbsp;de acciones conjuntas para el cuidado del medio ambiente y la salud.&nbsp;<\/p>\n\n\n\n<div class=\"wp-block-image is-style-default\"><figure class=\"aligncenter size-medium\"><img loading=\"lazy\" decoding=\"async\" width=\"460\" height=\"305\" src=\"http:\/\/infoecos.com.ar\/wp-content\/uploads\/2021\/08\/DSC_3089-460x305.jpg\" alt=\"\" class=\"wp-image-83807\" srcset=\"https:\/\/infoecos.com.ar\/wp-content\/uploads\/2021\/08\/DSC_3089-460x305.jpg 460w, https:\/\/infoecos.com.ar\/wp-content\/uploads\/2021\/08\/DSC_3089-920x609.jpg 920w, https:\/\/infoecos.com.ar\/wp-content\/uploads\/2021\/08\/DSC_3089-768x509.jpg 768w, https:\/\/infoecos.com.ar\/wp-content\/uploads\/2021\/08\/DSC_3089-1536x1020.jpg 1536w, https:\/\/infoecos.com.ar\/wp-content\/uploads\/2021\/08\/DSC_3089-1024x678.jpg 1024w, https:\/\/infoecos.com.ar\/wp-content\/uploads\/2021\/08\/DSC_3089.jpg 2048w\" sizes=\"auto, (max-width: 460px) 100vw, 460px\" \/><\/figure><\/div>\n\n\n\n<p class=\"wp-block-paragraph\">En este marco,&nbsp;Salvador&nbsp;Serenal&nbsp;se mostr\u00f3 orgulloso&nbsp;al poder recibir en Lincoln a Edgardo&nbsp;Form, \u201cun hombre que desde hace muchos a\u00f1os viene realizando un trabajo destacable&nbsp;al interior del cooperativismo y&nbsp;por&nbsp;los valores que el&nbsp;cooperativismo&nbsp;promueve en nuestra econom\u00eda\u201d.&nbsp;A&nbsp;su vez,&nbsp;Serenal&nbsp;resalt\u00f3 la labor de las cooperativas locales \u201ccon quienes&nbsp;se viene&nbsp;trabajando coordenadamente en un \u00e1mbito de dialogo, debate y crecimiento para cada una de las partes\u201d.&nbsp;<\/p>\n\n\n\n<p class=\"wp-block-paragraph\">\u201cEstoy convencido que el cooperativismo es el presente y el futuro. Es una forma de vida que genera oportunidades a trav\u00e9s de la labor en conjunto de los diferentes actores, cada uno desde su lugar y aportando su granito de arena:&nbsp;el del Estado es incentivar y apoyar estas estructuras de trabajo que nos permitir\u00e1n tener un&nbsp;Distrito&nbsp;y&nbsp;una&nbsp;Naci\u00f3n m\u00e1s justa y equitativa\u201d, afirm\u00f3 el&nbsp;Jefe&nbsp;Comunal.&nbsp;<\/p>\n\n\n\n<div class=\"wp-block-image is-style-default\"><figure class=\"aligncenter size-medium\"><img loading=\"lazy\" decoding=\"async\" width=\"460\" height=\"305\" src=\"http:\/\/infoecos.com.ar\/wp-content\/uploads\/2021\/08\/DSC_3087-460x305.jpg\" alt=\"\" class=\"wp-image-83808\" srcset=\"https:\/\/infoecos.com.ar\/wp-content\/uploads\/2021\/08\/DSC_3087-460x305.jpg 460w, https:\/\/infoecos.com.ar\/wp-content\/uploads\/2021\/08\/DSC_3087-920x609.jpg 920w, https:\/\/infoecos.com.ar\/wp-content\/uploads\/2021\/08\/DSC_3087-768x509.jpg 768w, https:\/\/infoecos.com.ar\/wp-content\/uploads\/2021\/08\/DSC_3087-1536x1020.jpg 1536w, https:\/\/infoecos.com.ar\/wp-content\/uploads\/2021\/08\/DSC_3087-1024x678.jpg 1024w, https:\/\/infoecos.com.ar\/wp-content\/uploads\/2021\/08\/DSC_3087.jpg 2048w\" sizes=\"auto, (max-width: 460px) 100vw, 460px\" \/><\/figure><\/div>\n\n\n\n<p class=\"wp-block-paragraph\">El vicepresidente de Cooperar, Edgardo&nbsp;Form, manifest\u00f3: \u201cSomos trabajadores militantes de la econom\u00eda solidaria y desde hoy, a partir de la importante iniciativa pol\u00edtica del municipio como tambi\u00e9n de los compa\u00f1eros y compa\u00f1eras que est\u00e1n permanentemente construyendo econom\u00edas solidarias, asumimos el desaf\u00edo de demostrar que es posible articular esfuerzos en funci\u00f3n del contribuir a mejorar la calidad de vida de las personas\u201d.&nbsp;<\/p>\n","protected":false},"excerpt":{"rendered":"<p>El vicepresidente de Cooperar, Edgardo Form, manifest\u00f3: \u201cSomos trabajadores militantes de la econom\u00eda solidaria\u00bb<\/p>\n","protected":false},"author":2,"featured_media":83807,"comment_status":"closed","ping_status":"open","sticky":false,"template":"","format":"standard","meta":{"footnotes":""},"categories":[1334],"tags":[4754],"class_list":["post-83806","post","type-post","status-publish","format-standard","has-post-thumbnail","hentry","category-inferior14","tag-acta-compromiso-con-cooperar"],"featured_image_urls":{"full":["https:\/\/infoecos.com.ar\/wp-content\/uploads\/2021\/08\/DSC_3089.jpg",2048,1356,false],"thumbnail":["https:\/\/infoecos.com.ar\/wp-content\/uploads\/2021\/08\/DSC_3089-150x150.jpg",150,150,true],"medium":["https:\/\/infoecos.com.ar\/wp-content\/uploads\/2021\/08\/DSC_3089-460x305.jpg",460,305,true],"medium_large":["https:\/\/infoecos.com.ar\/wp-content\/uploads\/2021\/08\/DSC_3089-768x509.jpg",640,424,true],"large":["https:\/\/infoecos.com.ar\/wp-content\/uploads\/2021\/08\/DSC_3089-920x609.jpg",640,424,true],"1536x1536":["https:\/\/infoecos.com.ar\/wp-content\/uploads\/2021\/08\/DSC_3089-1536x1017.jpg",1536,1017,true],"2048x2048":["https:\/\/infoecos.com.ar\/wp-content\/uploads\/2021\/08\/DSC_3089.jpg",2048,1356,false],"covernews-slider-full":["https:\/\/infoecos.com.ar\/wp-content\/uploads\/2021\/08\/DSC_3089-1536x1020.jpg",1077,715,true],"covernews-slider-center":["https:\/\/infoecos.com.ar\/wp-content\/uploads\/2021\/08\/DSC_3089-936x897.jpg",522,500,true],"covernews-featured":["https:\/\/infoecos.com.ar\/wp-content\/uploads\/2021\/08\/DSC_3089-1024x678.jpg",1024,678,true],"covernews-medium":["https:\/\/infoecos.com.ar\/wp-content\/uploads\/2021\/08\/DSC_3089-720x380.jpg",540,285,true],"covernews-medium-square":["https:\/\/infoecos.com.ar\/wp-content\/uploads\/2021\/08\/DSC_3089-675x450.jpg",375,250,true]},"author_info":{"info":["Jorge Matheus"]},"category_info":"<a href=\"https:\/\/infoecos.com.ar\/index.php\/category\/inferior14\/\" rel=\"category tag\">Bloque inferior - 14<\/a>","tag_info":"Bloque inferior - 14","comment_count":"0","_links":{"self":[{"href":"https:\/\/infoecos.com.ar\/index.php\/wp-json\/wp\/v2\/posts\/83806","targetHints":{"allow":["GET"]}}],"collection":[{"href":"https:\/\/infoecos.com.ar\/index.php\/wp-json\/wp\/v2\/posts"}],"about":[{"href":"https:\/\/infoecos.com.ar\/index.php\/wp-json\/wp\/v2\/types\/post"}],"author":[{"embeddable":true,"href":"https:\/\/infoecos.com.ar\/index.php\/wp-json\/wp\/v2\/users\/2"}],"replies":[{"embeddable":true,"href":"https:\/\/infoecos.com.ar\/index.php\/wp-json\/wp\/v2\/comments?post=83806"}],"version-history":[{"count":2,"href":"https:\/\/infoecos.com.ar\/index.php\/wp-json\/wp\/v2\/posts\/83806\/revisions"}],"predecessor-version":[{"id":83942,"href":"https:\/\/infoecos.com.ar\/index.php\/wp-json\/wp\/v2\/posts\/83806\/revisions\/83942"}],"wp:featuredmedia":[{"embeddable":true,"href":"https:\/\/infoecos.com.ar\/index.php\/wp-json\/wp\/v2\/media\/83807"}],"wp:attachment":[{"href":"https:\/\/infoecos.com.ar\/index.php\/wp-json\/wp\/v2\/media?parent=83806"}],"wp:term":[{"taxonomy":"category","embeddable":true,"href":"https:\/\/infoecos.com.ar\/index.php\/wp-json\/wp\/v2\/categories?post=83806"},{"taxonomy":"post_tag","embeddable":true,"href":"https:\/\/infoecos.com.ar\/index.php\/wp-json\/wp\/v2\/tags?post=83806"}],"curies":[{"name":"wp","href":"https:\/\/api.w.org\/{rel}","templated":true}]}}