{"id":83814,"date":"2021-08-20T07:39:41","date_gmt":"2021-08-20T10:39:41","guid":{"rendered":"http:\/\/infoecos.com.ar\/?p=83814"},"modified":"2021-08-22T06:37:22","modified_gmt":"2021-08-22T09:37:22","slug":"el-comisario-arregui-puso-en-funciones-al-nuevo-encargado-del-puesto-de-vigilancia-policial-en-girodias","status":"publish","type":"post","link":"https:\/\/infoecos.com.ar\/index.php\/el-comisario-arregui-puso-en-funciones-al-nuevo-encargado-del-puesto-de-vigilancia-policial-en-girodias\/","title":{"rendered":"El comisario Arregui puso en funciones al nuevo encargado del Puesto de Vigilancia Policial en Girod\u00edas"},"content":{"rendered":"\n<p class=\"wp-block-paragraph\">El Jefe Departamental de Trenque Lauquen de la Polic\u00eda de la provincia de Buenos Aires, Comisario Inspector Marco Antonio Arregui realiz\u00f3 ayer el cambio de encargado del Puesto de Vigilancia Policial de la Localidad de Girod\u00edas. <\/p>\n\n\n\n<div class=\"wp-block-image is-style-default\"><figure class=\"aligncenter size-medium\"><img loading=\"lazy\" decoding=\"async\" width=\"460\" height=\"345\" src=\"http:\/\/infoecos.com.ar\/wp-content\/uploads\/2021\/08\/arreguigirodias-460x345.jpg\" alt=\"\" class=\"wp-image-83815\" srcset=\"https:\/\/infoecos.com.ar\/wp-content\/uploads\/2021\/08\/arreguigirodias-460x345.jpg 460w, https:\/\/infoecos.com.ar\/wp-content\/uploads\/2021\/08\/arreguigirodias-920x690.jpg 920w, https:\/\/infoecos.com.ar\/wp-content\/uploads\/2021\/08\/arreguigirodias-768x576.jpg 768w, https:\/\/infoecos.com.ar\/wp-content\/uploads\/2021\/08\/arreguigirodias-1024x768.jpg 1024w, https:\/\/infoecos.com.ar\/wp-content\/uploads\/2021\/08\/arreguigirodias.jpg 1280w\" sizes=\"auto, (max-width: 460px) 100vw, 460px\" \/><\/figure><\/div>\n\n\n\n<p class=\"wp-block-paragraph\">En un breve acto llevado a cabo desde las 17:00 hs. en la sede del puesto de Vigilancia se puso en funciones al Capit\u00e1n Walter Rub\u00e9n Romero, que hasta ayer prestaba servicios en la Comisar\u00eda de 30 de Agosto. Reemplaz\u00f3 al Capit\u00e1n Carlos Alberto Go\u00f1i qui\u00e9n pasar\u00e1 a desempe\u00f1arse en otra dependencia del distrito.<\/p>\n\n\n\n<p class=\"wp-block-paragraph\"> Del acto participaron el Director del Ente Descentralizado de 30 de Agosto, Dr. Miguel Mul\u00e1n, la Delegada Municipal de Girod\u00edas Sra. Mirta Folco, el Titular de la Comisar\u00eda de T. Lauquen 1ra. Comisario Pedro Cicconi y el Jefe de la Comisar\u00eda de 30 de Agosto, Comisario Cristian Intile. <\/p>\n","protected":false},"excerpt":{"rendered":"<p>Reemplaz\u00f3 al Capit\u00e1n Carlos Alberto Go\u00f1i qui\u00e9n pasar\u00e1 a desempe\u00f1arse en otra dependencia del distrito<\/p>\n","protected":false},"author":2,"featured_media":83815,"comment_status":"closed","ping_status":"open","sticky":false,"template":"","format":"standard","meta":{"footnotes":""},"categories":[1331],"tags":[4756],"class_list":["post-83814","post","type-post","status-publish","format-standard","has-post-thumbnail","hentry","category-inferior11","tag-se-trata-del-capitan-walter-romero"],"featured_image_urls":{"full":["https:\/\/infoecos.com.ar\/wp-content\/uploads\/2021\/08\/arreguigirodias.jpg",1280,960,false],"thumbnail":["https:\/\/infoecos.com.ar\/wp-content\/uploads\/2021\/08\/arreguigirodias-150x150.jpg",150,150,true],"medium":["https:\/\/infoecos.com.ar\/wp-content\/uploads\/2021\/08\/arreguigirodias-460x345.jpg",460,345,true],"medium_large":["https:\/\/infoecos.com.ar\/wp-content\/uploads\/2021\/08\/arreguigirodias-768x576.jpg",640,480,true],"large":["https:\/\/infoecos.com.ar\/wp-content\/uploads\/2021\/08\/arreguigirodias-920x690.jpg",640,480,true],"1536x1536":["https:\/\/infoecos.com.ar\/wp-content\/uploads\/2021\/08\/arreguigirodias.jpg",1280,960,false],"2048x2048":["https:\/\/infoecos.com.ar\/wp-content\/uploads\/2021\/08\/arreguigirodias.jpg",1280,960,false],"covernews-slider-full":["https:\/\/infoecos.com.ar\/wp-content\/uploads\/2021\/08\/arreguigirodias.jpg",953,715,false],"covernews-slider-center":["https:\/\/infoecos.com.ar\/wp-content\/uploads\/2021\/08\/arreguigirodias-936x897.jpg",522,500,true],"covernews-featured":["https:\/\/infoecos.com.ar\/wp-content\/uploads\/2021\/08\/arreguigirodias-1024x768.jpg",1024,768,true],"covernews-medium":["https:\/\/infoecos.com.ar\/wp-content\/uploads\/2021\/08\/arreguigirodias-720x380.jpg",540,285,true],"covernews-medium-square":["https:\/\/infoecos.com.ar\/wp-content\/uploads\/2021\/08\/arreguigirodias-675x450.jpg",375,250,true]},"author_info":{"info":["Jorge Matheus"]},"category_info":"<a href=\"https:\/\/infoecos.com.ar\/index.php\/category\/inferior11\/\" rel=\"category tag\">Bloque inferior - 11<\/a>","tag_info":"Bloque inferior - 11","comment_count":"0","_links":{"self":[{"href":"https:\/\/infoecos.com.ar\/index.php\/wp-json\/wp\/v2\/posts\/83814","targetHints":{"allow":["GET"]}}],"collection":[{"href":"https:\/\/infoecos.com.ar\/index.php\/wp-json\/wp\/v2\/posts"}],"about":[{"href":"https:\/\/infoecos.com.ar\/index.php\/wp-json\/wp\/v2\/types\/post"}],"author":[{"embeddable":true,"href":"https:\/\/infoecos.com.ar\/index.php\/wp-json\/wp\/v2\/users\/2"}],"replies":[{"embeddable":true,"href":"https:\/\/infoecos.com.ar\/index.php\/wp-json\/wp\/v2\/comments?post=83814"}],"version-history":[{"count":1,"href":"https:\/\/infoecos.com.ar\/index.php\/wp-json\/wp\/v2\/posts\/83814\/revisions"}],"predecessor-version":[{"id":83816,"href":"https:\/\/infoecos.com.ar\/index.php\/wp-json\/wp\/v2\/posts\/83814\/revisions\/83816"}],"wp:featuredmedia":[{"embeddable":true,"href":"https:\/\/infoecos.com.ar\/index.php\/wp-json\/wp\/v2\/media\/83815"}],"wp:attachment":[{"href":"https:\/\/infoecos.com.ar\/index.php\/wp-json\/wp\/v2\/media?parent=83814"}],"wp:term":[{"taxonomy":"category","embeddable":true,"href":"https:\/\/infoecos.com.ar\/index.php\/wp-json\/wp\/v2\/categories?post=83814"},{"taxonomy":"post_tag","embeddable":true,"href":"https:\/\/infoecos.com.ar\/index.php\/wp-json\/wp\/v2\/tags?post=83814"}],"curies":[{"name":"wp","href":"https:\/\/api.w.org\/{rel}","templated":true}]}}