{"id":83818,"date":"2021-08-20T07:49:08","date_gmt":"2021-08-20T10:49:08","guid":{"rendered":"http:\/\/infoecos.com.ar\/?p=83818"},"modified":"2021-08-20T07:49:10","modified_gmt":"2021-08-20T10:49:10","slug":"hoy-es-el-dia-mundial-de-la-papa-frita","status":"publish","type":"post","link":"https:\/\/infoecos.com.ar\/index.php\/hoy-es-el-dia-mundial-de-la-papa-frita\/","title":{"rendered":"Hoy es el D\u00eda Mundial de la Papa Frita"},"content":{"rendered":"\n<p class=\"wp-block-paragraph\">Hoy es el D\u00eda Mundial de la Papa Frita.<\/p>\n\n\n\n<p class=\"wp-block-paragraph\">No hay datos espec\u00edficos ni concretos de porqu\u00e9 se celebra cada agosto.\u00a0Pero uno de los or\u00edgenes de este alimento en forma de bast\u00f3n, se remonta a\u00a0B\u00e9lgica y Francia.\u00a0<\/p>\n\n\n\n<div class=\"wp-block-image is-style-default\"><figure class=\"aligncenter size-large\"><img loading=\"lazy\" decoding=\"async\" width=\"640\" height=\"427\" src=\"http:\/\/infoecos.com.ar\/wp-content\/uploads\/2021\/08\/PAPASFRITAS.jpg\" alt=\"\" class=\"wp-image-83819\" srcset=\"https:\/\/infoecos.com.ar\/wp-content\/uploads\/2021\/08\/PAPASFRITAS.jpg 640w, https:\/\/infoecos.com.ar\/wp-content\/uploads\/2021\/08\/PAPASFRITAS-460x307.jpg 460w\" sizes=\"auto, (max-width: 640px) 100vw, 640px\" \/><figcaption>pile of baked french fries<\/figcaption><\/figure><\/div>\n\n\n\n<p class=\"wp-block-paragraph\">Los franceses aseguran que fueron ellos quienes inventaron este plato.\u00a0A fines del siglo XVIII en pleno coraz\u00f3n de Par\u00eds, se instalaron los vendedores de papas fritas que las elaboraban a la vista de sus clientes dentro de braseros y sartenes. Cocinaban con aceite.<\/p>\n\n\n\n<p class=\"wp-block-paragraph\">Los belgas reclaman su autor\u00eda.\u00a0La \u00fanica diferencia radica en la cocci\u00f3n que se divide en dos etapas.\u00a0Primero, las\u00a0cocinan en aceite y, luego, con grasa animal.<\/p>\n\n\n\n<p class=\"wp-block-paragraph\">Con el paso del tiempo, su popularidad se extendi\u00f3 por todo el mundo y se convirti\u00f3 en un\u00a0alimento b\u00e1sico en la mayor\u00eda de los pa\u00edses\u00a0.<\/p>\n","protected":false},"excerpt":{"rendered":"<p>Su popularidad se extendi\u00f3 por todo el mundo y se convirti\u00f3 en un alimento b\u00e1sico en la mayor\u00eda de los pa\u00edses <\/p>\n","protected":false},"author":2,"featured_media":83819,"comment_status":"closed","ping_status":"open","sticky":false,"template":"","format":"standard","meta":{"footnotes":""},"categories":[1341],"tags":[4757],"class_list":["post-83818","post","type-post","status-publish","format-standard","has-post-thumbnail","hentry","category-c1nota7","tag-franceses-y-belgas-pugnan-por-su-creacion"],"featured_image_urls":{"full":["https:\/\/infoecos.com.ar\/wp-content\/uploads\/2021\/08\/PAPASFRITAS.jpg",640,427,false],"thumbnail":["https:\/\/infoecos.com.ar\/wp-content\/uploads\/2021\/08\/PAPASFRITAS-150x150.jpg",150,150,true],"medium":["https:\/\/infoecos.com.ar\/wp-content\/uploads\/2021\/08\/PAPASFRITAS-460x307.jpg",460,307,true],"medium_large":["https:\/\/infoecos.com.ar\/wp-content\/uploads\/2021\/08\/PAPASFRITAS.jpg",640,427,false],"large":["https:\/\/infoecos.com.ar\/wp-content\/uploads\/2021\/08\/PAPASFRITAS.jpg",640,427,false],"1536x1536":["https:\/\/infoecos.com.ar\/wp-content\/uploads\/2021\/08\/PAPASFRITAS.jpg",640,427,false],"2048x2048":["https:\/\/infoecos.com.ar\/wp-content\/uploads\/2021\/08\/PAPASFRITAS.jpg",640,427,false],"covernews-slider-full":["https:\/\/infoecos.com.ar\/wp-content\/uploads\/2021\/08\/PAPASFRITAS.jpg",640,427,false],"covernews-slider-center":["https:\/\/infoecos.com.ar\/wp-content\/uploads\/2021\/08\/PAPASFRITAS.jpg",640,427,false],"covernews-featured":["https:\/\/infoecos.com.ar\/wp-content\/uploads\/2021\/08\/PAPASFRITAS.jpg",640,427,false],"covernews-medium":["https:\/\/infoecos.com.ar\/wp-content\/uploads\/2021\/08\/PAPASFRITAS-640x380.jpg",540,321,true],"covernews-medium-square":["https:\/\/infoecos.com.ar\/wp-content\/uploads\/2021\/08\/PAPASFRITAS.jpg",375,250,false]},"author_info":{"info":["Jorge Matheus"]},"category_info":"<a href=\"https:\/\/infoecos.com.ar\/index.php\/category\/c1nota7\/\" rel=\"category tag\">C1 nota 7<\/a>","tag_info":"C1 nota 7","comment_count":"0","_links":{"self":[{"href":"https:\/\/infoecos.com.ar\/index.php\/wp-json\/wp\/v2\/posts\/83818","targetHints":{"allow":["GET"]}}],"collection":[{"href":"https:\/\/infoecos.com.ar\/index.php\/wp-json\/wp\/v2\/posts"}],"about":[{"href":"https:\/\/infoecos.com.ar\/index.php\/wp-json\/wp\/v2\/types\/post"}],"author":[{"embeddable":true,"href":"https:\/\/infoecos.com.ar\/index.php\/wp-json\/wp\/v2\/users\/2"}],"replies":[{"embeddable":true,"href":"https:\/\/infoecos.com.ar\/index.php\/wp-json\/wp\/v2\/comments?post=83818"}],"version-history":[{"count":1,"href":"https:\/\/infoecos.com.ar\/index.php\/wp-json\/wp\/v2\/posts\/83818\/revisions"}],"predecessor-version":[{"id":83820,"href":"https:\/\/infoecos.com.ar\/index.php\/wp-json\/wp\/v2\/posts\/83818\/revisions\/83820"}],"wp:featuredmedia":[{"embeddable":true,"href":"https:\/\/infoecos.com.ar\/index.php\/wp-json\/wp\/v2\/media\/83819"}],"wp:attachment":[{"href":"https:\/\/infoecos.com.ar\/index.php\/wp-json\/wp\/v2\/media?parent=83818"}],"wp:term":[{"taxonomy":"category","embeddable":true,"href":"https:\/\/infoecos.com.ar\/index.php\/wp-json\/wp\/v2\/categories?post=83818"},{"taxonomy":"post_tag","embeddable":true,"href":"https:\/\/infoecos.com.ar\/index.php\/wp-json\/wp\/v2\/tags?post=83818"}],"curies":[{"name":"wp","href":"https:\/\/api.w.org\/{rel}","templated":true}]}}