{"id":83845,"date":"2021-08-21T05:36:32","date_gmt":"2021-08-21T08:36:32","guid":{"rendered":"http:\/\/infoecos.com.ar\/?p=83845"},"modified":"2021-08-23T07:41:05","modified_gmt":"2021-08-23T10:41:05","slug":"las-medidas-que-rigen-desde-la-medianoche-en-el-distrito-de-pehuajo","status":"publish","type":"post","link":"https:\/\/infoecos.com.ar\/index.php\/las-medidas-que-rigen-desde-la-medianoche-en-el-distrito-de-pehuajo\/","title":{"rendered":"Las medidas que rigen, desde el pasado viernes, en el distrito de Pehuaj\u00f3"},"content":{"rendered":"\n<p>El Intendente municipal de Pehuaj\u00f3, Pablo Zurro, comunic\u00f3 las nuevas medidas en el partido de Pehuaj\u00f3, a ra\u00edz del coronavirus.<\/p>\n\n\n\n<p>En conferencia de prensa desarrollada ayer estuvo acompa\u00f1ado por la Secretaria de Gobierno, Rosa Ron y el Secretario de Salud, Jos\u00e9 Picheto,<\/p>\n\n\n\n<div class=\"wp-block-image is-style-default\"><figure class=\"aligncenter size-large\"><img loading=\"lazy\" decoding=\"async\" width=\"639\" height=\"426\" src=\"http:\/\/infoecos.com.ar\/wp-content\/uploads\/2021\/08\/zurro.jpg\" alt=\"\" class=\"wp-image-83846\" srcset=\"https:\/\/infoecos.com.ar\/wp-content\/uploads\/2021\/08\/zurro.jpg 639w, https:\/\/infoecos.com.ar\/wp-content\/uploads\/2021\/08\/zurro-460x307.jpg 460w\" sizes=\"(max-width: 639px) 100vw, 639px\" \/><\/figure><\/div>\n\n\n\n<p>Las ampliaciones de las medidas se encuentran plasmadas en el decreto municipal N\u00ba 943\/2021 y son las siguientes:<\/p>\n\n\n\n<p><strong>Actividades culturales al aire libre:<\/strong> hasta 200 personas, s\u00f3lo en el anfiteatro del parque Gral. San Mart\u00edn con registro previo en la Secretar\u00eda de Cultura. Ingreso s\u00f3lo si est\u00e1n vacunados.<\/p>\n\n\n\n<p>Todo evento de car\u00e1cter masivo se organizar\u00e1 previa consideraci\u00f3n del Departamento Ejecutivo Municipal con la instituci\u00f3n involucrada (actividades deportivas, culturales).<\/p>\n\n\n\n<p><strong>Asambleas renovaci\u00f3n o conformaci\u00f3n de Comisiones:<\/strong> hasta 20 personas en espacios cerrados con protocolos. Sin aforo al aire libre.<\/p>\n\n\n\n<p><strong>Pr\u00e1ctica recreativa de deportes grupales de contacto al aire libre:<\/strong> hasta 30 personas.<\/p>\n\n\n\n<p><strong>Pr\u00e1cticas deportivas colectivas con o sin contacto en espacios cerrados:<\/strong> m\u00e1s de 20 personas (s\u00f3lo si el total los concurrentes est\u00e1n vacunados).<\/p>\n\n\n\n<p><strong>Se mantiene aforo de 70% todos vacunados o 30% sin vacunar en<\/strong>:<\/p>\n\n\n\n<p>&#8211; Ferias artesanales y micro emprendedores en espacios cerrados<\/p>\n\n\n\n<p>&#8211; Sedes sociales de clubes<\/p>\n\n\n\n<p>&#8211; Cines con expendio de golosinas<\/p>\n\n\n\n<p>&#8211; Teatro y salas de espect\u00e1culos sin expendio de bebidas y comidas<\/p>\n\n\n\n<p>&#8211; Realizaci\u00f3n de eventos religiosos en lugares cerrados<\/p>\n\n\n\n<p>&#8211; Museos<\/p>\n\n\n\n<p>&#8211; Bibliotecas<\/p>\n\n\n\n<p>Horarios.<\/p>\n\n\n\n<p>&#8211; <strong>Restaurantes, confiter\u00edas, bares, panader\u00edas con servicio de confiter\u00edas, helader\u00edas, shop de estaciones de servicio<\/strong>: hasta 03:00hs.<\/p>\n\n\n\n<p>-Comercios en general.: hasta 20:00hs<\/p>\n\n\n\n<p>-Comercios de venta de alimentos: hasta 22:00hs.<\/p>\n\n\n\n<p>-Actividades deportivas y gimnasios: hasta 22:00hs.<\/p>\n\n\n\n<p>-Prohibici\u00f3n de circulaci\u00f3n: entre las 03:00 y 06:00 hs.<\/p>\n\n\n\n<p>-Se consideran vacunados o vacunadas, todas las personas mayores de 18 a\u00f1os con 1\u00b0 dosis aplicada.<\/p>\n\n\n\n<p>-La franja etaria entre 12 y 17 a\u00f1os deber\u00e1 estar registrada en la p\u00e1gina VACUNATE para el ingreso en las distintas actividades.<\/p>\n\n\n\n<p>-Toda actividad cultural o deportiva deber\u00e1 ser registrada en la Secretar\u00eda correspondiente.<\/p>\n\n\n\n<p>-Las sanciones por incumplimiento ser\u00e1n aplicadas a los propietarios o instituci\u00f3n donde se desarrolle la actividad.<\/p>\n\n\n\n<p>-Es responsabilidad exclusiva y excluyente de los propietarios e instituciones el cumplimiento de las presentes medidas.<\/p>\n\n\n\n<p>El mandatario comenz\u00f3 la conferencia saludando a todos los medios de comunicaci\u00f3n presentes y expres\u00f3 \u00abLa pandemia no ha pasado, pero soy muy optimista con esta situaci\u00f3n. Despu\u00e9s de la segunda ola, estamos en el mejor momento. Esperemos que la cepa Delta, no haga estragos en Argentina, Buenos Aires y Pehuaj\u00f3, ante esto, estamos muy preparados, muy bien en todo\u00bb.<\/p>\n","protected":false},"excerpt":{"rendered":"<p>Las ampliaciones de las medidas se encuentran plasmadas en el decreto municipal N\u00ba 943\/2021<\/p>\n","protected":false},"author":2,"featured_media":83846,"comment_status":"closed","ping_status":"open","sticky":false,"template":"","format":"standard","meta":{"footnotes":""},"categories":[200],"tags":[4764],"class_list":["post-83845","post","type-post","status-publish","format-standard","has-post-thumbnail","hentry","category-inferior8","tag-conferencia-de-prensa-de-zurro"],"yoast_head":"<!-- This site is optimized with the Yoast SEO plugin v23.4 - https:\/\/yoast.com\/wordpress\/plugins\/seo\/ -->\n<title>Las medidas que rigen, desde el pasado viernes, en el distrito de Pehuaj\u00f3 - Infoecos<\/title>\n<meta name=\"robots\" content=\"index, follow, max-snippet:-1, max-image-preview:large, max-video-preview:-1\" \/>\n<link rel=\"canonical\" href=\"https:\/\/infoecos.com.ar\/index.php\/las-medidas-que-rigen-desde-la-medianoche-en-el-distrito-de-pehuajo\/\" \/>\n<meta property=\"og:locale\" content=\"es_ES\" \/>\n<meta property=\"og:type\" content=\"article\" \/>\n<meta property=\"og:title\" content=\"Las medidas que rigen, desde el pasado viernes, en el distrito de Pehuaj\u00f3 - Infoecos\" \/>\n<meta property=\"og:description\" content=\"Las ampliaciones de las medidas se encuentran plasmadas en el decreto municipal N\u00ba 943\/2021\" \/>\n<meta property=\"og:url\" content=\"https:\/\/infoecos.com.ar\/index.php\/las-medidas-que-rigen-desde-la-medianoche-en-el-distrito-de-pehuajo\/\" \/>\n<meta property=\"og:site_name\" content=\"Infoecos\" \/>\n<meta property=\"article:publisher\" content=\"https:\/\/www.facebook.com\/profile.php?id=100063200290284\" \/>\n<meta property=\"article:published_time\" content=\"2021-08-21T08:36:32+00:00\" \/>\n<meta property=\"article:modified_time\" content=\"2021-08-23T10:41:05+00:00\" \/>\n<meta property=\"og:image\" content=\"https:\/\/infoecos.com.ar\/wp-content\/uploads\/2021\/08\/zurro.jpg\" \/>\n\t<meta property=\"og:image:width\" content=\"639\" \/>\n\t<meta property=\"og:image:height\" content=\"426\" \/>\n\t<meta property=\"og:image:type\" content=\"image\/jpeg\" \/>\n<meta name=\"author\" content=\"Jorge Matheus\" \/>\n<meta name=\"twitter:card\" content=\"summary_large_image\" \/>\n<meta name=\"twitter:creator\" content=\"@infoecos\" \/>\n<meta name=\"twitter:site\" content=\"@infoecos\" \/>\n<meta name=\"twitter:label1\" content=\"Escrito por\" \/>\n\t<meta name=\"twitter:data1\" content=\"Jorge Matheus\" \/>\n\t<meta name=\"twitter:label2\" content=\"Tiempo de lectura\" \/>\n\t<meta name=\"twitter:data2\" content=\"2 minutos\" \/>\n<script type=\"application\/ld+json\" class=\"yoast-schema-graph\">{\"@context\":\"https:\/\/schema.org\",\"@graph\":[{\"@type\":\"Article\",\"@id\":\"https:\/\/infoecos.com.ar\/index.php\/las-medidas-que-rigen-desde-la-medianoche-en-el-distrito-de-pehuajo\/#article\",\"isPartOf\":{\"@id\":\"https:\/\/infoecos.com.ar\/index.php\/las-medidas-que-rigen-desde-la-medianoche-en-el-distrito-de-pehuajo\/\"},\"author\":{\"name\":\"Jorge Matheus\",\"@id\":\"https:\/\/infoecos.com.ar\/#\/schema\/person\/8f5ace5ce73b4b4aac4b7245aee6f191\"},\"headline\":\"Las medidas que rigen, desde el pasado viernes, en el distrito de Pehuaj\u00f3\",\"datePublished\":\"2021-08-21T08:36:32+00:00\",\"dateModified\":\"2021-08-23T10:41:05+00:00\",\"mainEntityOfPage\":{\"@id\":\"https:\/\/infoecos.com.ar\/index.php\/las-medidas-que-rigen-desde-la-medianoche-en-el-distrito-de-pehuajo\/\"},\"wordCount\":441,\"publisher\":{\"@id\":\"https:\/\/infoecos.com.ar\/#organization\"},\"image\":{\"@id\":\"https:\/\/infoecos.com.ar\/index.php\/las-medidas-que-rigen-desde-la-medianoche-en-el-distrito-de-pehuajo\/#primaryimage\"},\"thumbnailUrl\":\"https:\/\/infoecos.com.ar\/wp-content\/uploads\/2021\/08\/zurro.jpg\",\"keywords\":[\"CONFERENCIA DE PRENSA DE ZURRO\"],\"articleSection\":[\"Bloque inferior - 8\"],\"inLanguage\":\"es\"},{\"@type\":\"WebPage\",\"@id\":\"https:\/\/infoecos.com.ar\/index.php\/las-medidas-que-rigen-desde-la-medianoche-en-el-distrito-de-pehuajo\/\",\"url\":\"https:\/\/infoecos.com.ar\/index.php\/las-medidas-que-rigen-desde-la-medianoche-en-el-distrito-de-pehuajo\/\",\"name\":\"Las medidas que rigen, desde el pasado viernes, en el distrito de Pehuaj\u00f3 - Infoecos\",\"isPartOf\":{\"@id\":\"https:\/\/infoecos.com.ar\/#website\"},\"primaryImageOfPage\":{\"@id\":\"https:\/\/infoecos.com.ar\/index.php\/las-medidas-que-rigen-desde-la-medianoche-en-el-distrito-de-pehuajo\/#primaryimage\"},\"image\":{\"@id\":\"https:\/\/infoecos.com.ar\/index.php\/las-medidas-que-rigen-desde-la-medianoche-en-el-distrito-de-pehuajo\/#primaryimage\"},\"thumbnailUrl\":\"https:\/\/infoecos.com.ar\/wp-content\/uploads\/2021\/08\/zurro.jpg\",\"datePublished\":\"2021-08-21T08:36:32+00:00\",\"dateModified\":\"2021-08-23T10:41:05+00:00\",\"breadcrumb\":{\"@id\":\"https:\/\/infoecos.com.ar\/index.php\/las-medidas-que-rigen-desde-la-medianoche-en-el-distrito-de-pehuajo\/#breadcrumb\"},\"inLanguage\":\"es\",\"potentialAction\":[{\"@type\":\"ReadAction\",\"target\":[\"https:\/\/infoecos.com.ar\/index.php\/las-medidas-que-rigen-desde-la-medianoche-en-el-distrito-de-pehuajo\/\"]}]},{\"@type\":\"ImageObject\",\"inLanguage\":\"es\",\"@id\":\"https:\/\/infoecos.com.ar\/index.php\/las-medidas-que-rigen-desde-la-medianoche-en-el-distrito-de-pehuajo\/#primaryimage\",\"url\":\"https:\/\/infoecos.com.ar\/wp-content\/uploads\/2021\/08\/zurro.jpg\",\"contentUrl\":\"https:\/\/infoecos.com.ar\/wp-content\/uploads\/2021\/08\/zurro.jpg\",\"width\":639,\"height\":426},{\"@type\":\"BreadcrumbList\",\"@id\":\"https:\/\/infoecos.com.ar\/index.php\/las-medidas-que-rigen-desde-la-medianoche-en-el-distrito-de-pehuajo\/#breadcrumb\",\"itemListElement\":[{\"@type\":\"ListItem\",\"position\":1,\"name\":\"Portada\",\"item\":\"https:\/\/infoecos.com.ar\/\"},{\"@type\":\"ListItem\",\"position\":2,\"name\":\"Las medidas que rigen, desde el pasado viernes, en el distrito de Pehuaj\u00f3\"}]},{\"@type\":\"WebSite\",\"@id\":\"https:\/\/infoecos.com.ar\/#website\",\"url\":\"https:\/\/infoecos.com.ar\/\",\"name\":\"Infoecos\",\"description\":\"Noticias de trenque lauquen y la zona\",\"publisher\":{\"@id\":\"https:\/\/infoecos.com.ar\/#organization\"},\"alternateName\":\"Noticias\",\"potentialAction\":[{\"@type\":\"SearchAction\",\"target\":{\"@type\":\"EntryPoint\",\"urlTemplate\":\"https:\/\/infoecos.com.ar\/?s={search_term_string}\"},\"query-input\":{\"@type\":\"PropertyValueSpecification\",\"valueRequired\":true,\"valueName\":\"search_term_string\"}}],\"inLanguage\":\"es\"},{\"@type\":\"Organization\",\"@id\":\"https:\/\/infoecos.com.ar\/#organization\",\"name\":\"Infoecos\",\"alternateName\":\"Noticias\",\"url\":\"https:\/\/infoecos.com.ar\/\",\"logo\":{\"@type\":\"ImageObject\",\"inLanguage\":\"es\",\"@id\":\"https:\/\/infoecos.com.ar\/#\/schema\/logo\/image\/\",\"url\":\"https:\/\/infoecos.com.ar\/wp-content\/uploads\/2024\/03\/cropped-logo.png\",\"contentUrl\":\"https:\/\/infoecos.com.ar\/wp-content\/uploads\/2024\/03\/cropped-logo.png\",\"width\":374,\"height\":90,\"caption\":\"Infoecos\"},\"image\":{\"@id\":\"https:\/\/infoecos.com.ar\/#\/schema\/logo\/image\/\"},\"sameAs\":[\"https:\/\/www.facebook.com\/profile.php?id=100063200290284\",\"https:\/\/x.com\/infoecos\"]},{\"@type\":\"Person\",\"@id\":\"https:\/\/infoecos.com.ar\/#\/schema\/person\/8f5ace5ce73b4b4aac4b7245aee6f191\",\"name\":\"Jorge Matheus\",\"url\":\"https:\/\/infoecos.com.ar\/index.php\/author\/jomatheus\/\"}]}<\/script>\n<!-- \/ Yoast SEO plugin. -->","yoast_head_json":{"title":"Las medidas que rigen, desde el pasado viernes, en el distrito de Pehuaj\u00f3 - Infoecos","robots":{"index":"index","follow":"follow","max-snippet":"max-snippet:-1","max-image-preview":"max-image-preview:large","max-video-preview":"max-video-preview:-1"},"canonical":"https:\/\/infoecos.com.ar\/index.php\/las-medidas-que-rigen-desde-la-medianoche-en-el-distrito-de-pehuajo\/","og_locale":"es_ES","og_type":"article","og_title":"Las medidas que rigen, desde el pasado viernes, en el distrito de Pehuaj\u00f3 - Infoecos","og_description":"Las ampliaciones de las medidas se encuentran plasmadas en el decreto municipal N\u00ba 943\/2021","og_url":"https:\/\/infoecos.com.ar\/index.php\/las-medidas-que-rigen-desde-la-medianoche-en-el-distrito-de-pehuajo\/","og_site_name":"Infoecos","article_publisher":"https:\/\/www.facebook.com\/profile.php?id=100063200290284","article_published_time":"2021-08-21T08:36:32+00:00","article_modified_time":"2021-08-23T10:41:05+00:00","og_image":[{"width":639,"height":426,"url":"https:\/\/infoecos.com.ar\/wp-content\/uploads\/2021\/08\/zurro.jpg","type":"image\/jpeg"}],"author":"Jorge Matheus","twitter_card":"summary_large_image","twitter_creator":"@infoecos","twitter_site":"@infoecos","twitter_misc":{"Escrito por":"Jorge Matheus","Tiempo de lectura":"2 minutos"},"schema":{"@context":"https:\/\/schema.org","@graph":[{"@type":"Article","@id":"https:\/\/infoecos.com.ar\/index.php\/las-medidas-que-rigen-desde-la-medianoche-en-el-distrito-de-pehuajo\/#article","isPartOf":{"@id":"https:\/\/infoecos.com.ar\/index.php\/las-medidas-que-rigen-desde-la-medianoche-en-el-distrito-de-pehuajo\/"},"author":{"name":"Jorge Matheus","@id":"https:\/\/infoecos.com.ar\/#\/schema\/person\/8f5ace5ce73b4b4aac4b7245aee6f191"},"headline":"Las medidas que rigen, desde el pasado viernes, en el distrito de Pehuaj\u00f3","datePublished":"2021-08-21T08:36:32+00:00","dateModified":"2021-08-23T10:41:05+00:00","mainEntityOfPage":{"@id":"https:\/\/infoecos.com.ar\/index.php\/las-medidas-que-rigen-desde-la-medianoche-en-el-distrito-de-pehuajo\/"},"wordCount":441,"publisher":{"@id":"https:\/\/infoecos.com.ar\/#organization"},"image":{"@id":"https:\/\/infoecos.com.ar\/index.php\/las-medidas-que-rigen-desde-la-medianoche-en-el-distrito-de-pehuajo\/#primaryimage"},"thumbnailUrl":"https:\/\/infoecos.com.ar\/wp-content\/uploads\/2021\/08\/zurro.jpg","keywords":["CONFERENCIA DE PRENSA DE ZURRO"],"articleSection":["Bloque inferior - 8"],"inLanguage":"es"},{"@type":"WebPage","@id":"https:\/\/infoecos.com.ar\/index.php\/las-medidas-que-rigen-desde-la-medianoche-en-el-distrito-de-pehuajo\/","url":"https:\/\/infoecos.com.ar\/index.php\/las-medidas-que-rigen-desde-la-medianoche-en-el-distrito-de-pehuajo\/","name":"Las medidas que rigen, desde el pasado viernes, en el distrito de Pehuaj\u00f3 - Infoecos","isPartOf":{"@id":"https:\/\/infoecos.com.ar\/#website"},"primaryImageOfPage":{"@id":"https:\/\/infoecos.com.ar\/index.php\/las-medidas-que-rigen-desde-la-medianoche-en-el-distrito-de-pehuajo\/#primaryimage"},"image":{"@id":"https:\/\/infoecos.com.ar\/index.php\/las-medidas-que-rigen-desde-la-medianoche-en-el-distrito-de-pehuajo\/#primaryimage"},"thumbnailUrl":"https:\/\/infoecos.com.ar\/wp-content\/uploads\/2021\/08\/zurro.jpg","datePublished":"2021-08-21T08:36:32+00:00","dateModified":"2021-08-23T10:41:05+00:00","breadcrumb":{"@id":"https:\/\/infoecos.com.ar\/index.php\/las-medidas-que-rigen-desde-la-medianoche-en-el-distrito-de-pehuajo\/#breadcrumb"},"inLanguage":"es","potentialAction":[{"@type":"ReadAction","target":["https:\/\/infoecos.com.ar\/index.php\/las-medidas-que-rigen-desde-la-medianoche-en-el-distrito-de-pehuajo\/"]}]},{"@type":"ImageObject","inLanguage":"es","@id":"https:\/\/infoecos.com.ar\/index.php\/las-medidas-que-rigen-desde-la-medianoche-en-el-distrito-de-pehuajo\/#primaryimage","url":"https:\/\/infoecos.com.ar\/wp-content\/uploads\/2021\/08\/zurro.jpg","contentUrl":"https:\/\/infoecos.com.ar\/wp-content\/uploads\/2021\/08\/zurro.jpg","width":639,"height":426},{"@type":"BreadcrumbList","@id":"https:\/\/infoecos.com.ar\/index.php\/las-medidas-que-rigen-desde-la-medianoche-en-el-distrito-de-pehuajo\/#breadcrumb","itemListElement":[{"@type":"ListItem","position":1,"name":"Portada","item":"https:\/\/infoecos.com.ar\/"},{"@type":"ListItem","position":2,"name":"Las medidas que rigen, desde el pasado viernes, en el distrito de Pehuaj\u00f3"}]},{"@type":"WebSite","@id":"https:\/\/infoecos.com.ar\/#website","url":"https:\/\/infoecos.com.ar\/","name":"Infoecos","description":"Noticias de trenque lauquen y la zona","publisher":{"@id":"https:\/\/infoecos.com.ar\/#organization"},"alternateName":"Noticias","potentialAction":[{"@type":"SearchAction","target":{"@type":"EntryPoint","urlTemplate":"https:\/\/infoecos.com.ar\/?s={search_term_string}"},"query-input":{"@type":"PropertyValueSpecification","valueRequired":true,"valueName":"search_term_string"}}],"inLanguage":"es"},{"@type":"Organization","@id":"https:\/\/infoecos.com.ar\/#organization","name":"Infoecos","alternateName":"Noticias","url":"https:\/\/infoecos.com.ar\/","logo":{"@type":"ImageObject","inLanguage":"es","@id":"https:\/\/infoecos.com.ar\/#\/schema\/logo\/image\/","url":"https:\/\/infoecos.com.ar\/wp-content\/uploads\/2024\/03\/cropped-logo.png","contentUrl":"https:\/\/infoecos.com.ar\/wp-content\/uploads\/2024\/03\/cropped-logo.png","width":374,"height":90,"caption":"Infoecos"},"image":{"@id":"https:\/\/infoecos.com.ar\/#\/schema\/logo\/image\/"},"sameAs":["https:\/\/www.facebook.com\/profile.php?id=100063200290284","https:\/\/x.com\/infoecos"]},{"@type":"Person","@id":"https:\/\/infoecos.com.ar\/#\/schema\/person\/8f5ace5ce73b4b4aac4b7245aee6f191","name":"Jorge Matheus","url":"https:\/\/infoecos.com.ar\/index.php\/author\/jomatheus\/"}]}},"featured_image_urls":{"full":["https:\/\/infoecos.com.ar\/wp-content\/uploads\/2021\/08\/zurro.jpg",639,426,false],"thumbnail":["https:\/\/infoecos.com.ar\/wp-content\/uploads\/2021\/08\/zurro-150x150.jpg",150,150,true],"medium":["https:\/\/infoecos.com.ar\/wp-content\/uploads\/2021\/08\/zurro-460x307.jpg",460,307,true],"medium_large":["https:\/\/infoecos.com.ar\/wp-content\/uploads\/2021\/08\/zurro.jpg",639,426,false],"large":["https:\/\/infoecos.com.ar\/wp-content\/uploads\/2021\/08\/zurro.jpg",639,426,false],"1536x1536":["https:\/\/infoecos.com.ar\/wp-content\/uploads\/2021\/08\/zurro.jpg",639,426,false],"2048x2048":["https:\/\/infoecos.com.ar\/wp-content\/uploads\/2021\/08\/zurro.jpg",639,426,false],"covernews-slider-full":["https:\/\/infoecos.com.ar\/wp-content\/uploads\/2021\/08\/zurro.jpg",639,426,false],"covernews-slider-center":["https:\/\/infoecos.com.ar\/wp-content\/uploads\/2021\/08\/zurro.jpg",639,426,false],"covernews-featured":["https:\/\/infoecos.com.ar\/wp-content\/uploads\/2021\/08\/zurro.jpg",639,426,false],"covernews-medium":["https:\/\/infoecos.com.ar\/wp-content\/uploads\/2021\/08\/zurro-639x380.jpg",540,321,true],"covernews-medium-square":["https:\/\/infoecos.com.ar\/wp-content\/uploads\/2021\/08\/zurro.jpg",375,250,false]},"author_info":{"info":["Jorge Matheus"]},"category_info":"<a href=\"https:\/\/infoecos.com.ar\/index.php\/category\/inferior8\/\" rel=\"category tag\">Bloque inferior - 8<\/a>","tag_info":"Bloque inferior - 8","comment_count":"0","_links":{"self":[{"href":"https:\/\/infoecos.com.ar\/index.php\/wp-json\/wp\/v2\/posts\/83845"}],"collection":[{"href":"https:\/\/infoecos.com.ar\/index.php\/wp-json\/wp\/v2\/posts"}],"about":[{"href":"https:\/\/infoecos.com.ar\/index.php\/wp-json\/wp\/v2\/types\/post"}],"author":[{"embeddable":true,"href":"https:\/\/infoecos.com.ar\/index.php\/wp-json\/wp\/v2\/users\/2"}],"replies":[{"embeddable":true,"href":"https:\/\/infoecos.com.ar\/index.php\/wp-json\/wp\/v2\/comments?post=83845"}],"version-history":[{"count":3,"href":"https:\/\/infoecos.com.ar\/index.php\/wp-json\/wp\/v2\/posts\/83845\/revisions"}],"predecessor-version":[{"id":83985,"href":"https:\/\/infoecos.com.ar\/index.php\/wp-json\/wp\/v2\/posts\/83845\/revisions\/83985"}],"wp:featuredmedia":[{"embeddable":true,"href":"https:\/\/infoecos.com.ar\/index.php\/wp-json\/wp\/v2\/media\/83846"}],"wp:attachment":[{"href":"https:\/\/infoecos.com.ar\/index.php\/wp-json\/wp\/v2\/media?parent=83845"}],"wp:term":[{"taxonomy":"category","embeddable":true,"href":"https:\/\/infoecos.com.ar\/index.php\/wp-json\/wp\/v2\/categories?post=83845"},{"taxonomy":"post_tag","embeddable":true,"href":"https:\/\/infoecos.com.ar\/index.php\/wp-json\/wp\/v2\/tags?post=83845"}],"curies":[{"name":"wp","href":"https:\/\/api.w.org\/{rel}","templated":true}]}}