{"id":83850,"date":"2021-08-21T05:48:41","date_gmt":"2021-08-21T08:48:41","guid":{"rendered":"http:\/\/infoecos.com.ar\/?p=83850"},"modified":"2021-08-23T07:28:14","modified_gmt":"2021-08-23T10:28:14","slug":"ya-funciona-la-sala-de-endoscopia-del-hospital-municipal-de-america","status":"publish","type":"post","link":"https:\/\/infoecos.com.ar\/index.php\/ya-funciona-la-sala-de-endoscopia-del-hospital-municipal-de-america\/","title":{"rendered":"Ya funciona la Sala de Endoscopia del Hospital Municipal de Am\u00e9rica"},"content":{"rendered":"\n<p>Ya est\u00e1 funcionando la nueva Sala de Endoscopia del Hospital Municipal de Rivadavia. Esta obra de reforma y modernizaci\u00f3n de la sala estuvo a cargo de la Asociaci\u00f3n Civil \u00abMejor Salud para Rivadavia\u00bb, con una inversi\u00f3n de $2.700.000.<\/p>\n\n\n\n<div class=\"wp-block-image is-style-default\"><figure class=\"aligncenter size-medium\"><img loading=\"lazy\" decoding=\"async\" width=\"460\" height=\"240\" src=\"http:\/\/infoecos.com.ar\/wp-content\/uploads\/2021\/08\/tiempodeloeste-460x240.jpg\" alt=\"\" class=\"wp-image-83851\" srcset=\"https:\/\/infoecos.com.ar\/wp-content\/uploads\/2021\/08\/tiempodeloeste-460x240.jpg 460w, https:\/\/infoecos.com.ar\/wp-content\/uploads\/2021\/08\/tiempodeloeste-768x400.jpg 768w, https:\/\/infoecos.com.ar\/wp-content\/uploads\/2021\/08\/tiempodeloeste.jpg 787w\" sizes=\"(max-width: 460px) 100vw, 460px\" \/><\/figure><\/div>\n\n\n\n<p>Con esta obra se culmina, se\u00f1ala la informaci\u00f3n municipal, la reforma integral de los quir\u00f3fanos. <\/p>\n\n\n\n<p>El intendente, Javier Reynoso, &nbsp;agradeci\u00f3 a la comunidad por su aporte a la Asociaci\u00f3n Civil \u201cMejor Salud para Rivadavia\u201d. <\/p>\n","protected":false},"excerpt":{"rendered":"<p>Con esta obra se culmina, se\u00f1ala la informaci\u00f3n municipal, la reforma integral de los quir\u00f3fanos<\/p>\n","protected":false},"author":2,"featured_media":83851,"comment_status":"closed","ping_status":"open","sticky":false,"template":"","format":"standard","meta":{"footnotes":""},"categories":[199],"tags":[4766],"class_list":["post-83850","post","type-post","status-publish","format-standard","has-post-thumbnail","hentry","category-inferior7","tag-desde-el-pasado-18-del-corriente"],"yoast_head":"<!-- This site is optimized with the Yoast SEO plugin v23.4 - https:\/\/yoast.com\/wordpress\/plugins\/seo\/ -->\n<title>Ya funciona la Sala de Endoscopia del Hospital Municipal de Am\u00e9rica - Infoecos<\/title>\n<meta name=\"robots\" content=\"index, follow, max-snippet:-1, max-image-preview:large, max-video-preview:-1\" \/>\n<link rel=\"canonical\" href=\"https:\/\/infoecos.com.ar\/index.php\/ya-funciona-la-sala-de-endoscopia-del-hospital-municipal-de-america\/\" \/>\n<meta property=\"og:locale\" content=\"es_ES\" \/>\n<meta property=\"og:type\" content=\"article\" \/>\n<meta property=\"og:title\" content=\"Ya funciona la Sala de Endoscopia del Hospital Municipal de Am\u00e9rica - Infoecos\" \/>\n<meta property=\"og:description\" content=\"Con esta obra se culmina, se\u00f1ala la informaci\u00f3n municipal, la reforma integral de los quir\u00f3fanos\" \/>\n<meta property=\"og:url\" content=\"https:\/\/infoecos.com.ar\/index.php\/ya-funciona-la-sala-de-endoscopia-del-hospital-municipal-de-america\/\" \/>\n<meta property=\"og:site_name\" content=\"Infoecos\" \/>\n<meta property=\"article:publisher\" content=\"https:\/\/www.facebook.com\/profile.php?id=100063200290284\" \/>\n<meta property=\"article:published_time\" content=\"2021-08-21T08:48:41+00:00\" \/>\n<meta property=\"article:modified_time\" content=\"2021-08-23T10:28:14+00:00\" \/>\n<meta property=\"og:image\" content=\"https:\/\/infoecos.com.ar\/wp-content\/uploads\/2021\/08\/tiempodeloeste.jpg\" \/>\n\t<meta property=\"og:image:width\" content=\"787\" \/>\n\t<meta property=\"og:image:height\" content=\"410\" \/>\n\t<meta property=\"og:image:type\" content=\"image\/jpeg\" \/>\n<meta name=\"author\" content=\"Jorge Matheus\" \/>\n<meta name=\"twitter:card\" content=\"summary_large_image\" \/>\n<meta name=\"twitter:creator\" content=\"@infoecos\" \/>\n<meta name=\"twitter:site\" content=\"@infoecos\" \/>\n<meta name=\"twitter:label1\" content=\"Escrito por\" \/>\n\t<meta name=\"twitter:data1\" content=\"Jorge Matheus\" \/>\n<script type=\"application\/ld+json\" class=\"yoast-schema-graph\">{\"@context\":\"https:\/\/schema.org\",\"@graph\":[{\"@type\":\"Article\",\"@id\":\"https:\/\/infoecos.com.ar\/index.php\/ya-funciona-la-sala-de-endoscopia-del-hospital-municipal-de-america\/#article\",\"isPartOf\":{\"@id\":\"https:\/\/infoecos.com.ar\/index.php\/ya-funciona-la-sala-de-endoscopia-del-hospital-municipal-de-america\/\"},\"author\":{\"name\":\"Jorge Matheus\",\"@id\":\"https:\/\/infoecos.com.ar\/#\/schema\/person\/8f5ace5ce73b4b4aac4b7245aee6f191\"},\"headline\":\"Ya funciona la Sala de Endoscopia del Hospital Municipal de Am\u00e9rica\",\"datePublished\":\"2021-08-21T08:48:41+00:00\",\"dateModified\":\"2021-08-23T10:28:14+00:00\",\"mainEntityOfPage\":{\"@id\":\"https:\/\/infoecos.com.ar\/index.php\/ya-funciona-la-sala-de-endoscopia-del-hospital-municipal-de-america\/\"},\"wordCount\":91,\"publisher\":{\"@id\":\"https:\/\/infoecos.com.ar\/#organization\"},\"image\":{\"@id\":\"https:\/\/infoecos.com.ar\/index.php\/ya-funciona-la-sala-de-endoscopia-del-hospital-municipal-de-america\/#primaryimage\"},\"thumbnailUrl\":\"https:\/\/infoecos.com.ar\/wp-content\/uploads\/2021\/08\/tiempodeloeste.jpg\",\"keywords\":[\"DESDE EL PASADO 18 DEL CORRIENTE\"],\"articleSection\":[\"Bloque inferior - 7\"],\"inLanguage\":\"es\"},{\"@type\":\"WebPage\",\"@id\":\"https:\/\/infoecos.com.ar\/index.php\/ya-funciona-la-sala-de-endoscopia-del-hospital-municipal-de-america\/\",\"url\":\"https:\/\/infoecos.com.ar\/index.php\/ya-funciona-la-sala-de-endoscopia-del-hospital-municipal-de-america\/\",\"name\":\"Ya funciona la Sala de Endoscopia del Hospital Municipal de Am\u00e9rica - Infoecos\",\"isPartOf\":{\"@id\":\"https:\/\/infoecos.com.ar\/#website\"},\"primaryImageOfPage\":{\"@id\":\"https:\/\/infoecos.com.ar\/index.php\/ya-funciona-la-sala-de-endoscopia-del-hospital-municipal-de-america\/#primaryimage\"},\"image\":{\"@id\":\"https:\/\/infoecos.com.ar\/index.php\/ya-funciona-la-sala-de-endoscopia-del-hospital-municipal-de-america\/#primaryimage\"},\"thumbnailUrl\":\"https:\/\/infoecos.com.ar\/wp-content\/uploads\/2021\/08\/tiempodeloeste.jpg\",\"datePublished\":\"2021-08-21T08:48:41+00:00\",\"dateModified\":\"2021-08-23T10:28:14+00:00\",\"breadcrumb\":{\"@id\":\"https:\/\/infoecos.com.ar\/index.php\/ya-funciona-la-sala-de-endoscopia-del-hospital-municipal-de-america\/#breadcrumb\"},\"inLanguage\":\"es\",\"potentialAction\":[{\"@type\":\"ReadAction\",\"target\":[\"https:\/\/infoecos.com.ar\/index.php\/ya-funciona-la-sala-de-endoscopia-del-hospital-municipal-de-america\/\"]}]},{\"@type\":\"ImageObject\",\"inLanguage\":\"es\",\"@id\":\"https:\/\/infoecos.com.ar\/index.php\/ya-funciona-la-sala-de-endoscopia-del-hospital-municipal-de-america\/#primaryimage\",\"url\":\"https:\/\/infoecos.com.ar\/wp-content\/uploads\/2021\/08\/tiempodeloeste.jpg\",\"contentUrl\":\"https:\/\/infoecos.com.ar\/wp-content\/uploads\/2021\/08\/tiempodeloeste.jpg\",\"width\":787,\"height\":410},{\"@type\":\"BreadcrumbList\",\"@id\":\"https:\/\/infoecos.com.ar\/index.php\/ya-funciona-la-sala-de-endoscopia-del-hospital-municipal-de-america\/#breadcrumb\",\"itemListElement\":[{\"@type\":\"ListItem\",\"position\":1,\"name\":\"Portada\",\"item\":\"https:\/\/infoecos.com.ar\/\"},{\"@type\":\"ListItem\",\"position\":2,\"name\":\"Ya funciona la Sala de Endoscopia del Hospital Municipal de Am\u00e9rica\"}]},{\"@type\":\"WebSite\",\"@id\":\"https:\/\/infoecos.com.ar\/#website\",\"url\":\"https:\/\/infoecos.com.ar\/\",\"name\":\"Infoecos\",\"description\":\"Noticias de trenque lauquen y la zona\",\"publisher\":{\"@id\":\"https:\/\/infoecos.com.ar\/#organization\"},\"alternateName\":\"Noticias\",\"potentialAction\":[{\"@type\":\"SearchAction\",\"target\":{\"@type\":\"EntryPoint\",\"urlTemplate\":\"https:\/\/infoecos.com.ar\/?s={search_term_string}\"},\"query-input\":{\"@type\":\"PropertyValueSpecification\",\"valueRequired\":true,\"valueName\":\"search_term_string\"}}],\"inLanguage\":\"es\"},{\"@type\":\"Organization\",\"@id\":\"https:\/\/infoecos.com.ar\/#organization\",\"name\":\"Infoecos\",\"alternateName\":\"Noticias\",\"url\":\"https:\/\/infoecos.com.ar\/\",\"logo\":{\"@type\":\"ImageObject\",\"inLanguage\":\"es\",\"@id\":\"https:\/\/infoecos.com.ar\/#\/schema\/logo\/image\/\",\"url\":\"https:\/\/infoecos.com.ar\/wp-content\/uploads\/2024\/03\/cropped-logo.png\",\"contentUrl\":\"https:\/\/infoecos.com.ar\/wp-content\/uploads\/2024\/03\/cropped-logo.png\",\"width\":374,\"height\":90,\"caption\":\"Infoecos\"},\"image\":{\"@id\":\"https:\/\/infoecos.com.ar\/#\/schema\/logo\/image\/\"},\"sameAs\":[\"https:\/\/www.facebook.com\/profile.php?id=100063200290284\",\"https:\/\/x.com\/infoecos\"]},{\"@type\":\"Person\",\"@id\":\"https:\/\/infoecos.com.ar\/#\/schema\/person\/8f5ace5ce73b4b4aac4b7245aee6f191\",\"name\":\"Jorge Matheus\",\"url\":\"https:\/\/infoecos.com.ar\/index.php\/author\/jomatheus\/\"}]}<\/script>\n<!-- \/ Yoast SEO plugin. -->","yoast_head_json":{"title":"Ya funciona la Sala de Endoscopia del Hospital Municipal de Am\u00e9rica - Infoecos","robots":{"index":"index","follow":"follow","max-snippet":"max-snippet:-1","max-image-preview":"max-image-preview:large","max-video-preview":"max-video-preview:-1"},"canonical":"https:\/\/infoecos.com.ar\/index.php\/ya-funciona-la-sala-de-endoscopia-del-hospital-municipal-de-america\/","og_locale":"es_ES","og_type":"article","og_title":"Ya funciona la Sala de Endoscopia del Hospital Municipal de Am\u00e9rica - Infoecos","og_description":"Con esta obra se culmina, se\u00f1ala la informaci\u00f3n municipal, la reforma integral de los quir\u00f3fanos","og_url":"https:\/\/infoecos.com.ar\/index.php\/ya-funciona-la-sala-de-endoscopia-del-hospital-municipal-de-america\/","og_site_name":"Infoecos","article_publisher":"https:\/\/www.facebook.com\/profile.php?id=100063200290284","article_published_time":"2021-08-21T08:48:41+00:00","article_modified_time":"2021-08-23T10:28:14+00:00","og_image":[{"width":787,"height":410,"url":"https:\/\/infoecos.com.ar\/wp-content\/uploads\/2021\/08\/tiempodeloeste.jpg","type":"image\/jpeg"}],"author":"Jorge Matheus","twitter_card":"summary_large_image","twitter_creator":"@infoecos","twitter_site":"@infoecos","twitter_misc":{"Escrito por":"Jorge Matheus"},"schema":{"@context":"https:\/\/schema.org","@graph":[{"@type":"Article","@id":"https:\/\/infoecos.com.ar\/index.php\/ya-funciona-la-sala-de-endoscopia-del-hospital-municipal-de-america\/#article","isPartOf":{"@id":"https:\/\/infoecos.com.ar\/index.php\/ya-funciona-la-sala-de-endoscopia-del-hospital-municipal-de-america\/"},"author":{"name":"Jorge Matheus","@id":"https:\/\/infoecos.com.ar\/#\/schema\/person\/8f5ace5ce73b4b4aac4b7245aee6f191"},"headline":"Ya funciona la Sala de Endoscopia del Hospital Municipal de Am\u00e9rica","datePublished":"2021-08-21T08:48:41+00:00","dateModified":"2021-08-23T10:28:14+00:00","mainEntityOfPage":{"@id":"https:\/\/infoecos.com.ar\/index.php\/ya-funciona-la-sala-de-endoscopia-del-hospital-municipal-de-america\/"},"wordCount":91,"publisher":{"@id":"https:\/\/infoecos.com.ar\/#organization"},"image":{"@id":"https:\/\/infoecos.com.ar\/index.php\/ya-funciona-la-sala-de-endoscopia-del-hospital-municipal-de-america\/#primaryimage"},"thumbnailUrl":"https:\/\/infoecos.com.ar\/wp-content\/uploads\/2021\/08\/tiempodeloeste.jpg","keywords":["DESDE EL PASADO 18 DEL CORRIENTE"],"articleSection":["Bloque inferior - 7"],"inLanguage":"es"},{"@type":"WebPage","@id":"https:\/\/infoecos.com.ar\/index.php\/ya-funciona-la-sala-de-endoscopia-del-hospital-municipal-de-america\/","url":"https:\/\/infoecos.com.ar\/index.php\/ya-funciona-la-sala-de-endoscopia-del-hospital-municipal-de-america\/","name":"Ya funciona la Sala de Endoscopia del Hospital Municipal de Am\u00e9rica - Infoecos","isPartOf":{"@id":"https:\/\/infoecos.com.ar\/#website"},"primaryImageOfPage":{"@id":"https:\/\/infoecos.com.ar\/index.php\/ya-funciona-la-sala-de-endoscopia-del-hospital-municipal-de-america\/#primaryimage"},"image":{"@id":"https:\/\/infoecos.com.ar\/index.php\/ya-funciona-la-sala-de-endoscopia-del-hospital-municipal-de-america\/#primaryimage"},"thumbnailUrl":"https:\/\/infoecos.com.ar\/wp-content\/uploads\/2021\/08\/tiempodeloeste.jpg","datePublished":"2021-08-21T08:48:41+00:00","dateModified":"2021-08-23T10:28:14+00:00","breadcrumb":{"@id":"https:\/\/infoecos.com.ar\/index.php\/ya-funciona-la-sala-de-endoscopia-del-hospital-municipal-de-america\/#breadcrumb"},"inLanguage":"es","potentialAction":[{"@type":"ReadAction","target":["https:\/\/infoecos.com.ar\/index.php\/ya-funciona-la-sala-de-endoscopia-del-hospital-municipal-de-america\/"]}]},{"@type":"ImageObject","inLanguage":"es","@id":"https:\/\/infoecos.com.ar\/index.php\/ya-funciona-la-sala-de-endoscopia-del-hospital-municipal-de-america\/#primaryimage","url":"https:\/\/infoecos.com.ar\/wp-content\/uploads\/2021\/08\/tiempodeloeste.jpg","contentUrl":"https:\/\/infoecos.com.ar\/wp-content\/uploads\/2021\/08\/tiempodeloeste.jpg","width":787,"height":410},{"@type":"BreadcrumbList","@id":"https:\/\/infoecos.com.ar\/index.php\/ya-funciona-la-sala-de-endoscopia-del-hospital-municipal-de-america\/#breadcrumb","itemListElement":[{"@type":"ListItem","position":1,"name":"Portada","item":"https:\/\/infoecos.com.ar\/"},{"@type":"ListItem","position":2,"name":"Ya funciona la Sala de Endoscopia del Hospital Municipal de Am\u00e9rica"}]},{"@type":"WebSite","@id":"https:\/\/infoecos.com.ar\/#website","url":"https:\/\/infoecos.com.ar\/","name":"Infoecos","description":"Noticias de trenque lauquen y la zona","publisher":{"@id":"https:\/\/infoecos.com.ar\/#organization"},"alternateName":"Noticias","potentialAction":[{"@type":"SearchAction","target":{"@type":"EntryPoint","urlTemplate":"https:\/\/infoecos.com.ar\/?s={search_term_string}"},"query-input":{"@type":"PropertyValueSpecification","valueRequired":true,"valueName":"search_term_string"}}],"inLanguage":"es"},{"@type":"Organization","@id":"https:\/\/infoecos.com.ar\/#organization","name":"Infoecos","alternateName":"Noticias","url":"https:\/\/infoecos.com.ar\/","logo":{"@type":"ImageObject","inLanguage":"es","@id":"https:\/\/infoecos.com.ar\/#\/schema\/logo\/image\/","url":"https:\/\/infoecos.com.ar\/wp-content\/uploads\/2024\/03\/cropped-logo.png","contentUrl":"https:\/\/infoecos.com.ar\/wp-content\/uploads\/2024\/03\/cropped-logo.png","width":374,"height":90,"caption":"Infoecos"},"image":{"@id":"https:\/\/infoecos.com.ar\/#\/schema\/logo\/image\/"},"sameAs":["https:\/\/www.facebook.com\/profile.php?id=100063200290284","https:\/\/x.com\/infoecos"]},{"@type":"Person","@id":"https:\/\/infoecos.com.ar\/#\/schema\/person\/8f5ace5ce73b4b4aac4b7245aee6f191","name":"Jorge Matheus","url":"https:\/\/infoecos.com.ar\/index.php\/author\/jomatheus\/"}]}},"featured_image_urls":{"full":["https:\/\/infoecos.com.ar\/wp-content\/uploads\/2021\/08\/tiempodeloeste.jpg",787,410,false],"thumbnail":["https:\/\/infoecos.com.ar\/wp-content\/uploads\/2021\/08\/tiempodeloeste-150x150.jpg",150,150,true],"medium":["https:\/\/infoecos.com.ar\/wp-content\/uploads\/2021\/08\/tiempodeloeste-460x240.jpg",460,240,true],"medium_large":["https:\/\/infoecos.com.ar\/wp-content\/uploads\/2021\/08\/tiempodeloeste-768x400.jpg",640,333,true],"large":["https:\/\/infoecos.com.ar\/wp-content\/uploads\/2021\/08\/tiempodeloeste.jpg",640,333,false],"1536x1536":["https:\/\/infoecos.com.ar\/wp-content\/uploads\/2021\/08\/tiempodeloeste.jpg",787,410,false],"2048x2048":["https:\/\/infoecos.com.ar\/wp-content\/uploads\/2021\/08\/tiempodeloeste.jpg",787,410,false],"covernews-slider-full":["https:\/\/infoecos.com.ar\/wp-content\/uploads\/2021\/08\/tiempodeloeste.jpg",787,410,false],"covernews-slider-center":["https:\/\/infoecos.com.ar\/wp-content\/uploads\/2021\/08\/tiempodeloeste.jpg",787,410,false],"covernews-featured":["https:\/\/infoecos.com.ar\/wp-content\/uploads\/2021\/08\/tiempodeloeste.jpg",787,410,false],"covernews-medium":["https:\/\/infoecos.com.ar\/wp-content\/uploads\/2021\/08\/tiempodeloeste-720x380.jpg",540,285,true],"covernews-medium-square":["https:\/\/infoecos.com.ar\/wp-content\/uploads\/2021\/08\/tiempodeloeste-675x410.jpg",400,243,true]},"author_info":{"info":["Jorge Matheus"]},"category_info":"<a href=\"https:\/\/infoecos.com.ar\/index.php\/category\/inferior7\/\" rel=\"category tag\">Bloque inferior - 7<\/a>","tag_info":"Bloque inferior - 7","comment_count":"0","_links":{"self":[{"href":"https:\/\/infoecos.com.ar\/index.php\/wp-json\/wp\/v2\/posts\/83850"}],"collection":[{"href":"https:\/\/infoecos.com.ar\/index.php\/wp-json\/wp\/v2\/posts"}],"about":[{"href":"https:\/\/infoecos.com.ar\/index.php\/wp-json\/wp\/v2\/types\/post"}],"author":[{"embeddable":true,"href":"https:\/\/infoecos.com.ar\/index.php\/wp-json\/wp\/v2\/users\/2"}],"replies":[{"embeddable":true,"href":"https:\/\/infoecos.com.ar\/index.php\/wp-json\/wp\/v2\/comments?post=83850"}],"version-history":[{"count":2,"href":"https:\/\/infoecos.com.ar\/index.php\/wp-json\/wp\/v2\/posts\/83850\/revisions"}],"predecessor-version":[{"id":83940,"href":"https:\/\/infoecos.com.ar\/index.php\/wp-json\/wp\/v2\/posts\/83850\/revisions\/83940"}],"wp:featuredmedia":[{"embeddable":true,"href":"https:\/\/infoecos.com.ar\/index.php\/wp-json\/wp\/v2\/media\/83851"}],"wp:attachment":[{"href":"https:\/\/infoecos.com.ar\/index.php\/wp-json\/wp\/v2\/media?parent=83850"}],"wp:term":[{"taxonomy":"category","embeddable":true,"href":"https:\/\/infoecos.com.ar\/index.php\/wp-json\/wp\/v2\/categories?post=83850"},{"taxonomy":"post_tag","embeddable":true,"href":"https:\/\/infoecos.com.ar\/index.php\/wp-json\/wp\/v2\/tags?post=83850"}],"curies":[{"name":"wp","href":"https:\/\/api.w.org\/{rel}","templated":true}]}}