{"id":83857,"date":"2021-08-21T06:03:08","date_gmt":"2021-08-21T09:03:08","guid":{"rendered":"http:\/\/infoecos.com.ar\/?p=83857"},"modified":"2021-08-24T07:49:57","modified_gmt":"2021-08-24T10:49:57","slug":"en-chacabuco-piensan-en-la-vuelta-de-los-locales-nocturnos-y-se-realizan-reuniones-con-las-autoridades-municipales","status":"publish","type":"post","link":"https:\/\/infoecos.com.ar\/index.php\/en-chacabuco-piensan-en-la-vuelta-de-los-locales-nocturnos-y-se-realizan-reuniones-con-las-autoridades-municipales\/","title":{"rendered":"En Chacabuco piensan en la vuelta de los locales nocturnos y se realizan reuniones con las autoridades municipales"},"content":{"rendered":"\n<p class=\"wp-block-paragraph\">Hubo una reuni\u00f3n en Chacabuco entre miembros del ejecutivo con la intenci\u00f3n de analizar y empezar a planificar una posible vuelta a la actividad del sector cuando est\u00e9 la autorizaci\u00f3n definitiva de la provincia.<\/p>\n\n\n\n<div class=\"wp-block-image is-style-default\"><figure class=\"aligncenter size-medium\"><img loading=\"lazy\" decoding=\"async\" width=\"460\" height=\"259\" src=\"http:\/\/infoecos.com.ar\/wp-content\/uploads\/2021\/07\/chacabuco-460x259.jpeg\" alt=\"\" class=\"wp-image-81715\" srcset=\"https:\/\/infoecos.com.ar\/wp-content\/uploads\/2021\/07\/chacabuco-460x259.jpeg 460w, https:\/\/infoecos.com.ar\/wp-content\/uploads\/2021\/07\/chacabuco-768x432.jpeg 768w, https:\/\/infoecos.com.ar\/wp-content\/uploads\/2021\/07\/chacabuco.jpeg 770w\" sizes=\"auto, (max-width: 460px) 100vw, 460px\" \/><\/figure><\/div>\n\n\n\n<p class=\"wp-block-paragraph\">El secretario de Gobierno&nbsp;Alejo P\u00e9rez<strong>,<\/strong>&nbsp;al t\u00e9rmino de la reuni\u00f3n, manifest\u00f3: \u201cEl decreto provincial, pese a haberlo anunciado, no habilit\u00f3 discotecas o boliches. Lo que hicimos en esta reuni\u00f3n fue pedirles que pongan sus locales en condiciones en t\u00e9rminos de habilitaci\u00f3n porque&nbsp;existe la posibilidad de avanzar con el pasaporte Covid, pero siempre que est\u00e9n en orden con el tema de la habilitaci\u00f3n\u201d.<\/p>\n\n\n\n<p class=\"wp-block-paragraph\">\u201cCharlamos sobre un posible funcionamiento, horarios y como pod\u00edan ayudar desde estos locales a evitar fiestas clandestinas. si podemos llevar esto a cabo, el aforo ser\u00eda del 70%. Adem\u00e1s, hablamos sobre la posibilidad de un pr\u00e9stamo, para la realizaci\u00f3n de tr\u00e1mites de reapertura\u201d, se\u00f1al\u00f3.&nbsp;<\/p>\n\n\n\n<p class=\"wp-block-paragraph\">Las declaraciones fueron realizadas a <strong>Chacabuco en Red<\/strong> y reproducidas por<strong> infonoroeste<\/strong> de Jun\u00edn. <\/p>\n","protected":false},"excerpt":{"rendered":"<p>\u201cCharlamos sobre un posible funcionamiento, horarios y como pod\u00edan ayudar desde estos locales a evitar fiestas clandestinas\u00bb, dijo el secretario de Gobierno<\/p>\n","protected":false},"author":2,"featured_media":81715,"comment_status":"closed","ping_status":"open","sticky":false,"template":"","format":"standard","meta":{"footnotes":""},"categories":[1332],"tags":[4769],"class_list":["post-83857","post","type-post","status-publish","format-standard","has-post-thumbnail","hentry","category-inferior12","tag-en-chacabuco-habria-mas-aperturas"],"featured_image_urls":{"full":["https:\/\/infoecos.com.ar\/wp-content\/uploads\/2021\/07\/chacabuco.jpeg",770,433,false],"thumbnail":["https:\/\/infoecos.com.ar\/wp-content\/uploads\/2021\/07\/chacabuco-150x150.jpeg",150,150,true],"medium":["https:\/\/infoecos.com.ar\/wp-content\/uploads\/2021\/07\/chacabuco-460x259.jpeg",460,259,true],"medium_large":["https:\/\/infoecos.com.ar\/wp-content\/uploads\/2021\/07\/chacabuco-768x432.jpeg",640,360,true],"large":["https:\/\/infoecos.com.ar\/wp-content\/uploads\/2021\/07\/chacabuco.jpeg",640,360,false],"1536x1536":["https:\/\/infoecos.com.ar\/wp-content\/uploads\/2021\/07\/chacabuco.jpeg",770,433,false],"2048x2048":["https:\/\/infoecos.com.ar\/wp-content\/uploads\/2021\/07\/chacabuco.jpeg",770,433,false],"covernews-slider-full":["https:\/\/infoecos.com.ar\/wp-content\/uploads\/2021\/07\/chacabuco.jpeg",770,433,false],"covernews-slider-center":["https:\/\/infoecos.com.ar\/wp-content\/uploads\/2021\/07\/chacabuco.jpeg",770,433,false],"covernews-featured":["https:\/\/infoecos.com.ar\/wp-content\/uploads\/2021\/07\/chacabuco.jpeg",770,433,false],"covernews-medium":["https:\/\/infoecos.com.ar\/wp-content\/uploads\/2021\/07\/chacabuco-720x380.jpeg",540,285,true],"covernews-medium-square":["https:\/\/infoecos.com.ar\/wp-content\/uploads\/2021\/07\/chacabuco-675x433.jpeg",390,250,true]},"author_info":{"info":["Jorge Matheus"]},"category_info":"<a href=\"https:\/\/infoecos.com.ar\/index.php\/category\/inferior12\/\" rel=\"category tag\">Bloque inferior - 12<\/a>","tag_info":"Bloque inferior - 12","comment_count":"0","_links":{"self":[{"href":"https:\/\/infoecos.com.ar\/index.php\/wp-json\/wp\/v2\/posts\/83857","targetHints":{"allow":["GET"]}}],"collection":[{"href":"https:\/\/infoecos.com.ar\/index.php\/wp-json\/wp\/v2\/posts"}],"about":[{"href":"https:\/\/infoecos.com.ar\/index.php\/wp-json\/wp\/v2\/types\/post"}],"author":[{"embeddable":true,"href":"https:\/\/infoecos.com.ar\/index.php\/wp-json\/wp\/v2\/users\/2"}],"replies":[{"embeddable":true,"href":"https:\/\/infoecos.com.ar\/index.php\/wp-json\/wp\/v2\/comments?post=83857"}],"version-history":[{"count":2,"href":"https:\/\/infoecos.com.ar\/index.php\/wp-json\/wp\/v2\/posts\/83857\/revisions"}],"predecessor-version":[{"id":84069,"href":"https:\/\/infoecos.com.ar\/index.php\/wp-json\/wp\/v2\/posts\/83857\/revisions\/84069"}],"wp:featuredmedia":[{"embeddable":true,"href":"https:\/\/infoecos.com.ar\/index.php\/wp-json\/wp\/v2\/media\/81715"}],"wp:attachment":[{"href":"https:\/\/infoecos.com.ar\/index.php\/wp-json\/wp\/v2\/media?parent=83857"}],"wp:term":[{"taxonomy":"category","embeddable":true,"href":"https:\/\/infoecos.com.ar\/index.php\/wp-json\/wp\/v2\/categories?post=83857"},{"taxonomy":"post_tag","embeddable":true,"href":"https:\/\/infoecos.com.ar\/index.php\/wp-json\/wp\/v2\/tags?post=83857"}],"curies":[{"name":"wp","href":"https:\/\/api.w.org\/{rel}","templated":true}]}}