{"id":83868,"date":"2021-08-21T06:24:56","date_gmt":"2021-08-21T09:24:56","guid":{"rendered":"http:\/\/infoecos.com.ar\/?p=83868"},"modified":"2021-08-21T06:24:57","modified_gmt":"2021-08-21T09:24:57","slug":"130-nuevos-contagios-y-dos-muertes-se-reportaron-este-viernes-en-la-pampa","status":"publish","type":"post","link":"https:\/\/infoecos.com.ar\/index.php\/130-nuevos-contagios-y-dos-muertes-se-reportaron-este-viernes-en-la-pampa\/","title":{"rendered":"130 nuevos contagios y dos muertes se reportaron este viernes en La Pampa"},"content":{"rendered":"\n<p class=\"wp-block-paragraph\">El Gobierno de la provincia de La Pampa, a trav\u00e9s del Ministerio de Salud, comunic\u00f3 que en horas de la tarde del d\u00eda 20 de agosto concluy\u00f3 el procesamiento de 1.831 muestras en los laboratorios de la Direcci\u00f3n de Epidemiolog\u00eda y del Establecimiento Asistencial Gobernador Centeno y Lucio Molas, como as\u00ed tambi\u00e9n en los diferentes Centros de Salud que analizan test de ant\u00edgenos, de las cuales 130 resultaron positivas para COVID-19.<\/p>\n\n\n\n<div class=\"wp-block-image is-style-default\"><figure class=\"aligncenter size-medium\"><img loading=\"lazy\" decoding=\"async\" width=\"460\" height=\"259\" src=\"http:\/\/infoecos.com.ar\/wp-content\/uploads\/5f29e3ce67177-460x259.jpg\" alt=\"\" class=\"wp-image-65568\" srcset=\"https:\/\/infoecos.com.ar\/wp-content\/uploads\/5f29e3ce67177-460x259.jpg 460w, https:\/\/infoecos.com.ar\/wp-content\/uploads\/5f29e3ce67177-768x433.jpg 768w, https:\/\/infoecos.com.ar\/wp-content\/uploads\/5f29e3ce67177.jpg 900w\" sizes=\"auto, (max-width: 460px) 100vw, 460px\" \/><\/figure><\/div>\n\n\n\n<p class=\"wp-block-paragraph\">De ellas, 38 corresponden a residentes en Santa Rosa, 14 en General Pico, 9 en Realic\u00f3, 8 en Guatrach\u00e9, 7 en Alpachiri, 6 en Caleuf\u00fa, 5 en Trenel, 5 en Catril\u00f3, 4 en Eduardo Castex, 4 en General Acha, 4 en Tel\u00e9n, 4 en Macach\u00edn, 3 en General San Mart\u00edn, 3 en Doblas, 2 en Toay, 2 en Intendente Alvear, 2 en Uriburu, 2 en Ojeda, 1 en Jacinto Arauz, 1 en Rancul, 1 en Quem\u00fa Quem\u00fa, 1 en Winifreda, 1 en Miguel Riglos, 1 en Pichi Huinca, 1 en Ingeniero Foster, 1 en Parera.<br>De 1.831 muestras analizadas en toda la Provincia, 1.347 fueron por test r\u00e1pidos y 484 por PCR.<\/p>\n\n\n\n<p class=\"wp-block-paragraph\">Se reportaron dos muertes y el n\u00famero de la pandemia desde su inicio llega a 838.<\/p>\n","protected":false},"excerpt":{"rendered":"<p>En horas de la tarde del d\u00eda 20 de agosto concluy\u00f3 el procesamiento de 1.831 muestras en los laboratorios de la Direcci\u00f3n de Epidemiolog\u00eda<\/p>\n","protected":false},"author":2,"featured_media":65568,"comment_status":"closed","ping_status":"open","sticky":false,"template":"","format":"standard","meta":{"footnotes":""},"categories":[46],"tags":[2534],"class_list":["post-83868","post","type-post","status-publish","format-standard","has-post-thumbnail","hentry","category-c2nota2","tag-coronavirus-en-la-provincia"],"featured_image_urls":{"full":["https:\/\/infoecos.com.ar\/wp-content\/uploads\/5f29e3ce67177.jpg",900,507,false],"thumbnail":["https:\/\/infoecos.com.ar\/wp-content\/uploads\/5f29e3ce67177-150x150.jpg",150,150,true],"medium":["https:\/\/infoecos.com.ar\/wp-content\/uploads\/5f29e3ce67177-460x259.jpg",460,259,true],"medium_large":["https:\/\/infoecos.com.ar\/wp-content\/uploads\/5f29e3ce67177-768x433.jpg",640,361,true],"large":["https:\/\/infoecos.com.ar\/wp-content\/uploads\/5f29e3ce67177.jpg",640,361,false],"1536x1536":["https:\/\/infoecos.com.ar\/wp-content\/uploads\/5f29e3ce67177.jpg",900,507,false],"2048x2048":["https:\/\/infoecos.com.ar\/wp-content\/uploads\/5f29e3ce67177.jpg",900,507,false],"covernews-slider-full":["https:\/\/infoecos.com.ar\/wp-content\/uploads\/5f29e3ce67177.jpg",900,507,false],"covernews-slider-center":["https:\/\/infoecos.com.ar\/wp-content\/uploads\/5f29e3ce67177.jpg",800,451,false],"covernews-featured":["https:\/\/infoecos.com.ar\/wp-content\/uploads\/5f29e3ce67177.jpg",900,507,false],"covernews-medium":["https:\/\/infoecos.com.ar\/wp-content\/uploads\/5f29e3ce67177-720x380.jpg",540,285,true],"covernews-medium-square":["https:\/\/infoecos.com.ar\/wp-content\/uploads\/5f29e3ce67177-675x450.jpg",375,250,true]},"author_info":{"info":["Jorge Matheus"]},"category_info":"<a href=\"https:\/\/infoecos.com.ar\/index.php\/category\/c2nota2\/\" rel=\"category tag\">C2 N2<\/a>","tag_info":"C2 N2","comment_count":"0","_links":{"self":[{"href":"https:\/\/infoecos.com.ar\/index.php\/wp-json\/wp\/v2\/posts\/83868","targetHints":{"allow":["GET"]}}],"collection":[{"href":"https:\/\/infoecos.com.ar\/index.php\/wp-json\/wp\/v2\/posts"}],"about":[{"href":"https:\/\/infoecos.com.ar\/index.php\/wp-json\/wp\/v2\/types\/post"}],"author":[{"embeddable":true,"href":"https:\/\/infoecos.com.ar\/index.php\/wp-json\/wp\/v2\/users\/2"}],"replies":[{"embeddable":true,"href":"https:\/\/infoecos.com.ar\/index.php\/wp-json\/wp\/v2\/comments?post=83868"}],"version-history":[{"count":1,"href":"https:\/\/infoecos.com.ar\/index.php\/wp-json\/wp\/v2\/posts\/83868\/revisions"}],"predecessor-version":[{"id":83869,"href":"https:\/\/infoecos.com.ar\/index.php\/wp-json\/wp\/v2\/posts\/83868\/revisions\/83869"}],"wp:featuredmedia":[{"embeddable":true,"href":"https:\/\/infoecos.com.ar\/index.php\/wp-json\/wp\/v2\/media\/65568"}],"wp:attachment":[{"href":"https:\/\/infoecos.com.ar\/index.php\/wp-json\/wp\/v2\/media?parent=83868"}],"wp:term":[{"taxonomy":"category","embeddable":true,"href":"https:\/\/infoecos.com.ar\/index.php\/wp-json\/wp\/v2\/categories?post=83868"},{"taxonomy":"post_tag","embeddable":true,"href":"https:\/\/infoecos.com.ar\/index.php\/wp-json\/wp\/v2\/tags?post=83868"}],"curies":[{"name":"wp","href":"https:\/\/api.w.org\/{rel}","templated":true}]}}