{"id":83895,"date":"2021-08-22T03:00:14","date_gmt":"2021-08-22T06:00:14","guid":{"rendered":"http:\/\/infoecos.com.ar\/?p=83895"},"modified":"2021-08-24T07:49:32","modified_gmt":"2021-08-24T10:49:32","slug":"massa-en-tres-de-febrero-queremos-una-mayoria-para-gobernar-para-todos-no-volvamos-para-atras","status":"publish","type":"post","link":"https:\/\/infoecos.com.ar\/index.php\/massa-en-tres-de-febrero-queremos-una-mayoria-para-gobernar-para-todos-no-volvamos-para-atras\/","title":{"rendered":"Massa en Tres de Febrero: \u00abQueremos una mayoria para gobernar para todos. No volvamos para atr\u00e1s\u00bb"},"content":{"rendered":"\n<p>El presidente de la C\u00e1mara de Diputados de la Naci\u00f3n, Sergio Massa, junto al jefe del Bloque de Diputados del Frente De Todos, M\u00e1ximo Kirchner, el ministro del Interior, Eduardo \u00abWado\u00bb De Pedro, y los precandidatos a diputados nacionales Victoria Tolosa Paz y Daniel Goll\u00e1n, acompa\u00f1aron la presentaci\u00f3n de la lista del Frente de Todos en Tres de Febrero.<\/p>\n\n\n\n<p>En ese marco y de cara a las pr\u00f3ximas elecciones, Massa asegur\u00f3: \u00abVamos a construir un gobierno de todos y para todos, no volvamos para atras\u00bb.<\/p>\n\n\n\n<div class=\"wp-block-image is-style-default\"><figure class=\"aligncenter size-medium\"><img loading=\"lazy\" decoding=\"async\" width=\"460\" height=\"306\" src=\"http:\/\/infoecos.com.ar\/wp-content\/uploads\/2021\/08\/masssaacto-460x306.jpg\" alt=\"\" class=\"wp-image-83896\" srcset=\"https:\/\/infoecos.com.ar\/wp-content\/uploads\/2021\/08\/masssaacto-460x306.jpg 460w, https:\/\/infoecos.com.ar\/wp-content\/uploads\/2021\/08\/masssaacto-920x613.jpg 920w, https:\/\/infoecos.com.ar\/wp-content\/uploads\/2021\/08\/masssaacto-768x512.jpg 768w, https:\/\/infoecos.com.ar\/wp-content\/uploads\/2021\/08\/masssaacto-675x450.jpg 675w, https:\/\/infoecos.com.ar\/wp-content\/uploads\/2021\/08\/masssaacto.jpg 1024w\" sizes=\"(max-width: 460px) 100vw, 460px\" \/><figcaption>Massa en 3 de Febrero<\/figcaption><\/figure><\/div>\n\n\n\n<p>\u00abNosotros elegimos cumplir las obligaciones, entendiendo que la principal es con quienes trabajan y producen, somos los que nos animamos a bajar las obligaciones de pago de deuda para poner la plata en inversi\u00f3n p\u00fablica, obras, escuelas. Somos los que creemos en la educaci\u00f3n publica, que la Argentina debe ser un lugar de progreso para todos y no solo para los amigos\u00bb, agreg\u00f3 el titular de Diputados.<\/p>\n\n\n\n<p>Y continu\u00f3: \u00abSabemos que la pandemia nos fren\u00f3 el camino al que nos comprometimos, y necesitamos que nos ayuden con el voto, para tener herramientas para pagar las deudas. Queremos una mayoria para gobernar para todos\u00bb.<\/p>\n\n\n\n<p>Con la impronta de la recuperaci\u00f3n del trabajo, la producci\u00f3n y la generaci\u00f3n de valor agregado para la reconstrucci\u00f3n argentina, el acto se desarroll\u00f3 en la f\u00e1brica Fumaca, una empresa nacional que, desde 1965, produce herrajes de primera calidad para abastecer el mercado local e internacional. Y cuenta un departamento de Investigaci\u00f3n y desarrollo equipado con alta tecnolog\u00eda que facilita la innovaci\u00f3n y la calidad a bajo costo. En este sentido, Massa destac\u00f3 que \u201csomos quienes en Tres de Febrero bajamos el 25% el impuesto a las ganancias a las pymes\u201d. Adem\u00e1s, se\u00f1al\u00f3 que \u201ca pesar de una oposici\u00f3n que se dedic\u00f3 sistem\u00e1ticamente a construir la idea de fracaso de este gobierno, pudimos asistir a pymes y comercios en m\u00e1s de 2500 millones de pesos en ATP, en Repro y en cr\u00e9ditos\u201d. Y \u201cle bajamos el impuesto a las ganancias a m\u00e1s de 15 mil trabajadoras y trabajadores en esta localidad\u201d, dijo.<\/p>\n\n\n\n<div class=\"wp-block-image is-style-default\"><figure class=\"aligncenter size-medium\"><img loading=\"lazy\" decoding=\"async\" width=\"460\" height=\"306\" src=\"http:\/\/infoecos.com.ar\/wp-content\/uploads\/2021\/08\/massaacto1-460x306.jpg\" alt=\"\" class=\"wp-image-83897\" srcset=\"https:\/\/infoecos.com.ar\/wp-content\/uploads\/2021\/08\/massaacto1-460x306.jpg 460w, https:\/\/infoecos.com.ar\/wp-content\/uploads\/2021\/08\/massaacto1-920x613.jpg 920w, https:\/\/infoecos.com.ar\/wp-content\/uploads\/2021\/08\/massaacto1-768x512.jpg 768w, https:\/\/infoecos.com.ar\/wp-content\/uploads\/2021\/08\/massaacto1-675x450.jpg 675w, https:\/\/infoecos.com.ar\/wp-content\/uploads\/2021\/08\/massaacto1.jpg 1024w\" sizes=\"(max-width: 460px) 100vw, 460px\" \/><figcaption>Massa en 3 de Febrero<\/figcaption><\/figure><\/div>\n\n\n\n<p>Con eje en la inversi\u00f3n y la reactivaci\u00f3n econ\u00f3mica, Massa, expres\u00f3 que \u201cle bajamos el monotributo a m\u00e1s de 35 mil vecinos, y estamos poniendo en marcha obras como las 500 viviendas de Procrear en Martin Coronado, el t\u00fanel de la Avenida Am\u00e9rica, y muchas otras que tienen que ver con dar calidad de vida a los vecinos\u201d.<\/p>\n\n\n\n<p>La n\u00f3mina de precandidatos a concejales que encabeza el actual vicepresidente de la Agencia de Administraci\u00f3n de Bienes del Estado (AABE), Juan Debandi, se completa con Jimena Bondaruk, Pablo Balor, Julia Ch\u00e1vez, Hugo Sebasti\u00e1n Curto, Laura Adarve y Juan Manuel Barrientos.<\/p>\n\n\n\n<div class=\"wp-block-image is-style-default\"><figure class=\"aligncenter size-medium\"><img loading=\"lazy\" decoding=\"async\" width=\"460\" height=\"307\" src=\"http:\/\/infoecos.com.ar\/wp-content\/uploads\/2021\/08\/massacto2-460x307.jpg\" alt=\"\" class=\"wp-image-83898\" srcset=\"https:\/\/infoecos.com.ar\/wp-content\/uploads\/2021\/08\/massacto2-460x307.jpg 460w, https:\/\/infoecos.com.ar\/wp-content\/uploads\/2021\/08\/massacto2-920x614.jpg 920w, https:\/\/infoecos.com.ar\/wp-content\/uploads\/2021\/08\/massacto2-768x512.jpg 768w, https:\/\/infoecos.com.ar\/wp-content\/uploads\/2021\/08\/massacto2-675x450.jpg 675w, https:\/\/infoecos.com.ar\/wp-content\/uploads\/2021\/08\/massacto2.jpg 1024w\" sizes=\"(max-width: 460px) 100vw, 460px\" \/><\/figure><\/div>\n\n\n\n<p>Adem\u00e1s, en el evento estuvieron presentes la ministra de Gobierno bonaerense y precandidata a senadora provincial, Teresa Garc\u00eda y la presidenta de Agua y Saneamientos Argentinos (AySA), Malena Galmarini, junto a otros funcionarios, dirigentes y referentes provinciales y locales.<\/p>\n","protected":false},"excerpt":{"rendered":"<p>Estuvieron M\u00e1ximo Kirchner, el ministro del Interior, Eduardo \u00abWado\u00bb De Pedro, Victoria Tolosa Paz y Daniel Goll\u00e1n<\/p>\n","protected":false},"author":2,"featured_media":83897,"comment_status":"closed","ping_status":"open","sticky":false,"template":"","format":"standard","meta":{"footnotes":""},"categories":[1331],"tags":[324],"class_list":["post-83895","post","type-post","status-publish","format-standard","has-post-thumbnail","hentry","category-inferior11","tag-campana-electoral"],"yoast_head":"<!-- This site is optimized with the Yoast SEO plugin v23.4 - https:\/\/yoast.com\/wordpress\/plugins\/seo\/ -->\n<title>Massa en Tres de Febrero: &quot;Queremos una mayoria para gobernar para todos. No volvamos para atr\u00e1s&quot; - Infoecos<\/title>\n<meta name=\"robots\" content=\"index, follow, max-snippet:-1, max-image-preview:large, max-video-preview:-1\" \/>\n<link rel=\"canonical\" href=\"https:\/\/infoecos.com.ar\/index.php\/massa-en-tres-de-febrero-queremos-una-mayoria-para-gobernar-para-todos-no-volvamos-para-atras\/\" \/>\n<meta property=\"og:locale\" content=\"es_ES\" \/>\n<meta property=\"og:type\" content=\"article\" \/>\n<meta property=\"og:title\" content=\"Massa en Tres de Febrero: &quot;Queremos una mayoria para gobernar para todos. No volvamos para atr\u00e1s&quot; - Infoecos\" \/>\n<meta property=\"og:description\" content=\"Estuvieron M\u00e1ximo Kirchner, el ministro del Interior, Eduardo &quot;Wado&quot; De Pedro, Victoria Tolosa Paz y Daniel Goll\u00e1n\" \/>\n<meta property=\"og:url\" content=\"https:\/\/infoecos.com.ar\/index.php\/massa-en-tres-de-febrero-queremos-una-mayoria-para-gobernar-para-todos-no-volvamos-para-atras\/\" \/>\n<meta property=\"og:site_name\" content=\"Infoecos\" \/>\n<meta property=\"article:publisher\" content=\"https:\/\/www.facebook.com\/profile.php?id=100063200290284\" \/>\n<meta property=\"article:published_time\" content=\"2021-08-22T06:00:14+00:00\" \/>\n<meta property=\"article:modified_time\" content=\"2021-08-24T10:49:32+00:00\" \/>\n<meta property=\"og:image\" content=\"https:\/\/infoecos.com.ar\/wp-content\/uploads\/2021\/08\/massaacto1.jpg\" \/>\n\t<meta property=\"og:image:width\" content=\"1024\" \/>\n\t<meta property=\"og:image:height\" content=\"682\" \/>\n\t<meta property=\"og:image:type\" content=\"image\/jpeg\" \/>\n<meta name=\"author\" content=\"Jorge Matheus\" \/>\n<meta name=\"twitter:card\" content=\"summary_large_image\" \/>\n<meta name=\"twitter:creator\" content=\"@infoecos\" \/>\n<meta name=\"twitter:site\" content=\"@infoecos\" \/>\n<meta name=\"twitter:label1\" content=\"Escrito por\" \/>\n\t<meta name=\"twitter:data1\" content=\"Jorge Matheus\" \/>\n\t<meta name=\"twitter:label2\" content=\"Tiempo de lectura\" \/>\n\t<meta name=\"twitter:data2\" content=\"3 minutos\" \/>\n<script type=\"application\/ld+json\" class=\"yoast-schema-graph\">{\"@context\":\"https:\/\/schema.org\",\"@graph\":[{\"@type\":\"Article\",\"@id\":\"https:\/\/infoecos.com.ar\/index.php\/massa-en-tres-de-febrero-queremos-una-mayoria-para-gobernar-para-todos-no-volvamos-para-atras\/#article\",\"isPartOf\":{\"@id\":\"https:\/\/infoecos.com.ar\/index.php\/massa-en-tres-de-febrero-queremos-una-mayoria-para-gobernar-para-todos-no-volvamos-para-atras\/\"},\"author\":{\"name\":\"Jorge Matheus\",\"@id\":\"https:\/\/infoecos.com.ar\/#\/schema\/person\/8f5ace5ce73b4b4aac4b7245aee6f191\"},\"headline\":\"Massa en Tres de Febrero: \u00abQueremos una mayoria para gobernar para todos. No volvamos para atr\u00e1s\u00bb\",\"datePublished\":\"2021-08-22T06:00:14+00:00\",\"dateModified\":\"2021-08-24T10:49:32+00:00\",\"mainEntityOfPage\":{\"@id\":\"https:\/\/infoecos.com.ar\/index.php\/massa-en-tres-de-febrero-queremos-una-mayoria-para-gobernar-para-todos-no-volvamos-para-atras\/\"},\"wordCount\":534,\"publisher\":{\"@id\":\"https:\/\/infoecos.com.ar\/#organization\"},\"image\":{\"@id\":\"https:\/\/infoecos.com.ar\/index.php\/massa-en-tres-de-febrero-queremos-una-mayoria-para-gobernar-para-todos-no-volvamos-para-atras\/#primaryimage\"},\"thumbnailUrl\":\"https:\/\/infoecos.com.ar\/wp-content\/uploads\/2021\/08\/massaacto1.jpg\",\"keywords\":[\"CAMPA\u00d1A ELECTORAL\"],\"articleSection\":[\"Bloque inferior - 11\"],\"inLanguage\":\"es\"},{\"@type\":\"WebPage\",\"@id\":\"https:\/\/infoecos.com.ar\/index.php\/massa-en-tres-de-febrero-queremos-una-mayoria-para-gobernar-para-todos-no-volvamos-para-atras\/\",\"url\":\"https:\/\/infoecos.com.ar\/index.php\/massa-en-tres-de-febrero-queremos-una-mayoria-para-gobernar-para-todos-no-volvamos-para-atras\/\",\"name\":\"Massa en Tres de Febrero: \\\"Queremos una mayoria para gobernar para todos. No volvamos para atr\u00e1s\\\" - Infoecos\",\"isPartOf\":{\"@id\":\"https:\/\/infoecos.com.ar\/#website\"},\"primaryImageOfPage\":{\"@id\":\"https:\/\/infoecos.com.ar\/index.php\/massa-en-tres-de-febrero-queremos-una-mayoria-para-gobernar-para-todos-no-volvamos-para-atras\/#primaryimage\"},\"image\":{\"@id\":\"https:\/\/infoecos.com.ar\/index.php\/massa-en-tres-de-febrero-queremos-una-mayoria-para-gobernar-para-todos-no-volvamos-para-atras\/#primaryimage\"},\"thumbnailUrl\":\"https:\/\/infoecos.com.ar\/wp-content\/uploads\/2021\/08\/massaacto1.jpg\",\"datePublished\":\"2021-08-22T06:00:14+00:00\",\"dateModified\":\"2021-08-24T10:49:32+00:00\",\"breadcrumb\":{\"@id\":\"https:\/\/infoecos.com.ar\/index.php\/massa-en-tres-de-febrero-queremos-una-mayoria-para-gobernar-para-todos-no-volvamos-para-atras\/#breadcrumb\"},\"inLanguage\":\"es\",\"potentialAction\":[{\"@type\":\"ReadAction\",\"target\":[\"https:\/\/infoecos.com.ar\/index.php\/massa-en-tres-de-febrero-queremos-una-mayoria-para-gobernar-para-todos-no-volvamos-para-atras\/\"]}]},{\"@type\":\"ImageObject\",\"inLanguage\":\"es\",\"@id\":\"https:\/\/infoecos.com.ar\/index.php\/massa-en-tres-de-febrero-queremos-una-mayoria-para-gobernar-para-todos-no-volvamos-para-atras\/#primaryimage\",\"url\":\"https:\/\/infoecos.com.ar\/wp-content\/uploads\/2021\/08\/massaacto1.jpg\",\"contentUrl\":\"https:\/\/infoecos.com.ar\/wp-content\/uploads\/2021\/08\/massaacto1.jpg\",\"width\":1024,\"height\":682},{\"@type\":\"BreadcrumbList\",\"@id\":\"https:\/\/infoecos.com.ar\/index.php\/massa-en-tres-de-febrero-queremos-una-mayoria-para-gobernar-para-todos-no-volvamos-para-atras\/#breadcrumb\",\"itemListElement\":[{\"@type\":\"ListItem\",\"position\":1,\"name\":\"Portada\",\"item\":\"https:\/\/infoecos.com.ar\/\"},{\"@type\":\"ListItem\",\"position\":2,\"name\":\"Massa en Tres de Febrero: \u00abQueremos una mayoria para gobernar para todos. No volvamos para atr\u00e1s\u00bb\"}]},{\"@type\":\"WebSite\",\"@id\":\"https:\/\/infoecos.com.ar\/#website\",\"url\":\"https:\/\/infoecos.com.ar\/\",\"name\":\"Infoecos\",\"description\":\"Noticias de trenque lauquen y la zona\",\"publisher\":{\"@id\":\"https:\/\/infoecos.com.ar\/#organization\"},\"alternateName\":\"Noticias\",\"potentialAction\":[{\"@type\":\"SearchAction\",\"target\":{\"@type\":\"EntryPoint\",\"urlTemplate\":\"https:\/\/infoecos.com.ar\/?s={search_term_string}\"},\"query-input\":{\"@type\":\"PropertyValueSpecification\",\"valueRequired\":true,\"valueName\":\"search_term_string\"}}],\"inLanguage\":\"es\"},{\"@type\":\"Organization\",\"@id\":\"https:\/\/infoecos.com.ar\/#organization\",\"name\":\"Infoecos\",\"alternateName\":\"Noticias\",\"url\":\"https:\/\/infoecos.com.ar\/\",\"logo\":{\"@type\":\"ImageObject\",\"inLanguage\":\"es\",\"@id\":\"https:\/\/infoecos.com.ar\/#\/schema\/logo\/image\/\",\"url\":\"https:\/\/infoecos.com.ar\/wp-content\/uploads\/2024\/03\/cropped-logo.png\",\"contentUrl\":\"https:\/\/infoecos.com.ar\/wp-content\/uploads\/2024\/03\/cropped-logo.png\",\"width\":374,\"height\":90,\"caption\":\"Infoecos\"},\"image\":{\"@id\":\"https:\/\/infoecos.com.ar\/#\/schema\/logo\/image\/\"},\"sameAs\":[\"https:\/\/www.facebook.com\/profile.php?id=100063200290284\",\"https:\/\/x.com\/infoecos\"]},{\"@type\":\"Person\",\"@id\":\"https:\/\/infoecos.com.ar\/#\/schema\/person\/8f5ace5ce73b4b4aac4b7245aee6f191\",\"name\":\"Jorge Matheus\",\"url\":\"https:\/\/infoecos.com.ar\/index.php\/author\/jomatheus\/\"}]}<\/script>\n<!-- \/ Yoast SEO plugin. -->","yoast_head_json":{"title":"Massa en Tres de Febrero: \"Queremos una mayoria para gobernar para todos. No volvamos para atr\u00e1s\" - Infoecos","robots":{"index":"index","follow":"follow","max-snippet":"max-snippet:-1","max-image-preview":"max-image-preview:large","max-video-preview":"max-video-preview:-1"},"canonical":"https:\/\/infoecos.com.ar\/index.php\/massa-en-tres-de-febrero-queremos-una-mayoria-para-gobernar-para-todos-no-volvamos-para-atras\/","og_locale":"es_ES","og_type":"article","og_title":"Massa en Tres de Febrero: \"Queremos una mayoria para gobernar para todos. No volvamos para atr\u00e1s\" - Infoecos","og_description":"Estuvieron M\u00e1ximo Kirchner, el ministro del Interior, Eduardo \"Wado\" De Pedro, Victoria Tolosa Paz y Daniel Goll\u00e1n","og_url":"https:\/\/infoecos.com.ar\/index.php\/massa-en-tres-de-febrero-queremos-una-mayoria-para-gobernar-para-todos-no-volvamos-para-atras\/","og_site_name":"Infoecos","article_publisher":"https:\/\/www.facebook.com\/profile.php?id=100063200290284","article_published_time":"2021-08-22T06:00:14+00:00","article_modified_time":"2021-08-24T10:49:32+00:00","og_image":[{"width":1024,"height":682,"url":"https:\/\/infoecos.com.ar\/wp-content\/uploads\/2021\/08\/massaacto1.jpg","type":"image\/jpeg"}],"author":"Jorge Matheus","twitter_card":"summary_large_image","twitter_creator":"@infoecos","twitter_site":"@infoecos","twitter_misc":{"Escrito por":"Jorge Matheus","Tiempo de lectura":"3 minutos"},"schema":{"@context":"https:\/\/schema.org","@graph":[{"@type":"Article","@id":"https:\/\/infoecos.com.ar\/index.php\/massa-en-tres-de-febrero-queremos-una-mayoria-para-gobernar-para-todos-no-volvamos-para-atras\/#article","isPartOf":{"@id":"https:\/\/infoecos.com.ar\/index.php\/massa-en-tres-de-febrero-queremos-una-mayoria-para-gobernar-para-todos-no-volvamos-para-atras\/"},"author":{"name":"Jorge Matheus","@id":"https:\/\/infoecos.com.ar\/#\/schema\/person\/8f5ace5ce73b4b4aac4b7245aee6f191"},"headline":"Massa en Tres de Febrero: \u00abQueremos una mayoria para gobernar para todos. No volvamos para atr\u00e1s\u00bb","datePublished":"2021-08-22T06:00:14+00:00","dateModified":"2021-08-24T10:49:32+00:00","mainEntityOfPage":{"@id":"https:\/\/infoecos.com.ar\/index.php\/massa-en-tres-de-febrero-queremos-una-mayoria-para-gobernar-para-todos-no-volvamos-para-atras\/"},"wordCount":534,"publisher":{"@id":"https:\/\/infoecos.com.ar\/#organization"},"image":{"@id":"https:\/\/infoecos.com.ar\/index.php\/massa-en-tres-de-febrero-queremos-una-mayoria-para-gobernar-para-todos-no-volvamos-para-atras\/#primaryimage"},"thumbnailUrl":"https:\/\/infoecos.com.ar\/wp-content\/uploads\/2021\/08\/massaacto1.jpg","keywords":["CAMPA\u00d1A ELECTORAL"],"articleSection":["Bloque inferior - 11"],"inLanguage":"es"},{"@type":"WebPage","@id":"https:\/\/infoecos.com.ar\/index.php\/massa-en-tres-de-febrero-queremos-una-mayoria-para-gobernar-para-todos-no-volvamos-para-atras\/","url":"https:\/\/infoecos.com.ar\/index.php\/massa-en-tres-de-febrero-queremos-una-mayoria-para-gobernar-para-todos-no-volvamos-para-atras\/","name":"Massa en Tres de Febrero: \"Queremos una mayoria para gobernar para todos. No volvamos para atr\u00e1s\" - Infoecos","isPartOf":{"@id":"https:\/\/infoecos.com.ar\/#website"},"primaryImageOfPage":{"@id":"https:\/\/infoecos.com.ar\/index.php\/massa-en-tres-de-febrero-queremos-una-mayoria-para-gobernar-para-todos-no-volvamos-para-atras\/#primaryimage"},"image":{"@id":"https:\/\/infoecos.com.ar\/index.php\/massa-en-tres-de-febrero-queremos-una-mayoria-para-gobernar-para-todos-no-volvamos-para-atras\/#primaryimage"},"thumbnailUrl":"https:\/\/infoecos.com.ar\/wp-content\/uploads\/2021\/08\/massaacto1.jpg","datePublished":"2021-08-22T06:00:14+00:00","dateModified":"2021-08-24T10:49:32+00:00","breadcrumb":{"@id":"https:\/\/infoecos.com.ar\/index.php\/massa-en-tres-de-febrero-queremos-una-mayoria-para-gobernar-para-todos-no-volvamos-para-atras\/#breadcrumb"},"inLanguage":"es","potentialAction":[{"@type":"ReadAction","target":["https:\/\/infoecos.com.ar\/index.php\/massa-en-tres-de-febrero-queremos-una-mayoria-para-gobernar-para-todos-no-volvamos-para-atras\/"]}]},{"@type":"ImageObject","inLanguage":"es","@id":"https:\/\/infoecos.com.ar\/index.php\/massa-en-tres-de-febrero-queremos-una-mayoria-para-gobernar-para-todos-no-volvamos-para-atras\/#primaryimage","url":"https:\/\/infoecos.com.ar\/wp-content\/uploads\/2021\/08\/massaacto1.jpg","contentUrl":"https:\/\/infoecos.com.ar\/wp-content\/uploads\/2021\/08\/massaacto1.jpg","width":1024,"height":682},{"@type":"BreadcrumbList","@id":"https:\/\/infoecos.com.ar\/index.php\/massa-en-tres-de-febrero-queremos-una-mayoria-para-gobernar-para-todos-no-volvamos-para-atras\/#breadcrumb","itemListElement":[{"@type":"ListItem","position":1,"name":"Portada","item":"https:\/\/infoecos.com.ar\/"},{"@type":"ListItem","position":2,"name":"Massa en Tres de Febrero: \u00abQueremos una mayoria para gobernar para todos. No volvamos para atr\u00e1s\u00bb"}]},{"@type":"WebSite","@id":"https:\/\/infoecos.com.ar\/#website","url":"https:\/\/infoecos.com.ar\/","name":"Infoecos","description":"Noticias de trenque lauquen y la zona","publisher":{"@id":"https:\/\/infoecos.com.ar\/#organization"},"alternateName":"Noticias","potentialAction":[{"@type":"SearchAction","target":{"@type":"EntryPoint","urlTemplate":"https:\/\/infoecos.com.ar\/?s={search_term_string}"},"query-input":{"@type":"PropertyValueSpecification","valueRequired":true,"valueName":"search_term_string"}}],"inLanguage":"es"},{"@type":"Organization","@id":"https:\/\/infoecos.com.ar\/#organization","name":"Infoecos","alternateName":"Noticias","url":"https:\/\/infoecos.com.ar\/","logo":{"@type":"ImageObject","inLanguage":"es","@id":"https:\/\/infoecos.com.ar\/#\/schema\/logo\/image\/","url":"https:\/\/infoecos.com.ar\/wp-content\/uploads\/2024\/03\/cropped-logo.png","contentUrl":"https:\/\/infoecos.com.ar\/wp-content\/uploads\/2024\/03\/cropped-logo.png","width":374,"height":90,"caption":"Infoecos"},"image":{"@id":"https:\/\/infoecos.com.ar\/#\/schema\/logo\/image\/"},"sameAs":["https:\/\/www.facebook.com\/profile.php?id=100063200290284","https:\/\/x.com\/infoecos"]},{"@type":"Person","@id":"https:\/\/infoecos.com.ar\/#\/schema\/person\/8f5ace5ce73b4b4aac4b7245aee6f191","name":"Jorge Matheus","url":"https:\/\/infoecos.com.ar\/index.php\/author\/jomatheus\/"}]}},"featured_image_urls":{"full":["https:\/\/infoecos.com.ar\/wp-content\/uploads\/2021\/08\/massaacto1.jpg",1024,682,false],"thumbnail":["https:\/\/infoecos.com.ar\/wp-content\/uploads\/2021\/08\/massaacto1-150x150.jpg",150,150,true],"medium":["https:\/\/infoecos.com.ar\/wp-content\/uploads\/2021\/08\/massaacto1-460x306.jpg",460,306,true],"medium_large":["https:\/\/infoecos.com.ar\/wp-content\/uploads\/2021\/08\/massaacto1-768x512.jpg",640,427,true],"large":["https:\/\/infoecos.com.ar\/wp-content\/uploads\/2021\/08\/massaacto1-920x613.jpg",640,426,true],"1536x1536":["https:\/\/infoecos.com.ar\/wp-content\/uploads\/2021\/08\/massaacto1.jpg",1024,682,false],"2048x2048":["https:\/\/infoecos.com.ar\/wp-content\/uploads\/2021\/08\/massaacto1.jpg",1024,682,false],"covernews-slider-full":["https:\/\/infoecos.com.ar\/wp-content\/uploads\/2021\/08\/massaacto1.jpg",1024,682,false],"covernews-slider-center":["https:\/\/infoecos.com.ar\/wp-content\/uploads\/2021\/08\/massaacto1-936x682.jpg",686,500,true],"covernews-featured":["https:\/\/infoecos.com.ar\/wp-content\/uploads\/2021\/08\/massaacto1.jpg",1024,682,false],"covernews-medium":["https:\/\/infoecos.com.ar\/wp-content\/uploads\/2021\/08\/massaacto1-720x380.jpg",540,285,true],"covernews-medium-square":["https:\/\/infoecos.com.ar\/wp-content\/uploads\/2021\/08\/massaacto1-675x450.jpg",375,250,true]},"author_info":{"info":["Jorge Matheus"]},"category_info":"<a href=\"https:\/\/infoecos.com.ar\/index.php\/category\/inferior11\/\" rel=\"category tag\">Bloque inferior - 11<\/a>","tag_info":"Bloque inferior - 11","comment_count":"0","_links":{"self":[{"href":"https:\/\/infoecos.com.ar\/index.php\/wp-json\/wp\/v2\/posts\/83895"}],"collection":[{"href":"https:\/\/infoecos.com.ar\/index.php\/wp-json\/wp\/v2\/posts"}],"about":[{"href":"https:\/\/infoecos.com.ar\/index.php\/wp-json\/wp\/v2\/types\/post"}],"author":[{"embeddable":true,"href":"https:\/\/infoecos.com.ar\/index.php\/wp-json\/wp\/v2\/users\/2"}],"replies":[{"embeddable":true,"href":"https:\/\/infoecos.com.ar\/index.php\/wp-json\/wp\/v2\/comments?post=83895"}],"version-history":[{"count":1,"href":"https:\/\/infoecos.com.ar\/index.php\/wp-json\/wp\/v2\/posts\/83895\/revisions"}],"predecessor-version":[{"id":83899,"href":"https:\/\/infoecos.com.ar\/index.php\/wp-json\/wp\/v2\/posts\/83895\/revisions\/83899"}],"wp:featuredmedia":[{"embeddable":true,"href":"https:\/\/infoecos.com.ar\/index.php\/wp-json\/wp\/v2\/media\/83897"}],"wp:attachment":[{"href":"https:\/\/infoecos.com.ar\/index.php\/wp-json\/wp\/v2\/media?parent=83895"}],"wp:term":[{"taxonomy":"category","embeddable":true,"href":"https:\/\/infoecos.com.ar\/index.php\/wp-json\/wp\/v2\/categories?post=83895"},{"taxonomy":"post_tag","embeddable":true,"href":"https:\/\/infoecos.com.ar\/index.php\/wp-json\/wp\/v2\/tags?post=83895"}],"curies":[{"name":"wp","href":"https:\/\/api.w.org\/{rel}","templated":true}]}}