{"id":83915,"date":"2021-08-22T05:25:42","date_gmt":"2021-08-22T08:25:42","guid":{"rendered":"http:\/\/infoecos.com.ar\/?p=83915"},"modified":"2021-08-24T07:48:25","modified_gmt":"2021-08-24T10:48:25","slug":"reunion-de-carbap-en-olavarria-delegan-a-su-mesa-chica-la-realizacion-de-un-lock-out-en-la-compra-de-maquinaria-e-insumos","status":"publish","type":"post","link":"https:\/\/infoecos.com.ar\/index.php\/reunion-de-carbap-en-olavarria-delegan-a-su-mesa-chica-la-realizacion-de-un-lock-out-en-la-compra-de-maquinaria-e-insumos\/","title":{"rendered":"Reuni\u00f3n de CARBAP en Olavarr\u00eda: delegan a su mesa chica la realizaci\u00f3n de un lock out en la compra de maquinar\u00eda e insumos"},"content":{"rendered":"\n<p class=\"wp-block-paragraph\">La&nbsp;Confederaci\u00f3n de Asociaciones Rurales de Buenos Aires y La Pampa&nbsp;(Carbap) llev\u00f3 a cabo este s\u00e1bado una reuni\u00f3n abierta del Consejo Directivo. Se realiz\u00f3 en Olavarr\u00eda y analiz\u00f3 el impacto del cierre parcial a las exportaciones de carne dispuesto por el gobierno nacional y debatir la situaci\u00f3n del mercado triguero.<\/p>\n\n\n\n<p class=\"wp-block-paragraph\">Seg\u00fan la entidad concurrieron alrededor de un centenar de productores y y otros representantes de la cadena de la carne. <\/p>\n\n\n\n<div class=\"wp-block-image is-style-default\"><figure class=\"aligncenter size-medium\"><img loading=\"lazy\" decoding=\"async\" width=\"460\" height=\"280\" src=\"http:\/\/infoecos.com.ar\/wp-content\/uploads\/2021\/08\/carbapenolavarria-460x280.jpg\" alt=\"\" class=\"wp-image-83916\" srcset=\"https:\/\/infoecos.com.ar\/wp-content\/uploads\/2021\/08\/carbapenolavarria-460x280.jpg 460w, https:\/\/infoecos.com.ar\/wp-content\/uploads\/2021\/08\/carbapenolavarria-920x561.jpg 920w, https:\/\/infoecos.com.ar\/wp-content\/uploads\/2021\/08\/carbapenolavarria-768x468.jpg 768w, https:\/\/infoecos.com.ar\/wp-content\/uploads\/2021\/08\/carbapenolavarria-1024x624.jpg 1024w, https:\/\/infoecos.com.ar\/wp-content\/uploads\/2021\/08\/carbapenolavarria.jpg 1081w\" sizes=\"auto, (max-width: 460px) 100vw, 460px\" \/><figcaption>Foto: lanacion.com.ar<\/figcaption><\/figure><\/div>\n\n\n\n<p class=\"wp-block-paragraph\">El plenario, realizado en el predio ferial de la&nbsp;Sociedad de Olavarr\u00eda fue encabezado por el titular de Carbap,&nbsp;Horacio Salaverri&nbsp;y el vicepresidente de&nbsp;Confederaciones Rurales Argentinas (CRA),&nbsp;Gabriel de Raedemaeker.<\/p>\n\n\n\n<p class=\"wp-block-paragraph\"><strong>Horacio Salaverri<\/strong>&nbsp; al hablar indic\u00f3 que \u201cHemos sentado a todos los actores de la cadena c\u00e1rnica\u201d. \u201cCompartimos el mismo problema. Hay estrategias y distintos momentos para quemar las naves de salida. La paciencia es compleja, las necesidades son muchas. Se est\u00e1 llegando a d\u00f3nde se tiene que llegar\u00bb.<\/p>\n\n\n\n<p class=\"wp-block-paragraph\">\u201cNo estamos solos los due\u00f1os de los animales, est\u00e1 toda la cadena.&nbsp;Nos junt\u00f3 el espanto, la adversidad, la postura de un gobierno que no escucha. Carbap fue caja de la resonancia para el sector y eso supone un salto de calidad\u201d, apunt\u00f3.<\/p>\n\n\n\n<div class=\"wp-block-image is-style-default\"><figure class=\"aligncenter size-medium\"><img loading=\"lazy\" decoding=\"async\" width=\"460\" height=\"307\" src=\"http:\/\/infoecos.com.ar\/wp-content\/uploads\/2021\/08\/carbapenolavarria1-460x307.jpg\" alt=\"\" class=\"wp-image-83917\" srcset=\"https:\/\/infoecos.com.ar\/wp-content\/uploads\/2021\/08\/carbapenolavarria1-460x307.jpg 460w, https:\/\/infoecos.com.ar\/wp-content\/uploads\/2021\/08\/carbapenolavarria1-675x450.jpg 675w, https:\/\/infoecos.com.ar\/wp-content\/uploads\/2021\/08\/carbapenolavarria1.jpg 768w\" sizes=\"auto, (max-width: 460px) 100vw, 460px\" \/><figcaption>Foto: lanacion.com.ar<\/figcaption><\/figure><\/div>\n\n\n\n<p class=\"wp-block-paragraph\">El representante de CRA,&nbsp;Gabriel de Raedemaeker,&nbsp;rest\u00f3 importancia a la cantidad de asistentes:&nbsp;\u201cQu\u00e9 importa si no somos tantos. Importa el esp\u00edritu de batalla, de decisi\u00f3n\u201d. <\/p>\n\n\n\n<p class=\"wp-block-paragraph\">El diario La Naci\u00f3n se\u00f1ala que Miguel Schiariti, presidente de la C\u00e1mara de la Industria y el Comercio de Carnes y Derivados de la Rep\u00fablica Argentina (Ciccra) dijo que <strong>\u201cEl precio de la carne no baj\u00f3 en los mostradores\u201d<\/strong>.<\/p>\n\n\n\n<p class=\"wp-block-paragraph\">Seg\u00fan el \u00faltimo informe del Indec sobre el intercambio comercial argentino con el exterior, en julio pasado en medio del cepo, las exportaciones de carne bajaron en US$50 millones versus igual mes de 2020.<\/p>\n\n\n\n<p class=\"wp-block-paragraph\">Sobre posibles medidas de fuerza se escuch\u00f3 con atenci\u00f3n la moci\u00f3n de un dirigente que llam\u00f3 a parar durante un per\u00edodo prudencial la compra de equipos e insumos. Luego se aclar\u00f3 que apuntaban a que la medida alcance solo a maquinarias y a tecnolog\u00eda nueva. La idea qued\u00f3 para el debate de la mesa chica de Carbap.<\/p>\n\n\n\n<p class=\"wp-block-paragraph\">.<\/p>\n","protected":false},"excerpt":{"rendered":"<p>El plenario, realizado en el predio ferial de la Sociedad de Olavarr\u00eda fue encabezado por el titular de Carbap, Horacio Salaverri y el vicepresidente de (CRA), Gabriel de Raedemaeker<\/p>\n","protected":false},"author":2,"featured_media":83916,"comment_status":"closed","ping_status":"open","sticky":false,"template":"","format":"standard","meta":{"footnotes":""},"categories":[1341],"tags":[4782],"class_list":["post-83915","post","type-post","status-publish","format-standard","has-post-thumbnail","hentry","category-c1nota7","tag-consejo-directivo-abierto"],"featured_image_urls":{"full":["https:\/\/infoecos.com.ar\/wp-content\/uploads\/2021\/08\/carbapenolavarria.jpg",1081,659,false],"thumbnail":["https:\/\/infoecos.com.ar\/wp-content\/uploads\/2021\/08\/carbapenolavarria-150x150.jpg",150,150,true],"medium":["https:\/\/infoecos.com.ar\/wp-content\/uploads\/2021\/08\/carbapenolavarria-460x280.jpg",460,280,true],"medium_large":["https:\/\/infoecos.com.ar\/wp-content\/uploads\/2021\/08\/carbapenolavarria-768x468.jpg",640,390,true],"large":["https:\/\/infoecos.com.ar\/wp-content\/uploads\/2021\/08\/carbapenolavarria-920x561.jpg",640,390,true],"1536x1536":["https:\/\/infoecos.com.ar\/wp-content\/uploads\/2021\/08\/carbapenolavarria.jpg",1081,659,false],"2048x2048":["https:\/\/infoecos.com.ar\/wp-content\/uploads\/2021\/08\/carbapenolavarria.jpg",1081,659,false],"covernews-slider-full":["https:\/\/infoecos.com.ar\/wp-content\/uploads\/2021\/08\/carbapenolavarria.jpg",1081,659,false],"covernews-slider-center":["https:\/\/infoecos.com.ar\/wp-content\/uploads\/2021\/08\/carbapenolavarria-936x659.jpg",710,500,true],"covernews-featured":["https:\/\/infoecos.com.ar\/wp-content\/uploads\/2021\/08\/carbapenolavarria-1024x624.jpg",1024,624,true],"covernews-medium":["https:\/\/infoecos.com.ar\/wp-content\/uploads\/2021\/08\/carbapenolavarria-720x380.jpg",540,285,true],"covernews-medium-square":["https:\/\/infoecos.com.ar\/wp-content\/uploads\/2021\/08\/carbapenolavarria-675x450.jpg",375,250,true]},"author_info":{"info":["Jorge Matheus"]},"category_info":"<a href=\"https:\/\/infoecos.com.ar\/index.php\/category\/c1nota7\/\" rel=\"category tag\">C1 nota 7<\/a>","tag_info":"C1 nota 7","comment_count":"0","_links":{"self":[{"href":"https:\/\/infoecos.com.ar\/index.php\/wp-json\/wp\/v2\/posts\/83915","targetHints":{"allow":["GET"]}}],"collection":[{"href":"https:\/\/infoecos.com.ar\/index.php\/wp-json\/wp\/v2\/posts"}],"about":[{"href":"https:\/\/infoecos.com.ar\/index.php\/wp-json\/wp\/v2\/types\/post"}],"author":[{"embeddable":true,"href":"https:\/\/infoecos.com.ar\/index.php\/wp-json\/wp\/v2\/users\/2"}],"replies":[{"embeddable":true,"href":"https:\/\/infoecos.com.ar\/index.php\/wp-json\/wp\/v2\/comments?post=83915"}],"version-history":[{"count":2,"href":"https:\/\/infoecos.com.ar\/index.php\/wp-json\/wp\/v2\/posts\/83915\/revisions"}],"predecessor-version":[{"id":83979,"href":"https:\/\/infoecos.com.ar\/index.php\/wp-json\/wp\/v2\/posts\/83915\/revisions\/83979"}],"wp:featuredmedia":[{"embeddable":true,"href":"https:\/\/infoecos.com.ar\/index.php\/wp-json\/wp\/v2\/media\/83916"}],"wp:attachment":[{"href":"https:\/\/infoecos.com.ar\/index.php\/wp-json\/wp\/v2\/media?parent=83915"}],"wp:term":[{"taxonomy":"category","embeddable":true,"href":"https:\/\/infoecos.com.ar\/index.php\/wp-json\/wp\/v2\/categories?post=83915"},{"taxonomy":"post_tag","embeddable":true,"href":"https:\/\/infoecos.com.ar\/index.php\/wp-json\/wp\/v2\/tags?post=83915"}],"curies":[{"name":"wp","href":"https:\/\/api.w.org\/{rel}","templated":true}]}}