{"id":83958,"date":"2021-08-23T04:29:45","date_gmt":"2021-08-23T07:29:45","guid":{"rendered":"http:\/\/infoecos.com.ar\/?p=83958"},"modified":"2021-08-24T07:47:11","modified_gmt":"2021-08-24T10:47:11","slug":"el-presidente-de-la-nacion-alberto-fernandez-visitara-la-pampa-el-proximo-viernes","status":"publish","type":"post","link":"https:\/\/infoecos.com.ar\/index.php\/el-presidente-de-la-nacion-alberto-fernandez-visitara-la-pampa-el-proximo-viernes\/","title":{"rendered":"El presidente de la Naci\u00f3n, Alberto Fern\u00e1ndez, visitar\u00e1 La Pampa el pr\u00f3ximo viernes"},"content":{"rendered":"\n<p>El presidente de la Naci\u00f3n, Alberto Fern\u00e1ndez, estar\u00e1 el viernes en<strong>&nbsp;La Pampa<\/strong>. En los d\u00edas previos visitar\u00e1 San Juan y Catamarca.<\/p>\n\n\n\n<div class=\"wp-block-image is-style-default\"><figure class=\"aligncenter size-medium\"><img loading=\"lazy\" decoding=\"async\" width=\"460\" height=\"259\" src=\"http:\/\/infoecos.com.ar\/wp-content\/uploads\/2021\/08\/fernandezilliotto-460x259.jpg\" alt=\"\" class=\"wp-image-83959\" srcset=\"https:\/\/infoecos.com.ar\/wp-content\/uploads\/2021\/08\/fernandezilliotto-460x259.jpg 460w, https:\/\/infoecos.com.ar\/wp-content\/uploads\/2021\/08\/fernandezilliotto-920x518.jpg 920w, https:\/\/infoecos.com.ar\/wp-content\/uploads\/2021\/08\/fernandezilliotto-768x432.jpg 768w, https:\/\/infoecos.com.ar\/wp-content\/uploads\/2021\/08\/fernandezilliotto.jpg 1000w\" sizes=\"(max-width: 460px) 100vw, 460px\" \/><\/figure><\/div>\n\n\n\n<p>El portal Infobae.com da cuenta que los viajes del primer mandatario, sus recorridas por obras y el encuentro con los gobernadores de esos estados, est\u00e1n relacionados con la necesidad de dejar a un lado el tema de la foto en plena pandemia dentro de la Residencia Presidencial de Olivos. El mismo art\u00edculo se\u00f1ala que en Casa de Gobierno al tema se lo da como cerrado, ya que Fern\u00e1ndez pidi\u00f3 disculpas, y que no hay nada que agregar.<\/p>\n\n\n\n<p>Se apunta en Infobae, que el primero de los viajes se realizar\u00e1 hoy a San Juan. Agrega que son el primer paso de una gira que tiene como objetivo mejorar la performance del oficialismo en las PASO<strong>.<\/strong><\/p>\n","protected":false},"excerpt":{"rendered":"<p>El primero de los viajes se realizar\u00e1 hoy a San Juan. El objetivo que comienza esta semana es mejorar la performance del oficialismo en las PASO<\/p>\n","protected":false},"author":2,"featured_media":83959,"comment_status":"closed","ping_status":"open","sticky":false,"template":"","format":"standard","meta":{"footnotes":""},"categories":[43],"tags":[4792],"class_list":["post-83958","post","type-post","status-publish","format-standard","has-post-thumbnail","hentry","category-inferior4","tag-lo-adelanta-infobae-com"],"yoast_head":"<!-- This site is optimized with the Yoast SEO plugin v23.4 - https:\/\/yoast.com\/wordpress\/plugins\/seo\/ -->\n<title>El presidente de la Naci\u00f3n, Alberto Fern\u00e1ndez, visitar\u00e1 La Pampa el pr\u00f3ximo viernes - Infoecos<\/title>\n<meta name=\"robots\" content=\"index, follow, max-snippet:-1, max-image-preview:large, max-video-preview:-1\" \/>\n<link rel=\"canonical\" href=\"https:\/\/infoecos.com.ar\/index.php\/el-presidente-de-la-nacion-alberto-fernandez-visitara-la-pampa-el-proximo-viernes\/\" \/>\n<meta property=\"og:locale\" content=\"es_ES\" \/>\n<meta property=\"og:type\" content=\"article\" \/>\n<meta property=\"og:title\" content=\"El presidente de la Naci\u00f3n, Alberto Fern\u00e1ndez, visitar\u00e1 La Pampa el pr\u00f3ximo viernes - Infoecos\" \/>\n<meta property=\"og:description\" content=\"El primero de los viajes se realizar\u00e1 hoy a San Juan. El objetivo que comienza esta semana es mejorar la performance del oficialismo en las PASO\" \/>\n<meta property=\"og:url\" content=\"https:\/\/infoecos.com.ar\/index.php\/el-presidente-de-la-nacion-alberto-fernandez-visitara-la-pampa-el-proximo-viernes\/\" \/>\n<meta property=\"og:site_name\" content=\"Infoecos\" \/>\n<meta property=\"article:publisher\" content=\"https:\/\/www.facebook.com\/profile.php?id=100063200290284\" \/>\n<meta property=\"article:published_time\" content=\"2021-08-23T07:29:45+00:00\" \/>\n<meta property=\"article:modified_time\" content=\"2021-08-24T10:47:11+00:00\" \/>\n<meta property=\"og:image\" content=\"https:\/\/infoecos.com.ar\/wp-content\/uploads\/2021\/08\/fernandezilliotto.jpg\" \/>\n\t<meta property=\"og:image:width\" content=\"1000\" \/>\n\t<meta property=\"og:image:height\" content=\"563\" \/>\n\t<meta property=\"og:image:type\" content=\"image\/jpeg\" \/>\n<meta name=\"author\" content=\"Jorge Matheus\" \/>\n<meta name=\"twitter:card\" content=\"summary_large_image\" \/>\n<meta name=\"twitter:creator\" content=\"@infoecos\" \/>\n<meta name=\"twitter:site\" content=\"@infoecos\" \/>\n<meta name=\"twitter:label1\" content=\"Escrito por\" \/>\n\t<meta name=\"twitter:data1\" content=\"Jorge Matheus\" \/>\n\t<meta name=\"twitter:label2\" content=\"Tiempo de lectura\" \/>\n\t<meta name=\"twitter:data2\" content=\"1 minuto\" \/>\n<script type=\"application\/ld+json\" class=\"yoast-schema-graph\">{\"@context\":\"https:\/\/schema.org\",\"@graph\":[{\"@type\":\"Article\",\"@id\":\"https:\/\/infoecos.com.ar\/index.php\/el-presidente-de-la-nacion-alberto-fernandez-visitara-la-pampa-el-proximo-viernes\/#article\",\"isPartOf\":{\"@id\":\"https:\/\/infoecos.com.ar\/index.php\/el-presidente-de-la-nacion-alberto-fernandez-visitara-la-pampa-el-proximo-viernes\/\"},\"author\":{\"name\":\"Jorge Matheus\",\"@id\":\"https:\/\/infoecos.com.ar\/#\/schema\/person\/8f5ace5ce73b4b4aac4b7245aee6f191\"},\"headline\":\"El presidente de la Naci\u00f3n, Alberto Fern\u00e1ndez, visitar\u00e1 La Pampa el pr\u00f3ximo viernes\",\"datePublished\":\"2021-08-23T07:29:45+00:00\",\"dateModified\":\"2021-08-24T10:47:11+00:00\",\"mainEntityOfPage\":{\"@id\":\"https:\/\/infoecos.com.ar\/index.php\/el-presidente-de-la-nacion-alberto-fernandez-visitara-la-pampa-el-proximo-viernes\/\"},\"wordCount\":161,\"publisher\":{\"@id\":\"https:\/\/infoecos.com.ar\/#organization\"},\"image\":{\"@id\":\"https:\/\/infoecos.com.ar\/index.php\/el-presidente-de-la-nacion-alberto-fernandez-visitara-la-pampa-el-proximo-viernes\/#primaryimage\"},\"thumbnailUrl\":\"https:\/\/infoecos.com.ar\/wp-content\/uploads\/2021\/08\/fernandezilliotto.jpg\",\"keywords\":[\"LO ADELANTA INFOBAE.COM\"],\"articleSection\":[\"Bloque inferior - 4\"],\"inLanguage\":\"es\"},{\"@type\":\"WebPage\",\"@id\":\"https:\/\/infoecos.com.ar\/index.php\/el-presidente-de-la-nacion-alberto-fernandez-visitara-la-pampa-el-proximo-viernes\/\",\"url\":\"https:\/\/infoecos.com.ar\/index.php\/el-presidente-de-la-nacion-alberto-fernandez-visitara-la-pampa-el-proximo-viernes\/\",\"name\":\"El presidente de la Naci\u00f3n, Alberto Fern\u00e1ndez, visitar\u00e1 La Pampa el pr\u00f3ximo viernes - Infoecos\",\"isPartOf\":{\"@id\":\"https:\/\/infoecos.com.ar\/#website\"},\"primaryImageOfPage\":{\"@id\":\"https:\/\/infoecos.com.ar\/index.php\/el-presidente-de-la-nacion-alberto-fernandez-visitara-la-pampa-el-proximo-viernes\/#primaryimage\"},\"image\":{\"@id\":\"https:\/\/infoecos.com.ar\/index.php\/el-presidente-de-la-nacion-alberto-fernandez-visitara-la-pampa-el-proximo-viernes\/#primaryimage\"},\"thumbnailUrl\":\"https:\/\/infoecos.com.ar\/wp-content\/uploads\/2021\/08\/fernandezilliotto.jpg\",\"datePublished\":\"2021-08-23T07:29:45+00:00\",\"dateModified\":\"2021-08-24T10:47:11+00:00\",\"breadcrumb\":{\"@id\":\"https:\/\/infoecos.com.ar\/index.php\/el-presidente-de-la-nacion-alberto-fernandez-visitara-la-pampa-el-proximo-viernes\/#breadcrumb\"},\"inLanguage\":\"es\",\"potentialAction\":[{\"@type\":\"ReadAction\",\"target\":[\"https:\/\/infoecos.com.ar\/index.php\/el-presidente-de-la-nacion-alberto-fernandez-visitara-la-pampa-el-proximo-viernes\/\"]}]},{\"@type\":\"ImageObject\",\"inLanguage\":\"es\",\"@id\":\"https:\/\/infoecos.com.ar\/index.php\/el-presidente-de-la-nacion-alberto-fernandez-visitara-la-pampa-el-proximo-viernes\/#primaryimage\",\"url\":\"https:\/\/infoecos.com.ar\/wp-content\/uploads\/2021\/08\/fernandezilliotto.jpg\",\"contentUrl\":\"https:\/\/infoecos.com.ar\/wp-content\/uploads\/2021\/08\/fernandezilliotto.jpg\",\"width\":1000,\"height\":563},{\"@type\":\"BreadcrumbList\",\"@id\":\"https:\/\/infoecos.com.ar\/index.php\/el-presidente-de-la-nacion-alberto-fernandez-visitara-la-pampa-el-proximo-viernes\/#breadcrumb\",\"itemListElement\":[{\"@type\":\"ListItem\",\"position\":1,\"name\":\"Portada\",\"item\":\"https:\/\/infoecos.com.ar\/\"},{\"@type\":\"ListItem\",\"position\":2,\"name\":\"El presidente de la Naci\u00f3n, Alberto Fern\u00e1ndez, visitar\u00e1 La Pampa el pr\u00f3ximo viernes\"}]},{\"@type\":\"WebSite\",\"@id\":\"https:\/\/infoecos.com.ar\/#website\",\"url\":\"https:\/\/infoecos.com.ar\/\",\"name\":\"Infoecos\",\"description\":\"Noticias de trenque lauquen y la zona\",\"publisher\":{\"@id\":\"https:\/\/infoecos.com.ar\/#organization\"},\"alternateName\":\"Noticias\",\"potentialAction\":[{\"@type\":\"SearchAction\",\"target\":{\"@type\":\"EntryPoint\",\"urlTemplate\":\"https:\/\/infoecos.com.ar\/?s={search_term_string}\"},\"query-input\":{\"@type\":\"PropertyValueSpecification\",\"valueRequired\":true,\"valueName\":\"search_term_string\"}}],\"inLanguage\":\"es\"},{\"@type\":\"Organization\",\"@id\":\"https:\/\/infoecos.com.ar\/#organization\",\"name\":\"Infoecos\",\"alternateName\":\"Noticias\",\"url\":\"https:\/\/infoecos.com.ar\/\",\"logo\":{\"@type\":\"ImageObject\",\"inLanguage\":\"es\",\"@id\":\"https:\/\/infoecos.com.ar\/#\/schema\/logo\/image\/\",\"url\":\"https:\/\/infoecos.com.ar\/wp-content\/uploads\/2024\/03\/cropped-logo.png\",\"contentUrl\":\"https:\/\/infoecos.com.ar\/wp-content\/uploads\/2024\/03\/cropped-logo.png\",\"width\":374,\"height\":90,\"caption\":\"Infoecos\"},\"image\":{\"@id\":\"https:\/\/infoecos.com.ar\/#\/schema\/logo\/image\/\"},\"sameAs\":[\"https:\/\/www.facebook.com\/profile.php?id=100063200290284\",\"https:\/\/x.com\/infoecos\"]},{\"@type\":\"Person\",\"@id\":\"https:\/\/infoecos.com.ar\/#\/schema\/person\/8f5ace5ce73b4b4aac4b7245aee6f191\",\"name\":\"Jorge Matheus\",\"url\":\"https:\/\/infoecos.com.ar\/index.php\/author\/jomatheus\/\"}]}<\/script>\n<!-- \/ Yoast SEO plugin. -->","yoast_head_json":{"title":"El presidente de la Naci\u00f3n, Alberto Fern\u00e1ndez, visitar\u00e1 La Pampa el pr\u00f3ximo viernes - Infoecos","robots":{"index":"index","follow":"follow","max-snippet":"max-snippet:-1","max-image-preview":"max-image-preview:large","max-video-preview":"max-video-preview:-1"},"canonical":"https:\/\/infoecos.com.ar\/index.php\/el-presidente-de-la-nacion-alberto-fernandez-visitara-la-pampa-el-proximo-viernes\/","og_locale":"es_ES","og_type":"article","og_title":"El presidente de la Naci\u00f3n, Alberto Fern\u00e1ndez, visitar\u00e1 La Pampa el pr\u00f3ximo viernes - Infoecos","og_description":"El primero de los viajes se realizar\u00e1 hoy a San Juan. El objetivo que comienza esta semana es mejorar la performance del oficialismo en las PASO","og_url":"https:\/\/infoecos.com.ar\/index.php\/el-presidente-de-la-nacion-alberto-fernandez-visitara-la-pampa-el-proximo-viernes\/","og_site_name":"Infoecos","article_publisher":"https:\/\/www.facebook.com\/profile.php?id=100063200290284","article_published_time":"2021-08-23T07:29:45+00:00","article_modified_time":"2021-08-24T10:47:11+00:00","og_image":[{"width":1000,"height":563,"url":"https:\/\/infoecos.com.ar\/wp-content\/uploads\/2021\/08\/fernandezilliotto.jpg","type":"image\/jpeg"}],"author":"Jorge Matheus","twitter_card":"summary_large_image","twitter_creator":"@infoecos","twitter_site":"@infoecos","twitter_misc":{"Escrito por":"Jorge Matheus","Tiempo de lectura":"1 minuto"},"schema":{"@context":"https:\/\/schema.org","@graph":[{"@type":"Article","@id":"https:\/\/infoecos.com.ar\/index.php\/el-presidente-de-la-nacion-alberto-fernandez-visitara-la-pampa-el-proximo-viernes\/#article","isPartOf":{"@id":"https:\/\/infoecos.com.ar\/index.php\/el-presidente-de-la-nacion-alberto-fernandez-visitara-la-pampa-el-proximo-viernes\/"},"author":{"name":"Jorge Matheus","@id":"https:\/\/infoecos.com.ar\/#\/schema\/person\/8f5ace5ce73b4b4aac4b7245aee6f191"},"headline":"El presidente de la Naci\u00f3n, Alberto Fern\u00e1ndez, visitar\u00e1 La Pampa el pr\u00f3ximo viernes","datePublished":"2021-08-23T07:29:45+00:00","dateModified":"2021-08-24T10:47:11+00:00","mainEntityOfPage":{"@id":"https:\/\/infoecos.com.ar\/index.php\/el-presidente-de-la-nacion-alberto-fernandez-visitara-la-pampa-el-proximo-viernes\/"},"wordCount":161,"publisher":{"@id":"https:\/\/infoecos.com.ar\/#organization"},"image":{"@id":"https:\/\/infoecos.com.ar\/index.php\/el-presidente-de-la-nacion-alberto-fernandez-visitara-la-pampa-el-proximo-viernes\/#primaryimage"},"thumbnailUrl":"https:\/\/infoecos.com.ar\/wp-content\/uploads\/2021\/08\/fernandezilliotto.jpg","keywords":["LO ADELANTA INFOBAE.COM"],"articleSection":["Bloque inferior - 4"],"inLanguage":"es"},{"@type":"WebPage","@id":"https:\/\/infoecos.com.ar\/index.php\/el-presidente-de-la-nacion-alberto-fernandez-visitara-la-pampa-el-proximo-viernes\/","url":"https:\/\/infoecos.com.ar\/index.php\/el-presidente-de-la-nacion-alberto-fernandez-visitara-la-pampa-el-proximo-viernes\/","name":"El presidente de la Naci\u00f3n, Alberto Fern\u00e1ndez, visitar\u00e1 La Pampa el pr\u00f3ximo viernes - Infoecos","isPartOf":{"@id":"https:\/\/infoecos.com.ar\/#website"},"primaryImageOfPage":{"@id":"https:\/\/infoecos.com.ar\/index.php\/el-presidente-de-la-nacion-alberto-fernandez-visitara-la-pampa-el-proximo-viernes\/#primaryimage"},"image":{"@id":"https:\/\/infoecos.com.ar\/index.php\/el-presidente-de-la-nacion-alberto-fernandez-visitara-la-pampa-el-proximo-viernes\/#primaryimage"},"thumbnailUrl":"https:\/\/infoecos.com.ar\/wp-content\/uploads\/2021\/08\/fernandezilliotto.jpg","datePublished":"2021-08-23T07:29:45+00:00","dateModified":"2021-08-24T10:47:11+00:00","breadcrumb":{"@id":"https:\/\/infoecos.com.ar\/index.php\/el-presidente-de-la-nacion-alberto-fernandez-visitara-la-pampa-el-proximo-viernes\/#breadcrumb"},"inLanguage":"es","potentialAction":[{"@type":"ReadAction","target":["https:\/\/infoecos.com.ar\/index.php\/el-presidente-de-la-nacion-alberto-fernandez-visitara-la-pampa-el-proximo-viernes\/"]}]},{"@type":"ImageObject","inLanguage":"es","@id":"https:\/\/infoecos.com.ar\/index.php\/el-presidente-de-la-nacion-alberto-fernandez-visitara-la-pampa-el-proximo-viernes\/#primaryimage","url":"https:\/\/infoecos.com.ar\/wp-content\/uploads\/2021\/08\/fernandezilliotto.jpg","contentUrl":"https:\/\/infoecos.com.ar\/wp-content\/uploads\/2021\/08\/fernandezilliotto.jpg","width":1000,"height":563},{"@type":"BreadcrumbList","@id":"https:\/\/infoecos.com.ar\/index.php\/el-presidente-de-la-nacion-alberto-fernandez-visitara-la-pampa-el-proximo-viernes\/#breadcrumb","itemListElement":[{"@type":"ListItem","position":1,"name":"Portada","item":"https:\/\/infoecos.com.ar\/"},{"@type":"ListItem","position":2,"name":"El presidente de la Naci\u00f3n, Alberto Fern\u00e1ndez, visitar\u00e1 La Pampa el pr\u00f3ximo viernes"}]},{"@type":"WebSite","@id":"https:\/\/infoecos.com.ar\/#website","url":"https:\/\/infoecos.com.ar\/","name":"Infoecos","description":"Noticias de trenque lauquen y la zona","publisher":{"@id":"https:\/\/infoecos.com.ar\/#organization"},"alternateName":"Noticias","potentialAction":[{"@type":"SearchAction","target":{"@type":"EntryPoint","urlTemplate":"https:\/\/infoecos.com.ar\/?s={search_term_string}"},"query-input":{"@type":"PropertyValueSpecification","valueRequired":true,"valueName":"search_term_string"}}],"inLanguage":"es"},{"@type":"Organization","@id":"https:\/\/infoecos.com.ar\/#organization","name":"Infoecos","alternateName":"Noticias","url":"https:\/\/infoecos.com.ar\/","logo":{"@type":"ImageObject","inLanguage":"es","@id":"https:\/\/infoecos.com.ar\/#\/schema\/logo\/image\/","url":"https:\/\/infoecos.com.ar\/wp-content\/uploads\/2024\/03\/cropped-logo.png","contentUrl":"https:\/\/infoecos.com.ar\/wp-content\/uploads\/2024\/03\/cropped-logo.png","width":374,"height":90,"caption":"Infoecos"},"image":{"@id":"https:\/\/infoecos.com.ar\/#\/schema\/logo\/image\/"},"sameAs":["https:\/\/www.facebook.com\/profile.php?id=100063200290284","https:\/\/x.com\/infoecos"]},{"@type":"Person","@id":"https:\/\/infoecos.com.ar\/#\/schema\/person\/8f5ace5ce73b4b4aac4b7245aee6f191","name":"Jorge Matheus","url":"https:\/\/infoecos.com.ar\/index.php\/author\/jomatheus\/"}]}},"featured_image_urls":{"full":["https:\/\/infoecos.com.ar\/wp-content\/uploads\/2021\/08\/fernandezilliotto.jpg",1000,563,false],"thumbnail":["https:\/\/infoecos.com.ar\/wp-content\/uploads\/2021\/08\/fernandezilliotto-150x150.jpg",150,150,true],"medium":["https:\/\/infoecos.com.ar\/wp-content\/uploads\/2021\/08\/fernandezilliotto-460x259.jpg",460,259,true],"medium_large":["https:\/\/infoecos.com.ar\/wp-content\/uploads\/2021\/08\/fernandezilliotto-768x432.jpg",640,360,true],"large":["https:\/\/infoecos.com.ar\/wp-content\/uploads\/2021\/08\/fernandezilliotto-920x518.jpg",640,360,true],"1536x1536":["https:\/\/infoecos.com.ar\/wp-content\/uploads\/2021\/08\/fernandezilliotto.jpg",1000,563,false],"2048x2048":["https:\/\/infoecos.com.ar\/wp-content\/uploads\/2021\/08\/fernandezilliotto.jpg",1000,563,false],"covernews-slider-full":["https:\/\/infoecos.com.ar\/wp-content\/uploads\/2021\/08\/fernandezilliotto.jpg",1000,563,false],"covernews-slider-center":["https:\/\/infoecos.com.ar\/wp-content\/uploads\/2021\/08\/fernandezilliotto-936x563.jpg",800,481,true],"covernews-featured":["https:\/\/infoecos.com.ar\/wp-content\/uploads\/2021\/08\/fernandezilliotto.jpg",1000,563,false],"covernews-medium":["https:\/\/infoecos.com.ar\/wp-content\/uploads\/2021\/08\/fernandezilliotto-720x380.jpg",540,285,true],"covernews-medium-square":["https:\/\/infoecos.com.ar\/wp-content\/uploads\/2021\/08\/fernandezilliotto-675x450.jpg",375,250,true]},"author_info":{"info":["Jorge Matheus"]},"category_info":"<a href=\"https:\/\/infoecos.com.ar\/index.php\/category\/inferior4\/\" rel=\"category tag\">Bloque inferior - 4<\/a>","tag_info":"Bloque inferior - 4","comment_count":"0","_links":{"self":[{"href":"https:\/\/infoecos.com.ar\/index.php\/wp-json\/wp\/v2\/posts\/83958"}],"collection":[{"href":"https:\/\/infoecos.com.ar\/index.php\/wp-json\/wp\/v2\/posts"}],"about":[{"href":"https:\/\/infoecos.com.ar\/index.php\/wp-json\/wp\/v2\/types\/post"}],"author":[{"embeddable":true,"href":"https:\/\/infoecos.com.ar\/index.php\/wp-json\/wp\/v2\/users\/2"}],"replies":[{"embeddable":true,"href":"https:\/\/infoecos.com.ar\/index.php\/wp-json\/wp\/v2\/comments?post=83958"}],"version-history":[{"count":2,"href":"https:\/\/infoecos.com.ar\/index.php\/wp-json\/wp\/v2\/posts\/83958\/revisions"}],"predecessor-version":[{"id":84068,"href":"https:\/\/infoecos.com.ar\/index.php\/wp-json\/wp\/v2\/posts\/83958\/revisions\/84068"}],"wp:featuredmedia":[{"embeddable":true,"href":"https:\/\/infoecos.com.ar\/index.php\/wp-json\/wp\/v2\/media\/83959"}],"wp:attachment":[{"href":"https:\/\/infoecos.com.ar\/index.php\/wp-json\/wp\/v2\/media?parent=83958"}],"wp:term":[{"taxonomy":"category","embeddable":true,"href":"https:\/\/infoecos.com.ar\/index.php\/wp-json\/wp\/v2\/categories?post=83958"},{"taxonomy":"post_tag","embeddable":true,"href":"https:\/\/infoecos.com.ar\/index.php\/wp-json\/wp\/v2\/tags?post=83958"}],"curies":[{"name":"wp","href":"https:\/\/api.w.org\/{rel}","templated":true}]}}