{"id":83969,"date":"2021-08-23T06:01:50","date_gmt":"2021-08-23T09:01:50","guid":{"rendered":"http:\/\/infoecos.com.ar\/?p=83969"},"modified":"2021-08-24T07:46:33","modified_gmt":"2021-08-24T10:46:33","slug":"fallecio-en-cordoba-el-conocido-caso-cero-por-introducir-la-variante-delta-de-coronavirus","status":"publish","type":"post","link":"https:\/\/infoecos.com.ar\/index.php\/fallecio-en-cordoba-el-conocido-caso-cero-por-introducir-la-variante-delta-de-coronavirus\/","title":{"rendered":"Falleci\u00f3 en C\u00f3rdoba el conocido \u00abcaso cero\u00bb por introducir la variante Delta de coronavirus"},"content":{"rendered":"\n<p class=\"wp-block-paragraph\">El hombre de nacionalidad boliviana conocido como el \u00ab<strong>caso cero<\/strong>\u00bb por introducir la&nbsp;<strong>variante Delta<\/strong>&nbsp;de coronavirus a&nbsp;<strong>C\u00f3rdoba<\/strong>&nbsp;y generar un brote de contagios falleci\u00f3 en la ma\u00f1ana del domingo en el Hospital Rawson, donde se encontraba internado desde hace tres semanas.<\/p>\n\n\n\n<p class=\"wp-block-paragraph\">El deceso se dio por su avanzada complicaci\u00f3n en la salud, ya que sufr\u00eda \u00abinsuficiencia respiratoria causada por neumon\u00eda bilateral grave\u00bb, informaron fuentes sanitarias.<\/p>\n\n\n\n<div class=\"wp-block-image is-style-default\"><figure class=\"aligncenter size-medium\"><img loading=\"lazy\" decoding=\"async\" width=\"460\" height=\"259\" src=\"http:\/\/infoecos.com.ar\/wp-content\/uploads\/2021\/08\/CASOCERO-460x259.jpg\" alt=\"\" class=\"wp-image-83970\" srcset=\"https:\/\/infoecos.com.ar\/wp-content\/uploads\/2021\/08\/CASOCERO-460x259.jpg 460w, https:\/\/infoecos.com.ar\/wp-content\/uploads\/2021\/08\/CASOCERO-768x432.jpg 768w, https:\/\/infoecos.com.ar\/wp-content\/uploads\/2021\/08\/CASOCERO.jpg 848w\" sizes=\"auto, (max-width: 460px) 100vw, 460px\" \/><\/figure><\/div>\n\n\n\n<p class=\"wp-block-paragraph\">El fallecido hab\u00eda ingresado al pa\u00eds a mediados de julio desde Lima, Per\u00fa, y no respet\u00f3 el aislamiento obligatorio, adem\u00e1s de participar de reuniones sociales, y gener\u00f3 un foco de contagios intrafamiliares, donde resultaron contagiadas 35 de las 60 personas que portan o portaron esa variante en la provincia mediterr\u00e1nea.<\/p>\n\n\n\n<p class=\"wp-block-paragraph\">Mientras, el Ministerio de Salud de C\u00f3rdoba notific\u00f3 que en las \u00faltimas 24 horas se conoci\u00f3 un nuevo caso de contagio de coronavirus con la&nbsp;<strong>variante Delta<\/strong>, con lo que suman 60 los infectados.<\/p>\n\n\n\n<p class=\"wp-block-paragraph\">El informe oficial indica que el contagio recientemente registrado est\u00e1 vinculado a un contacto estrecho de otra persona que volvi\u00f3 de viaje desde el exterior y que se encuentra realizando el debido aislamiento.<\/p>\n\n\n\n<p class=\"wp-block-paragraph\">La Unidad Fiscal de Emergencia (UFES) investiga la causa que tiene como imputadas a otras cuatro personas que, a sabiendas de que el hombre fallecido portaba el virus, compartieron encuentros.<\/p>\n\n\n\n<p class=\"wp-block-paragraph\">En todos los casos est\u00e1n acusados por violar los art\u00edculos 202 y 205 del C\u00f3digo Penal, que establece penas de entre 3 y 15 a\u00f1os de prisi\u00f3n por realizar acciones que propagan la enfermedad viral.<\/p>\n","protected":false},"excerpt":{"rendered":"<p>El deceso se dio por su avanzada complicaci\u00f3n en la salud, ya que sufr\u00eda \u00abinsuficiencia respiratoria causada por neumon\u00eda bilateral grave\u00bb, informaron fuentes sanitarias<\/p>\n","protected":false},"author":2,"featured_media":83970,"comment_status":"closed","ping_status":"open","sticky":false,"template":"","format":"standard","meta":{"footnotes":""},"categories":[41],"tags":[4795],"class_list":["post-83969","post","type-post","status-publish","format-standard","has-post-thumbnail","hentry","category-inferior2","tag-se-encontraba-internado-desde-hace-3-semanas"],"featured_image_urls":{"full":["https:\/\/infoecos.com.ar\/wp-content\/uploads\/2021\/08\/CASOCERO.jpg",848,477,false],"thumbnail":["https:\/\/infoecos.com.ar\/wp-content\/uploads\/2021\/08\/CASOCERO-150x150.jpg",150,150,true],"medium":["https:\/\/infoecos.com.ar\/wp-content\/uploads\/2021\/08\/CASOCERO-460x259.jpg",460,259,true],"medium_large":["https:\/\/infoecos.com.ar\/wp-content\/uploads\/2021\/08\/CASOCERO-768x432.jpg",640,360,true],"large":["https:\/\/infoecos.com.ar\/wp-content\/uploads\/2021\/08\/CASOCERO.jpg",640,360,false],"1536x1536":["https:\/\/infoecos.com.ar\/wp-content\/uploads\/2021\/08\/CASOCERO.jpg",848,477,false],"2048x2048":["https:\/\/infoecos.com.ar\/wp-content\/uploads\/2021\/08\/CASOCERO.jpg",848,477,false],"covernews-slider-full":["https:\/\/infoecos.com.ar\/wp-content\/uploads\/2021\/08\/CASOCERO.jpg",848,477,false],"covernews-slider-center":["https:\/\/infoecos.com.ar\/wp-content\/uploads\/2021\/08\/CASOCERO.jpg",800,450,false],"covernews-featured":["https:\/\/infoecos.com.ar\/wp-content\/uploads\/2021\/08\/CASOCERO.jpg",848,477,false],"covernews-medium":["https:\/\/infoecos.com.ar\/wp-content\/uploads\/2021\/08\/CASOCERO-720x380.jpg",540,285,true],"covernews-medium-square":["https:\/\/infoecos.com.ar\/wp-content\/uploads\/2021\/08\/CASOCERO-675x450.jpg",375,250,true]},"author_info":{"info":["Jorge Matheus"]},"category_info":"<a href=\"https:\/\/infoecos.com.ar\/index.php\/category\/inferior2\/\" rel=\"category tag\">Bloque inferior - 2<\/a>","tag_info":"Bloque inferior - 2","comment_count":"0","_links":{"self":[{"href":"https:\/\/infoecos.com.ar\/index.php\/wp-json\/wp\/v2\/posts\/83969","targetHints":{"allow":["GET"]}}],"collection":[{"href":"https:\/\/infoecos.com.ar\/index.php\/wp-json\/wp\/v2\/posts"}],"about":[{"href":"https:\/\/infoecos.com.ar\/index.php\/wp-json\/wp\/v2\/types\/post"}],"author":[{"embeddable":true,"href":"https:\/\/infoecos.com.ar\/index.php\/wp-json\/wp\/v2\/users\/2"}],"replies":[{"embeddable":true,"href":"https:\/\/infoecos.com.ar\/index.php\/wp-json\/wp\/v2\/comments?post=83969"}],"version-history":[{"count":1,"href":"https:\/\/infoecos.com.ar\/index.php\/wp-json\/wp\/v2\/posts\/83969\/revisions"}],"predecessor-version":[{"id":83971,"href":"https:\/\/infoecos.com.ar\/index.php\/wp-json\/wp\/v2\/posts\/83969\/revisions\/83971"}],"wp:featuredmedia":[{"embeddable":true,"href":"https:\/\/infoecos.com.ar\/index.php\/wp-json\/wp\/v2\/media\/83970"}],"wp:attachment":[{"href":"https:\/\/infoecos.com.ar\/index.php\/wp-json\/wp\/v2\/media?parent=83969"}],"wp:term":[{"taxonomy":"category","embeddable":true,"href":"https:\/\/infoecos.com.ar\/index.php\/wp-json\/wp\/v2\/categories?post=83969"},{"taxonomy":"post_tag","embeddable":true,"href":"https:\/\/infoecos.com.ar\/index.php\/wp-json\/wp\/v2\/tags?post=83969"}],"curies":[{"name":"wp","href":"https:\/\/api.w.org\/{rel}","templated":true}]}}