{"id":83988,"date":"2021-08-23T19:13:25","date_gmt":"2021-08-23T22:13:25","guid":{"rendered":"http:\/\/infoecos.com.ar\/?p=83988"},"modified":"2021-08-25T06:14:44","modified_gmt":"2021-08-25T09:14:44","slug":"alberti-benito-juarez-general-alvear-general-guido-tordillo-y-villarino-no-presentan-casos-desde-hace-mas-de-una-semana","status":"publish","type":"post","link":"https:\/\/infoecos.com.ar\/index.php\/alberti-benito-juarez-general-alvear-general-guido-tordillo-y-villarino-no-presentan-casos-desde-hace-mas-de-una-semana\/","title":{"rendered":"Alberti, Benito Ju\u00e1rez, General Alvear, General Guido, Tordillo y Villarino no presentan casos desde hace m\u00e1s de una semana"},"content":{"rendered":"\n<p class=\"wp-block-paragraph\">El ministerio de Salud de la Provincia inform\u00f3 que, por primera vez, desde el comienzo de la pandemia son seis los municipios bonaerenses que no registran nuevos casos de coronavirus en su poblaci\u00f3n desde el 15 de agosto. Esto responde, seg\u00fan se indic\u00f3 a trav\u00e9s de un parte de prensa, al importante avance de la Campa\u00f1a Vacunaci\u00f3n que ya lleva un total de 15.214.073 dosis aplicadas.<\/p>\n\n\n\n<div class=\"wp-block-image is-style-default\"><figure class=\"aligncenter size-medium\"><img loading=\"lazy\" decoding=\"async\" width=\"460\" height=\"366\" src=\"http:\/\/infoecos.com.ar\/wp-content\/uploads\/2021\/08\/albertimunicipio-460x366.jpg\" alt=\"\" class=\"wp-image-83989\" srcset=\"https:\/\/infoecos.com.ar\/wp-content\/uploads\/2021\/08\/albertimunicipio-460x366.jpg 460w, https:\/\/infoecos.com.ar\/wp-content\/uploads\/2021\/08\/albertimunicipio-768x612.jpg 768w, https:\/\/infoecos.com.ar\/wp-content\/uploads\/2021\/08\/albertimunicipio.jpg 791w\" sizes=\"auto, (max-width: 460px) 100vw, 460px\" \/><figcaption>Alberti imagen del Palacio Municipal<\/figcaption><\/figure><\/div>\n\n\n\n<p class=\"wp-block-paragraph\">Los distritos que no presentaron casos positivos de Covid-19 en sus habitantes desde hace m\u00e1s de una semana son: <strong>Alberti, Benito Ju\u00e1rez, Gral. Alvear, Gral. Guido, Tordillo y Villarino<\/strong>.<\/p>\n\n\n\n<p class=\"wp-block-paragraph\">Esta buena noticia se suma a la disminuci\u00f3n por decimotercera semana consecutiva de los casos en toda la Provincia. <strong>\u201cSumamos una nueva semana de descenso sostenido de casos de Covid-19 y acumulamos un 86% en relaci\u00f3n al pico de la segunda ola; en cuanto a la semana pasada registramos una baja del 26%\u201d<\/strong>, detall\u00f3 el titular de la cartera sanitaria bonaerense, Nicol\u00e1s Kreplak, y afirm\u00f3 que <strong>\u201cla vacunaci\u00f3n nos sigue demostrando que es la salida de la pandemia\u201d.<\/strong><\/p>\n\n\n\n<div class=\"wp-block-image is-style-default\"><figure class=\"aligncenter size-medium\"><img loading=\"lazy\" decoding=\"async\" width=\"460\" height=\"260\" src=\"http:\/\/infoecos.com.ar\/wp-content\/uploads\/2021\/08\/placa-covid-promedio-confirmados-460x260.jpg\" alt=\"\" class=\"wp-image-83990\" srcset=\"https:\/\/infoecos.com.ar\/wp-content\/uploads\/2021\/08\/placa-covid-promedio-confirmados-460x260.jpg 460w, https:\/\/infoecos.com.ar\/wp-content\/uploads\/2021\/08\/placa-covid-promedio-confirmados-920x520.jpg 920w, https:\/\/infoecos.com.ar\/wp-content\/uploads\/2021\/08\/placa-covid-promedio-confirmados-768x434.jpg 768w, https:\/\/infoecos.com.ar\/wp-content\/uploads\/2021\/08\/placa-covid-promedio-confirmados.jpg 1024w\" sizes=\"auto, (max-width: 460px) 100vw, 460px\" \/><\/figure><\/div>\n\n\n\n<p class=\"wp-block-paragraph\">En este sentido, seg\u00fan los datos de la Campa\u00f1a \u201cVacunate PBA\u201d, hasta el momento en el territorio provincial<strong> se aplicaron un total de 15.214.073 inmunizaciones, de las cuales 10.596.364 corresponden a la primera dosis y 4.617.709 a la segunda.<\/strong><\/p>\n\n\n\n<p class=\"wp-block-paragraph\">En tanto, contin\u00faa abierta la inscripci\u00f3n en la p\u00e1gina&nbsp;<a href=\"http:\/\/vacunatepba.gba.gob.ar\/\" target=\"_blank\" rel=\"noreferrer noopener\">vacunatepba.gba.gob.ar<\/a>&nbsp;para todas y todos las\/los menores a partir de los 12 a\u00f1os, mientras que las personas mayores de 18 a\u00f1os pueden acceder a la \u00abvacunaci\u00f3n libre\u00bb, y dirigirse sin turno a cualquiera de los puntos de inmunizaci\u00f3n bonaerenses, s\u00f3lo con DNI que acredite domicilio en la provincia, y recibir su primera dosis.<\/p>\n","protected":false},"excerpt":{"rendered":"<p>\u201cSumamos una nueva semana de descenso sostenido de casos de Covid-19&#8243;, dijo Kreplak <\/p>\n","protected":false},"author":2,"featured_media":83989,"comment_status":"closed","ping_status":"open","sticky":false,"template":"","format":"standard","meta":{"footnotes":""},"categories":[1643],"tags":[4797],"class_list":["post-83988","post","type-post","status-publish","format-standard","has-post-thumbnail","hentry","category-inferior16","tag-informe-alentador-del-ministerio-de-salud"],"featured_image_urls":{"full":["https:\/\/infoecos.com.ar\/wp-content\/uploads\/2021\/08\/albertimunicipio.jpg",791,630,false],"thumbnail":["https:\/\/infoecos.com.ar\/wp-content\/uploads\/2021\/08\/albertimunicipio-150x150.jpg",150,150,true],"medium":["https:\/\/infoecos.com.ar\/wp-content\/uploads\/2021\/08\/albertimunicipio-460x366.jpg",460,366,true],"medium_large":["https:\/\/infoecos.com.ar\/wp-content\/uploads\/2021\/08\/albertimunicipio-768x612.jpg",640,510,true],"large":["https:\/\/infoecos.com.ar\/wp-content\/uploads\/2021\/08\/albertimunicipio.jpg",640,510,false],"1536x1536":["https:\/\/infoecos.com.ar\/wp-content\/uploads\/2021\/08\/albertimunicipio.jpg",791,630,false],"2048x2048":["https:\/\/infoecos.com.ar\/wp-content\/uploads\/2021\/08\/albertimunicipio.jpg",791,630,false],"covernews-slider-full":["https:\/\/infoecos.com.ar\/wp-content\/uploads\/2021\/08\/albertimunicipio.jpg",791,630,false],"covernews-slider-center":["https:\/\/infoecos.com.ar\/wp-content\/uploads\/2021\/08\/albertimunicipio.jpg",628,500,false],"covernews-featured":["https:\/\/infoecos.com.ar\/wp-content\/uploads\/2021\/08\/albertimunicipio.jpg",791,630,false],"covernews-medium":["https:\/\/infoecos.com.ar\/wp-content\/uploads\/2021\/08\/albertimunicipio-720x380.jpg",540,285,true],"covernews-medium-square":["https:\/\/infoecos.com.ar\/wp-content\/uploads\/2021\/08\/albertimunicipio-675x450.jpg",375,250,true]},"author_info":{"info":["Jorge Matheus"]},"category_info":"<a href=\"https:\/\/infoecos.com.ar\/index.php\/category\/inferior16\/\" rel=\"category tag\">Bloque inferior - 16<\/a>","tag_info":"Bloque inferior - 16","comment_count":"0","_links":{"self":[{"href":"https:\/\/infoecos.com.ar\/index.php\/wp-json\/wp\/v2\/posts\/83988","targetHints":{"allow":["GET"]}}],"collection":[{"href":"https:\/\/infoecos.com.ar\/index.php\/wp-json\/wp\/v2\/posts"}],"about":[{"href":"https:\/\/infoecos.com.ar\/index.php\/wp-json\/wp\/v2\/types\/post"}],"author":[{"embeddable":true,"href":"https:\/\/infoecos.com.ar\/index.php\/wp-json\/wp\/v2\/users\/2"}],"replies":[{"embeddable":true,"href":"https:\/\/infoecos.com.ar\/index.php\/wp-json\/wp\/v2\/comments?post=83988"}],"version-history":[{"count":2,"href":"https:\/\/infoecos.com.ar\/index.php\/wp-json\/wp\/v2\/posts\/83988\/revisions"}],"predecessor-version":[{"id":84003,"href":"https:\/\/infoecos.com.ar\/index.php\/wp-json\/wp\/v2\/posts\/83988\/revisions\/84003"}],"wp:featuredmedia":[{"embeddable":true,"href":"https:\/\/infoecos.com.ar\/index.php\/wp-json\/wp\/v2\/media\/83989"}],"wp:attachment":[{"href":"https:\/\/infoecos.com.ar\/index.php\/wp-json\/wp\/v2\/media?parent=83988"}],"wp:term":[{"taxonomy":"category","embeddable":true,"href":"https:\/\/infoecos.com.ar\/index.php\/wp-json\/wp\/v2\/categories?post=83988"},{"taxonomy":"post_tag","embeddable":true,"href":"https:\/\/infoecos.com.ar\/index.php\/wp-json\/wp\/v2\/tags?post=83988"}],"curies":[{"name":"wp","href":"https:\/\/api.w.org\/{rel}","templated":true}]}}