{"id":84004,"date":"2021-08-24T02:59:29","date_gmt":"2021-08-24T05:59:29","guid":{"rendered":"http:\/\/infoecos.com.ar\/?p=84004"},"modified":"2021-08-24T02:59:30","modified_gmt":"2021-08-24T05:59:30","slug":"beruti-celebrara-este-miercoles-el-131-aniversario-de-su-fundacion","status":"publish","type":"post","link":"https:\/\/infoecos.com.ar\/index.php\/beruti-celebrara-este-miercoles-el-131-aniversario-de-su-fundacion\/","title":{"rendered":"Beruti celebrar\u00e1 este mi\u00e9rcoles el 131 aniversario de su fundaci\u00f3n"},"content":{"rendered":"\n<p class=\"wp-block-paragraph\">Ma\u00f1ana mi\u00e9rcoles, a partir de las 14 se realizar\u00e1 el acto central por el 131 aniversario de la localidad de Beruti. <\/p>\n\n\n\n<p class=\"wp-block-paragraph\">Se llevar\u00e1 a cabo en el Centro Cultural La Luisa organizado en forma conjunta por las autoridades del Jard\u00edn n\u00famero 904 \u00abJorge Alberto Simini\u00bb y la Delegaci\u00f3n Municipal. Ser\u00e1 encabezado por el intendente Miguel Fern\u00e1ndez, y el delegado Fabio Villarreal, quien asumi\u00f3 el cargo la semana pasada.<\/p>\n\n\n\n<div class=\"wp-block-image is-style-default\"><figure class=\"aligncenter size-medium\"><img loading=\"lazy\" decoding=\"async\" width=\"460\" height=\"288\" src=\"http:\/\/infoecos.com.ar\/wp-content\/uploads\/2021\/08\/Aniversario-de-Beruti-460x288.jpg\" alt=\"\" class=\"wp-image-84005\" srcset=\"https:\/\/infoecos.com.ar\/wp-content\/uploads\/2021\/08\/Aniversario-de-Beruti-460x288.jpg 460w, https:\/\/infoecos.com.ar\/wp-content\/uploads\/2021\/08\/Aniversario-de-Beruti-920x575.jpg 920w, https:\/\/infoecos.com.ar\/wp-content\/uploads\/2021\/08\/Aniversario-de-Beruti-768x480.jpg 768w, https:\/\/infoecos.com.ar\/wp-content\/uploads\/2021\/08\/Aniversario-de-Beruti-1024x640.jpg 1024w, https:\/\/infoecos.com.ar\/wp-content\/uploads\/2021\/08\/Aniversario-de-Beruti.jpg 1080w\" sizes=\"auto, (max-width: 460px) 100vw, 460px\" \/><\/figure><\/div>\n\n\n\n<p class=\"wp-block-paragraph\">Luego del acto central, que se desarrollar\u00e1 siguiendo las normas protocolares vigentes en el marco de la situaci\u00f3n sanitaria y epidemiol\u00f3gica por la pandemia de Covid-19, a las 16 se presentar\u00e1 en la p\u00e1gina de Facebook <strong>\u201cEl Jard\u00edn de Beruti\u201d<\/strong> la historia de las Instituciones educativas de la localidad. <\/p>\n\n\n\n<p class=\"wp-block-paragraph\">Se inform\u00f3 que tambi\u00e9n se har\u00e1 lo mismo que lo anterior con el concurso <strong>\u201cPasa el tiempo Beruti\u201d<\/strong>, unos juegos de pasatiempo que las personas interesadas deber\u00e1n completar hasta el viernes 10 de septiembre. Al d\u00eda siguiente se realizar\u00e1 el sorteo.<\/p>\n","protected":false},"excerpt":{"rendered":"<p>Ser\u00e1 encabezado por el intendente Miguel Fern\u00e1ndez, y el delegado Fabio Villarreal, quien asumi\u00f3 el cargo la semana pasada<\/p>\n","protected":false},"author":2,"featured_media":84005,"comment_status":"closed","ping_status":"open","sticky":false,"template":"","format":"standard","meta":{"footnotes":""},"categories":[29],"tags":[4802],"class_list":["post-84004","post","type-post","status-publish","format-standard","has-post-thumbnail","hentry","category-c2nota1","tag-acto-en-el-club-la-luisa-desde-las-14"],"featured_image_urls":{"full":["https:\/\/infoecos.com.ar\/wp-content\/uploads\/2021\/08\/Aniversario-de-Beruti.jpg",1080,675,false],"thumbnail":["https:\/\/infoecos.com.ar\/wp-content\/uploads\/2021\/08\/Aniversario-de-Beruti-150x150.jpg",150,150,true],"medium":["https:\/\/infoecos.com.ar\/wp-content\/uploads\/2021\/08\/Aniversario-de-Beruti-460x288.jpg",460,288,true],"medium_large":["https:\/\/infoecos.com.ar\/wp-content\/uploads\/2021\/08\/Aniversario-de-Beruti-768x480.jpg",640,400,true],"large":["https:\/\/infoecos.com.ar\/wp-content\/uploads\/2021\/08\/Aniversario-de-Beruti-920x575.jpg",640,400,true],"1536x1536":["https:\/\/infoecos.com.ar\/wp-content\/uploads\/2021\/08\/Aniversario-de-Beruti.jpg",1080,675,false],"2048x2048":["https:\/\/infoecos.com.ar\/wp-content\/uploads\/2021\/08\/Aniversario-de-Beruti.jpg",1080,675,false],"covernews-slider-full":["https:\/\/infoecos.com.ar\/wp-content\/uploads\/2021\/08\/Aniversario-de-Beruti.jpg",1080,675,false],"covernews-slider-center":["https:\/\/infoecos.com.ar\/wp-content\/uploads\/2021\/08\/Aniversario-de-Beruti-936x675.jpg",693,500,true],"covernews-featured":["https:\/\/infoecos.com.ar\/wp-content\/uploads\/2021\/08\/Aniversario-de-Beruti-1024x640.jpg",1024,640,true],"covernews-medium":["https:\/\/infoecos.com.ar\/wp-content\/uploads\/2021\/08\/Aniversario-de-Beruti-720x380.jpg",540,285,true],"covernews-medium-square":["https:\/\/infoecos.com.ar\/wp-content\/uploads\/2021\/08\/Aniversario-de-Beruti-675x450.jpg",375,250,true]},"author_info":{"info":["Jorge Matheus"]},"category_info":"<a href=\"https:\/\/infoecos.com.ar\/index.php\/category\/c2nota1\/\" rel=\"category tag\">C2 nota 1<\/a>","tag_info":"C2 nota 1","comment_count":"0","_links":{"self":[{"href":"https:\/\/infoecos.com.ar\/index.php\/wp-json\/wp\/v2\/posts\/84004","targetHints":{"allow":["GET"]}}],"collection":[{"href":"https:\/\/infoecos.com.ar\/index.php\/wp-json\/wp\/v2\/posts"}],"about":[{"href":"https:\/\/infoecos.com.ar\/index.php\/wp-json\/wp\/v2\/types\/post"}],"author":[{"embeddable":true,"href":"https:\/\/infoecos.com.ar\/index.php\/wp-json\/wp\/v2\/users\/2"}],"replies":[{"embeddable":true,"href":"https:\/\/infoecos.com.ar\/index.php\/wp-json\/wp\/v2\/comments?post=84004"}],"version-history":[{"count":1,"href":"https:\/\/infoecos.com.ar\/index.php\/wp-json\/wp\/v2\/posts\/84004\/revisions"}],"predecessor-version":[{"id":84006,"href":"https:\/\/infoecos.com.ar\/index.php\/wp-json\/wp\/v2\/posts\/84004\/revisions\/84006"}],"wp:featuredmedia":[{"embeddable":true,"href":"https:\/\/infoecos.com.ar\/index.php\/wp-json\/wp\/v2\/media\/84005"}],"wp:attachment":[{"href":"https:\/\/infoecos.com.ar\/index.php\/wp-json\/wp\/v2\/media?parent=84004"}],"wp:term":[{"taxonomy":"category","embeddable":true,"href":"https:\/\/infoecos.com.ar\/index.php\/wp-json\/wp\/v2\/categories?post=84004"},{"taxonomy":"post_tag","embeddable":true,"href":"https:\/\/infoecos.com.ar\/index.php\/wp-json\/wp\/v2\/tags?post=84004"}],"curies":[{"name":"wp","href":"https:\/\/api.w.org\/{rel}","templated":true}]}}