{"id":84007,"date":"2021-08-24T03:10:12","date_gmt":"2021-08-24T06:10:12","guid":{"rendered":"http:\/\/infoecos.com.ar\/?p=84007"},"modified":"2021-08-24T03:10:13","modified_gmt":"2021-08-24T06:10:13","slug":"juanci-martinez-precandidato-a-senador-provincial-por-la-4-seccion-electoral-recorrio-la-ciudad-de-america","status":"publish","type":"post","link":"https:\/\/infoecos.com.ar\/index.php\/juanci-martinez-precandidato-a-senador-provincial-por-la-4-seccion-electoral-recorrio-la-ciudad-de-america\/","title":{"rendered":"\u00abJuanci\u00bb Mart\u00ednez, precandidato a senador provincial por la 4\u00b0 Secci\u00f3n Electoral, recorri\u00f3 la ciudad de Am\u00e9rica"},"content":{"rendered":"\n<p class=\"wp-block-paragraph\">El referente del massismo de la Cuarta Secci\u00f3n electoral y precandidato a senador provincial por el Frente de Todos, el rivadaviense Juan Alberto \u201cJuanci\u201d Mart\u00ednez, realiz\u00f3 una recorrida por la ciudad de Am\u00e9rica, junto a la primera precandidata a concejal de Todos, Maia Sol Medici. <\/p>\n\n\n\n<div class=\"wp-block-image is-style-default\"><figure class=\"aligncenter size-medium\"><img loading=\"lazy\" decoding=\"async\" width=\"460\" height=\"260\" src=\"http:\/\/infoecos.com.ar\/wp-content\/uploads\/2021\/08\/JUANCIMARTINEZ-460x260.jpg\" alt=\"\" class=\"wp-image-84008\" srcset=\"https:\/\/infoecos.com.ar\/wp-content\/uploads\/2021\/08\/JUANCIMARTINEZ-460x260.jpg 460w, https:\/\/infoecos.com.ar\/wp-content\/uploads\/2021\/08\/JUANCIMARTINEZ-920x520.jpg 920w, https:\/\/infoecos.com.ar\/wp-content\/uploads\/2021\/08\/JUANCIMARTINEZ-768x434.jpg 768w, https:\/\/infoecos.com.ar\/wp-content\/uploads\/2021\/08\/JUANCIMARTINEZ-1024x579.jpg 1024w, https:\/\/infoecos.com.ar\/wp-content\/uploads\/2021\/08\/JUANCIMARTINEZ.jpg 1280w\" sizes=\"auto, (max-width: 460px) 100vw, 460px\" \/><\/figure><\/div>\n\n\n\n<p class=\"wp-block-paragraph\">La recorrida incluy\u00f3 distintos encuentros con vecinos.<\/p>\n\n\n\n<p class=\"wp-block-paragraph\">\u201cLlevamos nuestras propuestas a nivel local y escuchamos las demandas, con la intenci\u00f3n de transformarlas en futuras iniciativas\u201d, expres\u00f3 Mart\u00ednez y marc\u00f3 que \u201ccomo dije desde el primer d\u00eda, mi compromiso es con los vecinos y para ellos trabajar\u00e9 si soy electo para ocupar un lugar en el Senado de la Provincia\u201d.<\/p>\n\n\n\n<div class=\"wp-block-image is-style-default\"><figure class=\"aligncenter size-medium\"><img loading=\"lazy\" decoding=\"async\" width=\"460\" height=\"245\" src=\"http:\/\/infoecos.com.ar\/wp-content\/uploads\/2021\/08\/JUANCIMARTINEZ1-460x245.jpg\" alt=\"\" class=\"wp-image-84009\" srcset=\"https:\/\/infoecos.com.ar\/wp-content\/uploads\/2021\/08\/JUANCIMARTINEZ1-460x245.jpg 460w, https:\/\/infoecos.com.ar\/wp-content\/uploads\/2021\/08\/JUANCIMARTINEZ1-920x491.jpg 920w, https:\/\/infoecos.com.ar\/wp-content\/uploads\/2021\/08\/JUANCIMARTINEZ1-768x410.jpg 768w, https:\/\/infoecos.com.ar\/wp-content\/uploads\/2021\/08\/JUANCIMARTINEZ1.jpg 1024w\" sizes=\"auto, (max-width: 460px) 100vw, 460px\" \/><\/figure><\/div>\n\n\n\n<p class=\"wp-block-paragraph\">Por su parte, Medici resalt\u00f3 que \u201cestar con los vecinos y vecinas, entendiendo sus necesidades y problem\u00e1ticas me impulsa cada vez m\u00e1s a poder lograr alzar sus voces que no han sido escuchadas\u201d.<\/p>\n","protected":false},"excerpt":{"rendered":"<p>El referente del massismo de la Cuarta Secci\u00f3n electoral y precandidato a senador provincial por&#8230;<\/p>\n","protected":false},"author":2,"featured_media":84008,"comment_status":"closed","ping_status":"open","sticky":false,"template":"","format":"standard","meta":{"footnotes":""},"categories":[24],"tags":[4803],"class_list":["post-84007","post","type-post","status-publish","format-standard","has-post-thumbnail","hentry","category-c1nota3","tag-con-la-mirada-en-las-paso"],"featured_image_urls":{"full":["https:\/\/infoecos.com.ar\/wp-content\/uploads\/2021\/08\/JUANCIMARTINEZ.jpg",1280,724,false],"thumbnail":["https:\/\/infoecos.com.ar\/wp-content\/uploads\/2021\/08\/JUANCIMARTINEZ-150x150.jpg",150,150,true],"medium":["https:\/\/infoecos.com.ar\/wp-content\/uploads\/2021\/08\/JUANCIMARTINEZ-460x260.jpg",460,260,true],"medium_large":["https:\/\/infoecos.com.ar\/wp-content\/uploads\/2021\/08\/JUANCIMARTINEZ-768x434.jpg",640,362,true],"large":["https:\/\/infoecos.com.ar\/wp-content\/uploads\/2021\/08\/JUANCIMARTINEZ-920x520.jpg",640,362,true],"1536x1536":["https:\/\/infoecos.com.ar\/wp-content\/uploads\/2021\/08\/JUANCIMARTINEZ.jpg",1280,724,false],"2048x2048":["https:\/\/infoecos.com.ar\/wp-content\/uploads\/2021\/08\/JUANCIMARTINEZ.jpg",1280,724,false],"covernews-slider-full":["https:\/\/infoecos.com.ar\/wp-content\/uploads\/2021\/08\/JUANCIMARTINEZ.jpg",1115,631,false],"covernews-slider-center":["https:\/\/infoecos.com.ar\/wp-content\/uploads\/2021\/08\/JUANCIMARTINEZ-936x724.jpg",646,500,true],"covernews-featured":["https:\/\/infoecos.com.ar\/wp-content\/uploads\/2021\/08\/JUANCIMARTINEZ-1024x579.jpg",1024,579,true],"covernews-medium":["https:\/\/infoecos.com.ar\/wp-content\/uploads\/2021\/08\/JUANCIMARTINEZ-720x380.jpg",540,285,true],"covernews-medium-square":["https:\/\/infoecos.com.ar\/wp-content\/uploads\/2021\/08\/JUANCIMARTINEZ-675x450.jpg",375,250,true]},"author_info":{"info":["Jorge Matheus"]},"category_info":"<a href=\"https:\/\/infoecos.com.ar\/index.php\/category\/c1nota3\/\" rel=\"category tag\">C1 N3<\/a>","tag_info":"C1 N3","comment_count":"0","_links":{"self":[{"href":"https:\/\/infoecos.com.ar\/index.php\/wp-json\/wp\/v2\/posts\/84007","targetHints":{"allow":["GET"]}}],"collection":[{"href":"https:\/\/infoecos.com.ar\/index.php\/wp-json\/wp\/v2\/posts"}],"about":[{"href":"https:\/\/infoecos.com.ar\/index.php\/wp-json\/wp\/v2\/types\/post"}],"author":[{"embeddable":true,"href":"https:\/\/infoecos.com.ar\/index.php\/wp-json\/wp\/v2\/users\/2"}],"replies":[{"embeddable":true,"href":"https:\/\/infoecos.com.ar\/index.php\/wp-json\/wp\/v2\/comments?post=84007"}],"version-history":[{"count":1,"href":"https:\/\/infoecos.com.ar\/index.php\/wp-json\/wp\/v2\/posts\/84007\/revisions"}],"predecessor-version":[{"id":84010,"href":"https:\/\/infoecos.com.ar\/index.php\/wp-json\/wp\/v2\/posts\/84007\/revisions\/84010"}],"wp:featuredmedia":[{"embeddable":true,"href":"https:\/\/infoecos.com.ar\/index.php\/wp-json\/wp\/v2\/media\/84008"}],"wp:attachment":[{"href":"https:\/\/infoecos.com.ar\/index.php\/wp-json\/wp\/v2\/media?parent=84007"}],"wp:term":[{"taxonomy":"category","embeddable":true,"href":"https:\/\/infoecos.com.ar\/index.php\/wp-json\/wp\/v2\/categories?post=84007"},{"taxonomy":"post_tag","embeddable":true,"href":"https:\/\/infoecos.com.ar\/index.php\/wp-json\/wp\/v2\/tags?post=84007"}],"curies":[{"name":"wp","href":"https:\/\/api.w.org\/{rel}","templated":true}]}}