{"id":84017,"date":"2021-08-24T03:59:07","date_gmt":"2021-08-24T06:59:07","guid":{"rendered":"http:\/\/infoecos.com.ar\/?p=84017"},"modified":"2021-08-25T06:12:36","modified_gmt":"2021-08-25T09:12:36","slug":"la-ministra-de-gobierno-bonaerense-teresa-garcia-estuvo-en-pehuajo-y-se-reunio-con-zurro-y-otras-autoridades","status":"publish","type":"post","link":"https:\/\/infoecos.com.ar\/index.php\/la-ministra-de-gobierno-bonaerense-teresa-garcia-estuvo-en-pehuajo-y-se-reunio-con-zurro-y-otras-autoridades\/","title":{"rendered":"La ministra de Gobierno bonaerense, Teresa Garc\u00eda, estuvo en Pehuaj\u00f3 y se reuni\u00f3 con Zurro y otras autoridades"},"content":{"rendered":"\n<p>La ministra de Gobierno de la provincia de Buenos Aires, Teresa Garc\u00eda, estuvo en la ciudad de Pehuaj\u00f3.<\/p>\n\n\n\n<p>Mantuvo una larga reuni\u00f3n con el intendente Pablo Zurro, el secretario de Municipios de Naci\u00f3n, Avelino Zurro, la secretaria de Gobierno, Rosa Ron y el secretario de Obras P\u00fablicas, Luis Fanti. <\/p>\n\n\n\n<div class=\"wp-block-image is-style-default\"><figure class=\"aligncenter size-medium\"><img loading=\"lazy\" decoding=\"async\" width=\"460\" height=\"307\" src=\"http:\/\/infoecos.com.ar\/wp-content\/uploads\/2021\/08\/GARCIATERESAENPEHUAJO-460x307.jpg\" alt=\"\" class=\"wp-image-84018\" srcset=\"https:\/\/infoecos.com.ar\/wp-content\/uploads\/2021\/08\/GARCIATERESAENPEHUAJO-460x307.jpg 460w, https:\/\/infoecos.com.ar\/wp-content\/uploads\/2021\/08\/GARCIATERESAENPEHUAJO.jpg 639w\" sizes=\"(max-width: 460px) 100vw, 460px\" \/><\/figure><\/div>\n\n\n\n<p>La titular de la cartera de gobierno y precandidata a senadora provincial por la Primera Secci\u00f3n Electoral, estuvo acompa\u00f1ada por el subsecretario de Asuntos Municipales de la provincia, Santiago R\u00e9vora. <\/p>\n\n\n\n<p>Durante el encuentro se habl\u00f3 sobre el suelo urbano, regularizaci\u00f3n dominial y el desarrollo del distrito. <\/p>\n\n\n\n<p>Teresa Garc\u00eda es, adem\u00e1s, la Coordinadora de la Unidad Provincial de Tierra y Vivienda creada a fines del a\u00f1o pasado por el Gobernador Axel Kicillof. <\/p>\n\n\n\n<p>Teresa Garc\u00eda destac\u00f3 que \u201cel Ejecutivo provincial trabaja con todos los municipios en la regularizaci\u00f3n de las tierras p\u00fablicas y privadas para ordenar situaciones irregulares y permitir la construcci\u00f3n de viviendas y la producci\u00f3n de lotes con servicios\u00bb.<\/p>\n\n\n\n<p>La unidad de referencia est\u00e1 integrada por representantes de los Ministerios de Infraestructura y Servicios P\u00fablicos, de Desarrollo de la Comunidad, de Hacienda y Finanzas, de Justicia y Derechos Humanos y de Jefatura de Gabinete de Ministros, as\u00ed como, del Instituto de la Vivienda, la Autoridad del Agua, el Organismo Provincial para el Desarrollo Sostenible, la Agencia de Recaudaci\u00f3n de la Provincia de Buenos Aires y el Organismo Provincial para la Integraci\u00f3n Social y Urbana.<\/p>\n","protected":false},"excerpt":{"rendered":"<p>En el encuentro estuvo presente el secretario de Asuntos Municipales del ministerio del Interior, Avelino Zurro<\/p>\n","protected":false},"author":2,"featured_media":84018,"comment_status":"closed","ping_status":"open","sticky":false,"template":"","format":"standard","meta":{"footnotes":""},"categories":[1331],"tags":[4805],"class_list":["post-84017","post","type-post","status-publish","format-standard","has-post-thumbnail","hentry","category-inferior11","tag-suelo-urbano-regularizacion-dominial"],"yoast_head":"<!-- This site is optimized with the Yoast SEO plugin v23.4 - https:\/\/yoast.com\/wordpress\/plugins\/seo\/ -->\n<title>La ministra de Gobierno bonaerense, Teresa Garc\u00eda, estuvo en Pehuaj\u00f3 y se reuni\u00f3 con Zurro y otras autoridades - Infoecos<\/title>\n<meta name=\"robots\" content=\"index, follow, max-snippet:-1, max-image-preview:large, max-video-preview:-1\" \/>\n<link rel=\"canonical\" href=\"https:\/\/infoecos.com.ar\/index.php\/la-ministra-de-gobierno-bonaerense-teresa-garcia-estuvo-en-pehuajo-y-se-reunio-con-zurro-y-otras-autoridades\/\" \/>\n<meta property=\"og:locale\" content=\"es_ES\" \/>\n<meta property=\"og:type\" content=\"article\" \/>\n<meta property=\"og:title\" content=\"La ministra de Gobierno bonaerense, Teresa Garc\u00eda, estuvo en Pehuaj\u00f3 y se reuni\u00f3 con Zurro y otras autoridades - Infoecos\" \/>\n<meta property=\"og:description\" content=\"En el encuentro estuvo presente el secretario de Asuntos Municipales del ministerio del Interior, Avelino Zurro\" \/>\n<meta property=\"og:url\" content=\"https:\/\/infoecos.com.ar\/index.php\/la-ministra-de-gobierno-bonaerense-teresa-garcia-estuvo-en-pehuajo-y-se-reunio-con-zurro-y-otras-autoridades\/\" \/>\n<meta property=\"og:site_name\" content=\"Infoecos\" \/>\n<meta property=\"article:publisher\" content=\"https:\/\/www.facebook.com\/profile.php?id=100063200290284\" \/>\n<meta property=\"article:published_time\" content=\"2021-08-24T06:59:07+00:00\" \/>\n<meta property=\"article:modified_time\" content=\"2021-08-25T09:12:36+00:00\" \/>\n<meta property=\"og:image\" content=\"https:\/\/infoecos.com.ar\/wp-content\/uploads\/2021\/08\/GARCIATERESAENPEHUAJO.jpg\" \/>\n\t<meta property=\"og:image:width\" content=\"639\" \/>\n\t<meta property=\"og:image:height\" content=\"426\" \/>\n\t<meta property=\"og:image:type\" content=\"image\/jpeg\" \/>\n<meta name=\"author\" content=\"Jorge Matheus\" \/>\n<meta name=\"twitter:card\" content=\"summary_large_image\" \/>\n<meta name=\"twitter:creator\" content=\"@infoecos\" \/>\n<meta name=\"twitter:site\" content=\"@infoecos\" \/>\n<meta name=\"twitter:label1\" content=\"Escrito por\" \/>\n\t<meta name=\"twitter:data1\" content=\"Jorge Matheus\" \/>\n\t<meta name=\"twitter:label2\" content=\"Tiempo de lectura\" \/>\n\t<meta name=\"twitter:data2\" content=\"1 minuto\" \/>\n<script type=\"application\/ld+json\" class=\"yoast-schema-graph\">{\"@context\":\"https:\/\/schema.org\",\"@graph\":[{\"@type\":\"Article\",\"@id\":\"https:\/\/infoecos.com.ar\/index.php\/la-ministra-de-gobierno-bonaerense-teresa-garcia-estuvo-en-pehuajo-y-se-reunio-con-zurro-y-otras-autoridades\/#article\",\"isPartOf\":{\"@id\":\"https:\/\/infoecos.com.ar\/index.php\/la-ministra-de-gobierno-bonaerense-teresa-garcia-estuvo-en-pehuajo-y-se-reunio-con-zurro-y-otras-autoridades\/\"},\"author\":{\"name\":\"Jorge Matheus\",\"@id\":\"https:\/\/infoecos.com.ar\/#\/schema\/person\/8f5ace5ce73b4b4aac4b7245aee6f191\"},\"headline\":\"La ministra de Gobierno bonaerense, Teresa Garc\u00eda, estuvo en Pehuaj\u00f3 y se reuni\u00f3 con Zurro y otras autoridades\",\"datePublished\":\"2021-08-24T06:59:07+00:00\",\"dateModified\":\"2021-08-25T09:12:36+00:00\",\"mainEntityOfPage\":{\"@id\":\"https:\/\/infoecos.com.ar\/index.php\/la-ministra-de-gobierno-bonaerense-teresa-garcia-estuvo-en-pehuajo-y-se-reunio-con-zurro-y-otras-autoridades\/\"},\"wordCount\":271,\"publisher\":{\"@id\":\"https:\/\/infoecos.com.ar\/#organization\"},\"image\":{\"@id\":\"https:\/\/infoecos.com.ar\/index.php\/la-ministra-de-gobierno-bonaerense-teresa-garcia-estuvo-en-pehuajo-y-se-reunio-con-zurro-y-otras-autoridades\/#primaryimage\"},\"thumbnailUrl\":\"https:\/\/infoecos.com.ar\/wp-content\/uploads\/2021\/08\/GARCIATERESAENPEHUAJO.jpg\",\"keywords\":[\"SUELO URBANO-REGULARIZACI\u00d3N DOMINIAL\"],\"articleSection\":[\"Bloque inferior - 11\"],\"inLanguage\":\"es\"},{\"@type\":\"WebPage\",\"@id\":\"https:\/\/infoecos.com.ar\/index.php\/la-ministra-de-gobierno-bonaerense-teresa-garcia-estuvo-en-pehuajo-y-se-reunio-con-zurro-y-otras-autoridades\/\",\"url\":\"https:\/\/infoecos.com.ar\/index.php\/la-ministra-de-gobierno-bonaerense-teresa-garcia-estuvo-en-pehuajo-y-se-reunio-con-zurro-y-otras-autoridades\/\",\"name\":\"La ministra de Gobierno bonaerense, Teresa Garc\u00eda, estuvo en Pehuaj\u00f3 y se reuni\u00f3 con Zurro y otras autoridades - Infoecos\",\"isPartOf\":{\"@id\":\"https:\/\/infoecos.com.ar\/#website\"},\"primaryImageOfPage\":{\"@id\":\"https:\/\/infoecos.com.ar\/index.php\/la-ministra-de-gobierno-bonaerense-teresa-garcia-estuvo-en-pehuajo-y-se-reunio-con-zurro-y-otras-autoridades\/#primaryimage\"},\"image\":{\"@id\":\"https:\/\/infoecos.com.ar\/index.php\/la-ministra-de-gobierno-bonaerense-teresa-garcia-estuvo-en-pehuajo-y-se-reunio-con-zurro-y-otras-autoridades\/#primaryimage\"},\"thumbnailUrl\":\"https:\/\/infoecos.com.ar\/wp-content\/uploads\/2021\/08\/GARCIATERESAENPEHUAJO.jpg\",\"datePublished\":\"2021-08-24T06:59:07+00:00\",\"dateModified\":\"2021-08-25T09:12:36+00:00\",\"breadcrumb\":{\"@id\":\"https:\/\/infoecos.com.ar\/index.php\/la-ministra-de-gobierno-bonaerense-teresa-garcia-estuvo-en-pehuajo-y-se-reunio-con-zurro-y-otras-autoridades\/#breadcrumb\"},\"inLanguage\":\"es\",\"potentialAction\":[{\"@type\":\"ReadAction\",\"target\":[\"https:\/\/infoecos.com.ar\/index.php\/la-ministra-de-gobierno-bonaerense-teresa-garcia-estuvo-en-pehuajo-y-se-reunio-con-zurro-y-otras-autoridades\/\"]}]},{\"@type\":\"ImageObject\",\"inLanguage\":\"es\",\"@id\":\"https:\/\/infoecos.com.ar\/index.php\/la-ministra-de-gobierno-bonaerense-teresa-garcia-estuvo-en-pehuajo-y-se-reunio-con-zurro-y-otras-autoridades\/#primaryimage\",\"url\":\"https:\/\/infoecos.com.ar\/wp-content\/uploads\/2021\/08\/GARCIATERESAENPEHUAJO.jpg\",\"contentUrl\":\"https:\/\/infoecos.com.ar\/wp-content\/uploads\/2021\/08\/GARCIATERESAENPEHUAJO.jpg\",\"width\":639,\"height\":426},{\"@type\":\"BreadcrumbList\",\"@id\":\"https:\/\/infoecos.com.ar\/index.php\/la-ministra-de-gobierno-bonaerense-teresa-garcia-estuvo-en-pehuajo-y-se-reunio-con-zurro-y-otras-autoridades\/#breadcrumb\",\"itemListElement\":[{\"@type\":\"ListItem\",\"position\":1,\"name\":\"Portada\",\"item\":\"https:\/\/infoecos.com.ar\/\"},{\"@type\":\"ListItem\",\"position\":2,\"name\":\"La ministra de Gobierno bonaerense, Teresa Garc\u00eda, estuvo en Pehuaj\u00f3 y se reuni\u00f3 con Zurro y otras autoridades\"}]},{\"@type\":\"WebSite\",\"@id\":\"https:\/\/infoecos.com.ar\/#website\",\"url\":\"https:\/\/infoecos.com.ar\/\",\"name\":\"Infoecos\",\"description\":\"Noticias de trenque lauquen y la zona\",\"publisher\":{\"@id\":\"https:\/\/infoecos.com.ar\/#organization\"},\"alternateName\":\"Noticias\",\"potentialAction\":[{\"@type\":\"SearchAction\",\"target\":{\"@type\":\"EntryPoint\",\"urlTemplate\":\"https:\/\/infoecos.com.ar\/?s={search_term_string}\"},\"query-input\":{\"@type\":\"PropertyValueSpecification\",\"valueRequired\":true,\"valueName\":\"search_term_string\"}}],\"inLanguage\":\"es\"},{\"@type\":\"Organization\",\"@id\":\"https:\/\/infoecos.com.ar\/#organization\",\"name\":\"Infoecos\",\"alternateName\":\"Noticias\",\"url\":\"https:\/\/infoecos.com.ar\/\",\"logo\":{\"@type\":\"ImageObject\",\"inLanguage\":\"es\",\"@id\":\"https:\/\/infoecos.com.ar\/#\/schema\/logo\/image\/\",\"url\":\"https:\/\/infoecos.com.ar\/wp-content\/uploads\/2024\/03\/cropped-logo.png\",\"contentUrl\":\"https:\/\/infoecos.com.ar\/wp-content\/uploads\/2024\/03\/cropped-logo.png\",\"width\":374,\"height\":90,\"caption\":\"Infoecos\"},\"image\":{\"@id\":\"https:\/\/infoecos.com.ar\/#\/schema\/logo\/image\/\"},\"sameAs\":[\"https:\/\/www.facebook.com\/profile.php?id=100063200290284\",\"https:\/\/x.com\/infoecos\"]},{\"@type\":\"Person\",\"@id\":\"https:\/\/infoecos.com.ar\/#\/schema\/person\/8f5ace5ce73b4b4aac4b7245aee6f191\",\"name\":\"Jorge Matheus\",\"url\":\"https:\/\/infoecos.com.ar\/index.php\/author\/jomatheus\/\"}]}<\/script>\n<!-- \/ Yoast SEO plugin. -->","yoast_head_json":{"title":"La ministra de Gobierno bonaerense, Teresa Garc\u00eda, estuvo en Pehuaj\u00f3 y se reuni\u00f3 con Zurro y otras autoridades - Infoecos","robots":{"index":"index","follow":"follow","max-snippet":"max-snippet:-1","max-image-preview":"max-image-preview:large","max-video-preview":"max-video-preview:-1"},"canonical":"https:\/\/infoecos.com.ar\/index.php\/la-ministra-de-gobierno-bonaerense-teresa-garcia-estuvo-en-pehuajo-y-se-reunio-con-zurro-y-otras-autoridades\/","og_locale":"es_ES","og_type":"article","og_title":"La ministra de Gobierno bonaerense, Teresa Garc\u00eda, estuvo en Pehuaj\u00f3 y se reuni\u00f3 con Zurro y otras autoridades - Infoecos","og_description":"En el encuentro estuvo presente el secretario de Asuntos Municipales del ministerio del Interior, Avelino Zurro","og_url":"https:\/\/infoecos.com.ar\/index.php\/la-ministra-de-gobierno-bonaerense-teresa-garcia-estuvo-en-pehuajo-y-se-reunio-con-zurro-y-otras-autoridades\/","og_site_name":"Infoecos","article_publisher":"https:\/\/www.facebook.com\/profile.php?id=100063200290284","article_published_time":"2021-08-24T06:59:07+00:00","article_modified_time":"2021-08-25T09:12:36+00:00","og_image":[{"width":639,"height":426,"url":"https:\/\/infoecos.com.ar\/wp-content\/uploads\/2021\/08\/GARCIATERESAENPEHUAJO.jpg","type":"image\/jpeg"}],"author":"Jorge Matheus","twitter_card":"summary_large_image","twitter_creator":"@infoecos","twitter_site":"@infoecos","twitter_misc":{"Escrito por":"Jorge Matheus","Tiempo de lectura":"1 minuto"},"schema":{"@context":"https:\/\/schema.org","@graph":[{"@type":"Article","@id":"https:\/\/infoecos.com.ar\/index.php\/la-ministra-de-gobierno-bonaerense-teresa-garcia-estuvo-en-pehuajo-y-se-reunio-con-zurro-y-otras-autoridades\/#article","isPartOf":{"@id":"https:\/\/infoecos.com.ar\/index.php\/la-ministra-de-gobierno-bonaerense-teresa-garcia-estuvo-en-pehuajo-y-se-reunio-con-zurro-y-otras-autoridades\/"},"author":{"name":"Jorge Matheus","@id":"https:\/\/infoecos.com.ar\/#\/schema\/person\/8f5ace5ce73b4b4aac4b7245aee6f191"},"headline":"La ministra de Gobierno bonaerense, Teresa Garc\u00eda, estuvo en Pehuaj\u00f3 y se reuni\u00f3 con Zurro y otras autoridades","datePublished":"2021-08-24T06:59:07+00:00","dateModified":"2021-08-25T09:12:36+00:00","mainEntityOfPage":{"@id":"https:\/\/infoecos.com.ar\/index.php\/la-ministra-de-gobierno-bonaerense-teresa-garcia-estuvo-en-pehuajo-y-se-reunio-con-zurro-y-otras-autoridades\/"},"wordCount":271,"publisher":{"@id":"https:\/\/infoecos.com.ar\/#organization"},"image":{"@id":"https:\/\/infoecos.com.ar\/index.php\/la-ministra-de-gobierno-bonaerense-teresa-garcia-estuvo-en-pehuajo-y-se-reunio-con-zurro-y-otras-autoridades\/#primaryimage"},"thumbnailUrl":"https:\/\/infoecos.com.ar\/wp-content\/uploads\/2021\/08\/GARCIATERESAENPEHUAJO.jpg","keywords":["SUELO URBANO-REGULARIZACI\u00d3N DOMINIAL"],"articleSection":["Bloque inferior - 11"],"inLanguage":"es"},{"@type":"WebPage","@id":"https:\/\/infoecos.com.ar\/index.php\/la-ministra-de-gobierno-bonaerense-teresa-garcia-estuvo-en-pehuajo-y-se-reunio-con-zurro-y-otras-autoridades\/","url":"https:\/\/infoecos.com.ar\/index.php\/la-ministra-de-gobierno-bonaerense-teresa-garcia-estuvo-en-pehuajo-y-se-reunio-con-zurro-y-otras-autoridades\/","name":"La ministra de Gobierno bonaerense, Teresa Garc\u00eda, estuvo en Pehuaj\u00f3 y se reuni\u00f3 con Zurro y otras autoridades - Infoecos","isPartOf":{"@id":"https:\/\/infoecos.com.ar\/#website"},"primaryImageOfPage":{"@id":"https:\/\/infoecos.com.ar\/index.php\/la-ministra-de-gobierno-bonaerense-teresa-garcia-estuvo-en-pehuajo-y-se-reunio-con-zurro-y-otras-autoridades\/#primaryimage"},"image":{"@id":"https:\/\/infoecos.com.ar\/index.php\/la-ministra-de-gobierno-bonaerense-teresa-garcia-estuvo-en-pehuajo-y-se-reunio-con-zurro-y-otras-autoridades\/#primaryimage"},"thumbnailUrl":"https:\/\/infoecos.com.ar\/wp-content\/uploads\/2021\/08\/GARCIATERESAENPEHUAJO.jpg","datePublished":"2021-08-24T06:59:07+00:00","dateModified":"2021-08-25T09:12:36+00:00","breadcrumb":{"@id":"https:\/\/infoecos.com.ar\/index.php\/la-ministra-de-gobierno-bonaerense-teresa-garcia-estuvo-en-pehuajo-y-se-reunio-con-zurro-y-otras-autoridades\/#breadcrumb"},"inLanguage":"es","potentialAction":[{"@type":"ReadAction","target":["https:\/\/infoecos.com.ar\/index.php\/la-ministra-de-gobierno-bonaerense-teresa-garcia-estuvo-en-pehuajo-y-se-reunio-con-zurro-y-otras-autoridades\/"]}]},{"@type":"ImageObject","inLanguage":"es","@id":"https:\/\/infoecos.com.ar\/index.php\/la-ministra-de-gobierno-bonaerense-teresa-garcia-estuvo-en-pehuajo-y-se-reunio-con-zurro-y-otras-autoridades\/#primaryimage","url":"https:\/\/infoecos.com.ar\/wp-content\/uploads\/2021\/08\/GARCIATERESAENPEHUAJO.jpg","contentUrl":"https:\/\/infoecos.com.ar\/wp-content\/uploads\/2021\/08\/GARCIATERESAENPEHUAJO.jpg","width":639,"height":426},{"@type":"BreadcrumbList","@id":"https:\/\/infoecos.com.ar\/index.php\/la-ministra-de-gobierno-bonaerense-teresa-garcia-estuvo-en-pehuajo-y-se-reunio-con-zurro-y-otras-autoridades\/#breadcrumb","itemListElement":[{"@type":"ListItem","position":1,"name":"Portada","item":"https:\/\/infoecos.com.ar\/"},{"@type":"ListItem","position":2,"name":"La ministra de Gobierno bonaerense, Teresa Garc\u00eda, estuvo en Pehuaj\u00f3 y se reuni\u00f3 con Zurro y otras autoridades"}]},{"@type":"WebSite","@id":"https:\/\/infoecos.com.ar\/#website","url":"https:\/\/infoecos.com.ar\/","name":"Infoecos","description":"Noticias de trenque lauquen y la zona","publisher":{"@id":"https:\/\/infoecos.com.ar\/#organization"},"alternateName":"Noticias","potentialAction":[{"@type":"SearchAction","target":{"@type":"EntryPoint","urlTemplate":"https:\/\/infoecos.com.ar\/?s={search_term_string}"},"query-input":{"@type":"PropertyValueSpecification","valueRequired":true,"valueName":"search_term_string"}}],"inLanguage":"es"},{"@type":"Organization","@id":"https:\/\/infoecos.com.ar\/#organization","name":"Infoecos","alternateName":"Noticias","url":"https:\/\/infoecos.com.ar\/","logo":{"@type":"ImageObject","inLanguage":"es","@id":"https:\/\/infoecos.com.ar\/#\/schema\/logo\/image\/","url":"https:\/\/infoecos.com.ar\/wp-content\/uploads\/2024\/03\/cropped-logo.png","contentUrl":"https:\/\/infoecos.com.ar\/wp-content\/uploads\/2024\/03\/cropped-logo.png","width":374,"height":90,"caption":"Infoecos"},"image":{"@id":"https:\/\/infoecos.com.ar\/#\/schema\/logo\/image\/"},"sameAs":["https:\/\/www.facebook.com\/profile.php?id=100063200290284","https:\/\/x.com\/infoecos"]},{"@type":"Person","@id":"https:\/\/infoecos.com.ar\/#\/schema\/person\/8f5ace5ce73b4b4aac4b7245aee6f191","name":"Jorge Matheus","url":"https:\/\/infoecos.com.ar\/index.php\/author\/jomatheus\/"}]}},"featured_image_urls":{"full":["https:\/\/infoecos.com.ar\/wp-content\/uploads\/2021\/08\/GARCIATERESAENPEHUAJO.jpg",639,426,false],"thumbnail":["https:\/\/infoecos.com.ar\/wp-content\/uploads\/2021\/08\/GARCIATERESAENPEHUAJO-150x150.jpg",150,150,true],"medium":["https:\/\/infoecos.com.ar\/wp-content\/uploads\/2021\/08\/GARCIATERESAENPEHUAJO-460x307.jpg",460,307,true],"medium_large":["https:\/\/infoecos.com.ar\/wp-content\/uploads\/2021\/08\/GARCIATERESAENPEHUAJO.jpg",639,426,false],"large":["https:\/\/infoecos.com.ar\/wp-content\/uploads\/2021\/08\/GARCIATERESAENPEHUAJO.jpg",639,426,false],"1536x1536":["https:\/\/infoecos.com.ar\/wp-content\/uploads\/2021\/08\/GARCIATERESAENPEHUAJO.jpg",639,426,false],"2048x2048":["https:\/\/infoecos.com.ar\/wp-content\/uploads\/2021\/08\/GARCIATERESAENPEHUAJO.jpg",639,426,false],"covernews-slider-full":["https:\/\/infoecos.com.ar\/wp-content\/uploads\/2021\/08\/GARCIATERESAENPEHUAJO.jpg",639,426,false],"covernews-slider-center":["https:\/\/infoecos.com.ar\/wp-content\/uploads\/2021\/08\/GARCIATERESAENPEHUAJO.jpg",639,426,false],"covernews-featured":["https:\/\/infoecos.com.ar\/wp-content\/uploads\/2021\/08\/GARCIATERESAENPEHUAJO.jpg",639,426,false],"covernews-medium":["https:\/\/infoecos.com.ar\/wp-content\/uploads\/2021\/08\/GARCIATERESAENPEHUAJO-639x380.jpg",540,321,true],"covernews-medium-square":["https:\/\/infoecos.com.ar\/wp-content\/uploads\/2021\/08\/GARCIATERESAENPEHUAJO.jpg",375,250,false]},"author_info":{"info":["Jorge Matheus"]},"category_info":"<a href=\"https:\/\/infoecos.com.ar\/index.php\/category\/inferior11\/\" rel=\"category tag\">Bloque inferior - 11<\/a>","tag_info":"Bloque inferior - 11","comment_count":"0","_links":{"self":[{"href":"https:\/\/infoecos.com.ar\/index.php\/wp-json\/wp\/v2\/posts\/84017"}],"collection":[{"href":"https:\/\/infoecos.com.ar\/index.php\/wp-json\/wp\/v2\/posts"}],"about":[{"href":"https:\/\/infoecos.com.ar\/index.php\/wp-json\/wp\/v2\/types\/post"}],"author":[{"embeddable":true,"href":"https:\/\/infoecos.com.ar\/index.php\/wp-json\/wp\/v2\/users\/2"}],"replies":[{"embeddable":true,"href":"https:\/\/infoecos.com.ar\/index.php\/wp-json\/wp\/v2\/comments?post=84017"}],"version-history":[{"count":1,"href":"https:\/\/infoecos.com.ar\/index.php\/wp-json\/wp\/v2\/posts\/84017\/revisions"}],"predecessor-version":[{"id":84019,"href":"https:\/\/infoecos.com.ar\/index.php\/wp-json\/wp\/v2\/posts\/84017\/revisions\/84019"}],"wp:featuredmedia":[{"embeddable":true,"href":"https:\/\/infoecos.com.ar\/index.php\/wp-json\/wp\/v2\/media\/84018"}],"wp:attachment":[{"href":"https:\/\/infoecos.com.ar\/index.php\/wp-json\/wp\/v2\/media?parent=84017"}],"wp:term":[{"taxonomy":"category","embeddable":true,"href":"https:\/\/infoecos.com.ar\/index.php\/wp-json\/wp\/v2\/categories?post=84017"},{"taxonomy":"post_tag","embeddable":true,"href":"https:\/\/infoecos.com.ar\/index.php\/wp-json\/wp\/v2\/tags?post=84017"}],"curies":[{"name":"wp","href":"https:\/\/api.w.org\/{rel}","templated":true}]}}