{"id":84024,"date":"2021-08-24T04:38:49","date_gmt":"2021-08-24T07:38:49","guid":{"rendered":"http:\/\/infoecos.com.ar\/?p=84024"},"modified":"2021-08-25T06:11:58","modified_gmt":"2021-08-25T09:11:58","slug":"produccion-de-cannabis-el-intendente-de-trenque-lauquen-y-concejales-de-los-distintos-bloques-en-general-lamadrid","status":"publish","type":"post","link":"https:\/\/infoecos.com.ar\/index.php\/produccion-de-cannabis-el-intendente-de-trenque-lauquen-y-concejales-de-los-distintos-bloques-en-general-lamadrid\/","title":{"rendered":"Producci\u00f3n de Cannabis: el intendente de Trenque Lauquen y concejales de los distintos bloques en General Lamadrid"},"content":{"rendered":"\n<p>El intendente municipal de Trenque Lauquen, Doctor Miguel Fern\u00e1ndez, encabez\u00f3 ayer una delegaci\u00f3n integrada por funcionarios de su gabinete, concejales y emprendedores trenquelauquenses que viaj\u00f3 a General Lamadrid, con el fin de interiorizarse sobre el proyecto de investigaci\u00f3n que lleva adelante el municipio que conduce Mart\u00edn Randazzo, en torno a la planta de cannabis.<\/p>\n\n\n\n<div class=\"wp-block-image is-style-default\"><figure class=\"aligncenter size-medium\"><img loading=\"lazy\" decoding=\"async\" width=\"460\" height=\"345\" src=\"http:\/\/infoecos.com.ar\/wp-content\/uploads\/2021\/08\/generallamadridcannabis3-460x345.jpg\" alt=\"\" class=\"wp-image-84025\" srcset=\"https:\/\/infoecos.com.ar\/wp-content\/uploads\/2021\/08\/generallamadridcannabis3-460x345.jpg 460w, https:\/\/infoecos.com.ar\/wp-content\/uploads\/2021\/08\/generallamadridcannabis3-920x690.jpg 920w, https:\/\/infoecos.com.ar\/wp-content\/uploads\/2021\/08\/generallamadridcannabis3-768x576.jpg 768w, https:\/\/infoecos.com.ar\/wp-content\/uploads\/2021\/08\/generallamadridcannabis3-1024x768.jpg 1024w, https:\/\/infoecos.com.ar\/wp-content\/uploads\/2021\/08\/generallamadridcannabis3.jpg 1280w\" sizes=\"(max-width: 460px) 100vw, 460px\" \/><\/figure><\/div>\n\n\n\n<p>\u201cLuego de la aprobaci\u00f3n de la ordenanza por parte del Concejo Deliberante es necesario avanzar en acciones concretas sobre la tem\u00e1tica\u201d, dijo el intendente Fern\u00e1ndez, quien se\u00f1al\u00f3 que \u201cteniendo en cuenta las leyes nacionales y provinciales, es fundamental instrumentar de manera r\u00e1pida soluciones para much\u00edsimas personas que necesitan de esta medicaci\u00f3n para paliar distintas enfermedades\u201d.<\/p>\n\n\n\n<p>Los concejales del Frente de Todos, M\u00f3nica Est\u00e9vez y Pablo Larrosa presentaron oportunamente un proyecto para el uso medicinal del cannabis en el distrito, aprovechando la existencia del laboratorio municipal. Los ediles mencionados tomaron como base la Ley Nacional n\u00famero 27.350 sancionada en el a\u00f1o 2017 y reglamentada trav\u00e9s de un decreto presidencial. El proyecto de referencia fue aprobado. <\/p>\n\n\n\n<div class=\"wp-block-image is-style-default\"><figure class=\"aligncenter size-medium\"><img loading=\"lazy\" decoding=\"async\" width=\"460\" height=\"345\" src=\"http:\/\/infoecos.com.ar\/wp-content\/uploads\/2021\/08\/cannabisgrallamadrid-460x345.jpg\" alt=\"\" class=\"wp-image-84026\" srcset=\"https:\/\/infoecos.com.ar\/wp-content\/uploads\/2021\/08\/cannabisgrallamadrid-460x345.jpg 460w, https:\/\/infoecos.com.ar\/wp-content\/uploads\/2021\/08\/cannabisgrallamadrid-920x690.jpg 920w, https:\/\/infoecos.com.ar\/wp-content\/uploads\/2021\/08\/cannabisgrallamadrid-768x576.jpg 768w, https:\/\/infoecos.com.ar\/wp-content\/uploads\/2021\/08\/cannabisgrallamadrid-1024x768.jpg 1024w, https:\/\/infoecos.com.ar\/wp-content\/uploads\/2021\/08\/cannabisgrallamadrid.jpg 1280w\" sizes=\"(max-width: 460px) 100vw, 460px\" \/><\/figure><\/div>\n\n\n\n<p>El intendente hab\u00eda recibido a tres emprendedores del distrito, Bruno Mart\u00ednez, Juan del Canto y el ingeniero agr\u00f3nomo Gonzalo Rondini, en el mes de Julio. Estos le plantearon el inter\u00e9s en impulsar un proyecto de producci\u00f3n y comercializaci\u00f3n de cannabis medicinal y c\u00e1\u00f1amo industrial, en forma conjunta con el municipio. Fern\u00e1ndez, en esa oportunidad se mostr\u00f3 entusiasmado con la idea y perge\u00f1o, posteriormente, este viaje a General Lamadrid.<\/p>\n\n\n\n<div class=\"wp-block-image is-style-default\"><figure class=\"aligncenter size-medium\"><img loading=\"lazy\" decoding=\"async\" width=\"460\" height=\"345\" src=\"http:\/\/infoecos.com.ar\/wp-content\/uploads\/2021\/08\/cannabisgrallamadrid1-460x345.jpg\" alt=\"\" class=\"wp-image-84027\" srcset=\"https:\/\/infoecos.com.ar\/wp-content\/uploads\/2021\/08\/cannabisgrallamadrid1-460x345.jpg 460w, https:\/\/infoecos.com.ar\/wp-content\/uploads\/2021\/08\/cannabisgrallamadrid1-920x690.jpg 920w, https:\/\/infoecos.com.ar\/wp-content\/uploads\/2021\/08\/cannabisgrallamadrid1-768x576.jpg 768w, https:\/\/infoecos.com.ar\/wp-content\/uploads\/2021\/08\/cannabisgrallamadrid1-1024x768.jpg 1024w, https:\/\/infoecos.com.ar\/wp-content\/uploads\/2021\/08\/cannabisgrallamadrid1.jpg 1280w\" sizes=\"(max-width: 460px) 100vw, 460px\" \/><\/figure><\/div>\n\n\n\n<p>Ayer lo acompa\u00f1aron los concejales Mariel Jord\u00e1n, Andrea Cacciabue, M\u00f3nica Estevez y Pablo Larrosa y los emprendedores en comercializaci\u00f3n y distribuci\u00f3n, mencionados m\u00e1s arriba. Tambi\u00e9n asistieron el secretario de Legal y T\u00e9cnica, Gustavo Marchabalo; el futuro secretario de Gesti\u00f3n y Planificaci\u00f3n, Mart\u00edn Borrazas; la subsecretaria de Desarrollo Econ\u00f3mico y Productivo, Clarisa Fabris.<br><br>En esta oportunidad Fern\u00e1ndez destac\u00f3 la presencia de concejales de todos los bloques que fueron convocados, \u201cya que es una tem\u00e1tica en donde se ha generado un gran consenso\u201d.<\/p>\n\n\n\n<p>A trav\u00e9s de las redes sociales, el mandatario comunal trenquelauquense reconoci\u00f3 la gentileza de su par de General Lamadrid y del equipo de gobierno del distrito. <\/p>\n\n\n\n<div class=\"wp-block-image is-style-default\"><figure class=\"aligncenter size-medium\"><img loading=\"lazy\" decoding=\"async\" width=\"460\" height=\"345\" src=\"http:\/\/infoecos.com.ar\/wp-content\/uploads\/2021\/08\/generallamadridcannabis5-460x345.jpg\" alt=\"\" class=\"wp-image-84028\" srcset=\"https:\/\/infoecos.com.ar\/wp-content\/uploads\/2021\/08\/generallamadridcannabis5-460x345.jpg 460w, https:\/\/infoecos.com.ar\/wp-content\/uploads\/2021\/08\/generallamadridcannabis5-920x690.jpg 920w, https:\/\/infoecos.com.ar\/wp-content\/uploads\/2021\/08\/generallamadridcannabis5-768x576.jpg 768w, https:\/\/infoecos.com.ar\/wp-content\/uploads\/2021\/08\/generallamadridcannabis5-1024x768.jpg 1024w, https:\/\/infoecos.com.ar\/wp-content\/uploads\/2021\/08\/generallamadridcannabis5.jpg 1280w\" sizes=\"(max-width: 460px) 100vw, 460px\" \/><\/figure><\/div>\n\n\n\n<p> <br><\/p>\n","protected":false},"excerpt":{"rendered":"<p>Fern\u00e1ndez destac\u00f3 la presencia de concejales de todos los bloques que fueron convocados, \u201cya que es una tem\u00e1tica en donde se ha generado un gran consenso\u201d<\/p>\n","protected":false},"author":2,"featured_media":84027,"comment_status":"closed","ping_status":"open","sticky":false,"template":"","format":"standard","meta":{"footnotes":""},"categories":[201],"tags":[4808],"class_list":["post-84024","post","type-post","status-publish","format-standard","has-post-thumbnail","hentry","category-inferior9","tag-tambien-viajaron-emprendedores-y-funcionarios"],"yoast_head":"<!-- This site is optimized with the Yoast SEO plugin v23.4 - https:\/\/yoast.com\/wordpress\/plugins\/seo\/ -->\n<title>Producci\u00f3n de Cannabis: el intendente de Trenque Lauquen y concejales de los distintos bloques en General Lamadrid - Infoecos<\/title>\n<meta name=\"robots\" content=\"index, follow, max-snippet:-1, max-image-preview:large, max-video-preview:-1\" \/>\n<link rel=\"canonical\" href=\"https:\/\/infoecos.com.ar\/index.php\/produccion-de-cannabis-el-intendente-de-trenque-lauquen-y-concejales-de-los-distintos-bloques-en-general-lamadrid\/\" \/>\n<meta property=\"og:locale\" content=\"es_ES\" \/>\n<meta property=\"og:type\" content=\"article\" \/>\n<meta property=\"og:title\" content=\"Producci\u00f3n de Cannabis: el intendente de Trenque Lauquen y concejales de los distintos bloques en General Lamadrid - Infoecos\" \/>\n<meta property=\"og:description\" content=\"Fern\u00e1ndez destac\u00f3 la presencia de concejales de todos los bloques que fueron convocados, \u201cya que es una tem\u00e1tica en donde se ha generado un gran consenso\u201d\" \/>\n<meta property=\"og:url\" content=\"https:\/\/infoecos.com.ar\/index.php\/produccion-de-cannabis-el-intendente-de-trenque-lauquen-y-concejales-de-los-distintos-bloques-en-general-lamadrid\/\" \/>\n<meta property=\"og:site_name\" content=\"Infoecos\" \/>\n<meta property=\"article:publisher\" content=\"https:\/\/www.facebook.com\/profile.php?id=100063200290284\" \/>\n<meta property=\"article:published_time\" content=\"2021-08-24T07:38:49+00:00\" \/>\n<meta property=\"article:modified_time\" content=\"2021-08-25T09:11:58+00:00\" \/>\n<meta property=\"og:image\" content=\"https:\/\/infoecos.com.ar\/wp-content\/uploads\/2021\/08\/cannabisgrallamadrid1.jpg\" \/>\n\t<meta property=\"og:image:width\" content=\"1280\" \/>\n\t<meta property=\"og:image:height\" content=\"960\" \/>\n\t<meta property=\"og:image:type\" content=\"image\/jpeg\" \/>\n<meta name=\"author\" content=\"Jorge Matheus\" \/>\n<meta name=\"twitter:card\" content=\"summary_large_image\" \/>\n<meta name=\"twitter:creator\" content=\"@infoecos\" \/>\n<meta name=\"twitter:site\" content=\"@infoecos\" \/>\n<meta name=\"twitter:label1\" content=\"Escrito por\" \/>\n\t<meta name=\"twitter:data1\" content=\"Jorge Matheus\" \/>\n\t<meta name=\"twitter:label2\" content=\"Tiempo de lectura\" \/>\n\t<meta name=\"twitter:data2\" content=\"2 minutos\" \/>\n<script type=\"application\/ld+json\" class=\"yoast-schema-graph\">{\"@context\":\"https:\/\/schema.org\",\"@graph\":[{\"@type\":\"Article\",\"@id\":\"https:\/\/infoecos.com.ar\/index.php\/produccion-de-cannabis-el-intendente-de-trenque-lauquen-y-concejales-de-los-distintos-bloques-en-general-lamadrid\/#article\",\"isPartOf\":{\"@id\":\"https:\/\/infoecos.com.ar\/index.php\/produccion-de-cannabis-el-intendente-de-trenque-lauquen-y-concejales-de-los-distintos-bloques-en-general-lamadrid\/\"},\"author\":{\"name\":\"Jorge Matheus\",\"@id\":\"https:\/\/infoecos.com.ar\/#\/schema\/person\/8f5ace5ce73b4b4aac4b7245aee6f191\"},\"headline\":\"Producci\u00f3n de Cannabis: el intendente de Trenque Lauquen y concejales de los distintos bloques en General Lamadrid\",\"datePublished\":\"2021-08-24T07:38:49+00:00\",\"dateModified\":\"2021-08-25T09:11:58+00:00\",\"mainEntityOfPage\":{\"@id\":\"https:\/\/infoecos.com.ar\/index.php\/produccion-de-cannabis-el-intendente-de-trenque-lauquen-y-concejales-de-los-distintos-bloques-en-general-lamadrid\/\"},\"wordCount\":399,\"publisher\":{\"@id\":\"https:\/\/infoecos.com.ar\/#organization\"},\"image\":{\"@id\":\"https:\/\/infoecos.com.ar\/index.php\/produccion-de-cannabis-el-intendente-de-trenque-lauquen-y-concejales-de-los-distintos-bloques-en-general-lamadrid\/#primaryimage\"},\"thumbnailUrl\":\"https:\/\/infoecos.com.ar\/wp-content\/uploads\/2021\/08\/cannabisgrallamadrid1.jpg\",\"keywords\":[\"TAMBIEN VIAJARON EMPRENDEDORES Y FUNCIONARIOS\"],\"articleSection\":[\"Bloque inferior - 9\"],\"inLanguage\":\"es\"},{\"@type\":\"WebPage\",\"@id\":\"https:\/\/infoecos.com.ar\/index.php\/produccion-de-cannabis-el-intendente-de-trenque-lauquen-y-concejales-de-los-distintos-bloques-en-general-lamadrid\/\",\"url\":\"https:\/\/infoecos.com.ar\/index.php\/produccion-de-cannabis-el-intendente-de-trenque-lauquen-y-concejales-de-los-distintos-bloques-en-general-lamadrid\/\",\"name\":\"Producci\u00f3n de Cannabis: el intendente de Trenque Lauquen y concejales de los distintos bloques en General Lamadrid - Infoecos\",\"isPartOf\":{\"@id\":\"https:\/\/infoecos.com.ar\/#website\"},\"primaryImageOfPage\":{\"@id\":\"https:\/\/infoecos.com.ar\/index.php\/produccion-de-cannabis-el-intendente-de-trenque-lauquen-y-concejales-de-los-distintos-bloques-en-general-lamadrid\/#primaryimage\"},\"image\":{\"@id\":\"https:\/\/infoecos.com.ar\/index.php\/produccion-de-cannabis-el-intendente-de-trenque-lauquen-y-concejales-de-los-distintos-bloques-en-general-lamadrid\/#primaryimage\"},\"thumbnailUrl\":\"https:\/\/infoecos.com.ar\/wp-content\/uploads\/2021\/08\/cannabisgrallamadrid1.jpg\",\"datePublished\":\"2021-08-24T07:38:49+00:00\",\"dateModified\":\"2021-08-25T09:11:58+00:00\",\"breadcrumb\":{\"@id\":\"https:\/\/infoecos.com.ar\/index.php\/produccion-de-cannabis-el-intendente-de-trenque-lauquen-y-concejales-de-los-distintos-bloques-en-general-lamadrid\/#breadcrumb\"},\"inLanguage\":\"es\",\"potentialAction\":[{\"@type\":\"ReadAction\",\"target\":[\"https:\/\/infoecos.com.ar\/index.php\/produccion-de-cannabis-el-intendente-de-trenque-lauquen-y-concejales-de-los-distintos-bloques-en-general-lamadrid\/\"]}]},{\"@type\":\"ImageObject\",\"inLanguage\":\"es\",\"@id\":\"https:\/\/infoecos.com.ar\/index.php\/produccion-de-cannabis-el-intendente-de-trenque-lauquen-y-concejales-de-los-distintos-bloques-en-general-lamadrid\/#primaryimage\",\"url\":\"https:\/\/infoecos.com.ar\/wp-content\/uploads\/2021\/08\/cannabisgrallamadrid1.jpg\",\"contentUrl\":\"https:\/\/infoecos.com.ar\/wp-content\/uploads\/2021\/08\/cannabisgrallamadrid1.jpg\",\"width\":1280,\"height\":960},{\"@type\":\"BreadcrumbList\",\"@id\":\"https:\/\/infoecos.com.ar\/index.php\/produccion-de-cannabis-el-intendente-de-trenque-lauquen-y-concejales-de-los-distintos-bloques-en-general-lamadrid\/#breadcrumb\",\"itemListElement\":[{\"@type\":\"ListItem\",\"position\":1,\"name\":\"Portada\",\"item\":\"https:\/\/infoecos.com.ar\/\"},{\"@type\":\"ListItem\",\"position\":2,\"name\":\"Producci\u00f3n de Cannabis: el intendente de Trenque Lauquen y concejales de los distintos bloques en General Lamadrid\"}]},{\"@type\":\"WebSite\",\"@id\":\"https:\/\/infoecos.com.ar\/#website\",\"url\":\"https:\/\/infoecos.com.ar\/\",\"name\":\"Infoecos\",\"description\":\"Noticias de trenque lauquen y la zona\",\"publisher\":{\"@id\":\"https:\/\/infoecos.com.ar\/#organization\"},\"alternateName\":\"Noticias\",\"potentialAction\":[{\"@type\":\"SearchAction\",\"target\":{\"@type\":\"EntryPoint\",\"urlTemplate\":\"https:\/\/infoecos.com.ar\/?s={search_term_string}\"},\"query-input\":{\"@type\":\"PropertyValueSpecification\",\"valueRequired\":true,\"valueName\":\"search_term_string\"}}],\"inLanguage\":\"es\"},{\"@type\":\"Organization\",\"@id\":\"https:\/\/infoecos.com.ar\/#organization\",\"name\":\"Infoecos\",\"alternateName\":\"Noticias\",\"url\":\"https:\/\/infoecos.com.ar\/\",\"logo\":{\"@type\":\"ImageObject\",\"inLanguage\":\"es\",\"@id\":\"https:\/\/infoecos.com.ar\/#\/schema\/logo\/image\/\",\"url\":\"https:\/\/infoecos.com.ar\/wp-content\/uploads\/2024\/03\/cropped-logo.png\",\"contentUrl\":\"https:\/\/infoecos.com.ar\/wp-content\/uploads\/2024\/03\/cropped-logo.png\",\"width\":374,\"height\":90,\"caption\":\"Infoecos\"},\"image\":{\"@id\":\"https:\/\/infoecos.com.ar\/#\/schema\/logo\/image\/\"},\"sameAs\":[\"https:\/\/www.facebook.com\/profile.php?id=100063200290284\",\"https:\/\/x.com\/infoecos\"]},{\"@type\":\"Person\",\"@id\":\"https:\/\/infoecos.com.ar\/#\/schema\/person\/8f5ace5ce73b4b4aac4b7245aee6f191\",\"name\":\"Jorge Matheus\",\"url\":\"https:\/\/infoecos.com.ar\/index.php\/author\/jomatheus\/\"}]}<\/script>\n<!-- \/ Yoast SEO plugin. -->","yoast_head_json":{"title":"Producci\u00f3n de Cannabis: el intendente de Trenque Lauquen y concejales de los distintos bloques en General Lamadrid - Infoecos","robots":{"index":"index","follow":"follow","max-snippet":"max-snippet:-1","max-image-preview":"max-image-preview:large","max-video-preview":"max-video-preview:-1"},"canonical":"https:\/\/infoecos.com.ar\/index.php\/produccion-de-cannabis-el-intendente-de-trenque-lauquen-y-concejales-de-los-distintos-bloques-en-general-lamadrid\/","og_locale":"es_ES","og_type":"article","og_title":"Producci\u00f3n de Cannabis: el intendente de Trenque Lauquen y concejales de los distintos bloques en General Lamadrid - Infoecos","og_description":"Fern\u00e1ndez destac\u00f3 la presencia de concejales de todos los bloques que fueron convocados, \u201cya que es una tem\u00e1tica en donde se ha generado un gran consenso\u201d","og_url":"https:\/\/infoecos.com.ar\/index.php\/produccion-de-cannabis-el-intendente-de-trenque-lauquen-y-concejales-de-los-distintos-bloques-en-general-lamadrid\/","og_site_name":"Infoecos","article_publisher":"https:\/\/www.facebook.com\/profile.php?id=100063200290284","article_published_time":"2021-08-24T07:38:49+00:00","article_modified_time":"2021-08-25T09:11:58+00:00","og_image":[{"width":1280,"height":960,"url":"https:\/\/infoecos.com.ar\/wp-content\/uploads\/2021\/08\/cannabisgrallamadrid1.jpg","type":"image\/jpeg"}],"author":"Jorge Matheus","twitter_card":"summary_large_image","twitter_creator":"@infoecos","twitter_site":"@infoecos","twitter_misc":{"Escrito por":"Jorge Matheus","Tiempo de lectura":"2 minutos"},"schema":{"@context":"https:\/\/schema.org","@graph":[{"@type":"Article","@id":"https:\/\/infoecos.com.ar\/index.php\/produccion-de-cannabis-el-intendente-de-trenque-lauquen-y-concejales-de-los-distintos-bloques-en-general-lamadrid\/#article","isPartOf":{"@id":"https:\/\/infoecos.com.ar\/index.php\/produccion-de-cannabis-el-intendente-de-trenque-lauquen-y-concejales-de-los-distintos-bloques-en-general-lamadrid\/"},"author":{"name":"Jorge Matheus","@id":"https:\/\/infoecos.com.ar\/#\/schema\/person\/8f5ace5ce73b4b4aac4b7245aee6f191"},"headline":"Producci\u00f3n de Cannabis: el intendente de Trenque Lauquen y concejales de los distintos bloques en General Lamadrid","datePublished":"2021-08-24T07:38:49+00:00","dateModified":"2021-08-25T09:11:58+00:00","mainEntityOfPage":{"@id":"https:\/\/infoecos.com.ar\/index.php\/produccion-de-cannabis-el-intendente-de-trenque-lauquen-y-concejales-de-los-distintos-bloques-en-general-lamadrid\/"},"wordCount":399,"publisher":{"@id":"https:\/\/infoecos.com.ar\/#organization"},"image":{"@id":"https:\/\/infoecos.com.ar\/index.php\/produccion-de-cannabis-el-intendente-de-trenque-lauquen-y-concejales-de-los-distintos-bloques-en-general-lamadrid\/#primaryimage"},"thumbnailUrl":"https:\/\/infoecos.com.ar\/wp-content\/uploads\/2021\/08\/cannabisgrallamadrid1.jpg","keywords":["TAMBIEN VIAJARON EMPRENDEDORES Y FUNCIONARIOS"],"articleSection":["Bloque inferior - 9"],"inLanguage":"es"},{"@type":"WebPage","@id":"https:\/\/infoecos.com.ar\/index.php\/produccion-de-cannabis-el-intendente-de-trenque-lauquen-y-concejales-de-los-distintos-bloques-en-general-lamadrid\/","url":"https:\/\/infoecos.com.ar\/index.php\/produccion-de-cannabis-el-intendente-de-trenque-lauquen-y-concejales-de-los-distintos-bloques-en-general-lamadrid\/","name":"Producci\u00f3n de Cannabis: el intendente de Trenque Lauquen y concejales de los distintos bloques en General Lamadrid - Infoecos","isPartOf":{"@id":"https:\/\/infoecos.com.ar\/#website"},"primaryImageOfPage":{"@id":"https:\/\/infoecos.com.ar\/index.php\/produccion-de-cannabis-el-intendente-de-trenque-lauquen-y-concejales-de-los-distintos-bloques-en-general-lamadrid\/#primaryimage"},"image":{"@id":"https:\/\/infoecos.com.ar\/index.php\/produccion-de-cannabis-el-intendente-de-trenque-lauquen-y-concejales-de-los-distintos-bloques-en-general-lamadrid\/#primaryimage"},"thumbnailUrl":"https:\/\/infoecos.com.ar\/wp-content\/uploads\/2021\/08\/cannabisgrallamadrid1.jpg","datePublished":"2021-08-24T07:38:49+00:00","dateModified":"2021-08-25T09:11:58+00:00","breadcrumb":{"@id":"https:\/\/infoecos.com.ar\/index.php\/produccion-de-cannabis-el-intendente-de-trenque-lauquen-y-concejales-de-los-distintos-bloques-en-general-lamadrid\/#breadcrumb"},"inLanguage":"es","potentialAction":[{"@type":"ReadAction","target":["https:\/\/infoecos.com.ar\/index.php\/produccion-de-cannabis-el-intendente-de-trenque-lauquen-y-concejales-de-los-distintos-bloques-en-general-lamadrid\/"]}]},{"@type":"ImageObject","inLanguage":"es","@id":"https:\/\/infoecos.com.ar\/index.php\/produccion-de-cannabis-el-intendente-de-trenque-lauquen-y-concejales-de-los-distintos-bloques-en-general-lamadrid\/#primaryimage","url":"https:\/\/infoecos.com.ar\/wp-content\/uploads\/2021\/08\/cannabisgrallamadrid1.jpg","contentUrl":"https:\/\/infoecos.com.ar\/wp-content\/uploads\/2021\/08\/cannabisgrallamadrid1.jpg","width":1280,"height":960},{"@type":"BreadcrumbList","@id":"https:\/\/infoecos.com.ar\/index.php\/produccion-de-cannabis-el-intendente-de-trenque-lauquen-y-concejales-de-los-distintos-bloques-en-general-lamadrid\/#breadcrumb","itemListElement":[{"@type":"ListItem","position":1,"name":"Portada","item":"https:\/\/infoecos.com.ar\/"},{"@type":"ListItem","position":2,"name":"Producci\u00f3n de Cannabis: el intendente de Trenque Lauquen y concejales de los distintos bloques en General Lamadrid"}]},{"@type":"WebSite","@id":"https:\/\/infoecos.com.ar\/#website","url":"https:\/\/infoecos.com.ar\/","name":"Infoecos","description":"Noticias de trenque lauquen y la zona","publisher":{"@id":"https:\/\/infoecos.com.ar\/#organization"},"alternateName":"Noticias","potentialAction":[{"@type":"SearchAction","target":{"@type":"EntryPoint","urlTemplate":"https:\/\/infoecos.com.ar\/?s={search_term_string}"},"query-input":{"@type":"PropertyValueSpecification","valueRequired":true,"valueName":"search_term_string"}}],"inLanguage":"es"},{"@type":"Organization","@id":"https:\/\/infoecos.com.ar\/#organization","name":"Infoecos","alternateName":"Noticias","url":"https:\/\/infoecos.com.ar\/","logo":{"@type":"ImageObject","inLanguage":"es","@id":"https:\/\/infoecos.com.ar\/#\/schema\/logo\/image\/","url":"https:\/\/infoecos.com.ar\/wp-content\/uploads\/2024\/03\/cropped-logo.png","contentUrl":"https:\/\/infoecos.com.ar\/wp-content\/uploads\/2024\/03\/cropped-logo.png","width":374,"height":90,"caption":"Infoecos"},"image":{"@id":"https:\/\/infoecos.com.ar\/#\/schema\/logo\/image\/"},"sameAs":["https:\/\/www.facebook.com\/profile.php?id=100063200290284","https:\/\/x.com\/infoecos"]},{"@type":"Person","@id":"https:\/\/infoecos.com.ar\/#\/schema\/person\/8f5ace5ce73b4b4aac4b7245aee6f191","name":"Jorge Matheus","url":"https:\/\/infoecos.com.ar\/index.php\/author\/jomatheus\/"}]}},"featured_image_urls":{"full":["https:\/\/infoecos.com.ar\/wp-content\/uploads\/2021\/08\/cannabisgrallamadrid1.jpg",1280,960,false],"thumbnail":["https:\/\/infoecos.com.ar\/wp-content\/uploads\/2021\/08\/cannabisgrallamadrid1-150x150.jpg",150,150,true],"medium":["https:\/\/infoecos.com.ar\/wp-content\/uploads\/2021\/08\/cannabisgrallamadrid1-460x345.jpg",460,345,true],"medium_large":["https:\/\/infoecos.com.ar\/wp-content\/uploads\/2021\/08\/cannabisgrallamadrid1-768x576.jpg",640,480,true],"large":["https:\/\/infoecos.com.ar\/wp-content\/uploads\/2021\/08\/cannabisgrallamadrid1-920x690.jpg",640,480,true],"1536x1536":["https:\/\/infoecos.com.ar\/wp-content\/uploads\/2021\/08\/cannabisgrallamadrid1.jpg",1280,960,false],"2048x2048":["https:\/\/infoecos.com.ar\/wp-content\/uploads\/2021\/08\/cannabisgrallamadrid1.jpg",1280,960,false],"covernews-slider-full":["https:\/\/infoecos.com.ar\/wp-content\/uploads\/2021\/08\/cannabisgrallamadrid1.jpg",953,715,false],"covernews-slider-center":["https:\/\/infoecos.com.ar\/wp-content\/uploads\/2021\/08\/cannabisgrallamadrid1-936x897.jpg",522,500,true],"covernews-featured":["https:\/\/infoecos.com.ar\/wp-content\/uploads\/2021\/08\/cannabisgrallamadrid1-1024x768.jpg",1024,768,true],"covernews-medium":["https:\/\/infoecos.com.ar\/wp-content\/uploads\/2021\/08\/cannabisgrallamadrid1-720x380.jpg",540,285,true],"covernews-medium-square":["https:\/\/infoecos.com.ar\/wp-content\/uploads\/2021\/08\/cannabisgrallamadrid1-675x450.jpg",375,250,true]},"author_info":{"info":["Jorge Matheus"]},"category_info":"<a href=\"https:\/\/infoecos.com.ar\/index.php\/category\/inferior9\/\" rel=\"category tag\">Bloque inferior - 9<\/a>","tag_info":"Bloque inferior - 9","comment_count":"0","_links":{"self":[{"href":"https:\/\/infoecos.com.ar\/index.php\/wp-json\/wp\/v2\/posts\/84024"}],"collection":[{"href":"https:\/\/infoecos.com.ar\/index.php\/wp-json\/wp\/v2\/posts"}],"about":[{"href":"https:\/\/infoecos.com.ar\/index.php\/wp-json\/wp\/v2\/types\/post"}],"author":[{"embeddable":true,"href":"https:\/\/infoecos.com.ar\/index.php\/wp-json\/wp\/v2\/users\/2"}],"replies":[{"embeddable":true,"href":"https:\/\/infoecos.com.ar\/index.php\/wp-json\/wp\/v2\/comments?post=84024"}],"version-history":[{"count":1,"href":"https:\/\/infoecos.com.ar\/index.php\/wp-json\/wp\/v2\/posts\/84024\/revisions"}],"predecessor-version":[{"id":84029,"href":"https:\/\/infoecos.com.ar\/index.php\/wp-json\/wp\/v2\/posts\/84024\/revisions\/84029"}],"wp:featuredmedia":[{"embeddable":true,"href":"https:\/\/infoecos.com.ar\/index.php\/wp-json\/wp\/v2\/media\/84027"}],"wp:attachment":[{"href":"https:\/\/infoecos.com.ar\/index.php\/wp-json\/wp\/v2\/media?parent=84024"}],"wp:term":[{"taxonomy":"category","embeddable":true,"href":"https:\/\/infoecos.com.ar\/index.php\/wp-json\/wp\/v2\/categories?post=84024"},{"taxonomy":"post_tag","embeddable":true,"href":"https:\/\/infoecos.com.ar\/index.php\/wp-json\/wp\/v2\/tags?post=84024"}],"curies":[{"name":"wp","href":"https:\/\/api.w.org\/{rel}","templated":true}]}}