{"id":84030,"date":"2021-08-24T04:50:11","date_gmt":"2021-08-24T07:50:11","guid":{"rendered":"http:\/\/infoecos.com.ar\/?p=84030"},"modified":"2021-08-24T04:50:17","modified_gmt":"2021-08-24T07:50:17","slug":"una-baja-importante-en-la-cantidad-de-casos-activos-en-trenque-lauquen-104-se-reportaron-este-lunes","status":"publish","type":"post","link":"https:\/\/infoecos.com.ar\/index.php\/una-baja-importante-en-la-cantidad-de-casos-activos-en-trenque-lauquen-104-se-reportaron-este-lunes\/","title":{"rendered":"Una baja importante en la cantidad de casos activos en Trenque Lauquen: 104 se reportaron este lunes"},"content":{"rendered":"\n<p class=\"wp-block-paragraph\">La subsecretar\u00eda de Salud municipal de Trenque Lauquen inform\u00f3 este lunes que son 104 los casos activos de Covid-19 en el distrito luego de que se reportaran seis (6) nuevos casos positivos, 15 personas recuperadas m\u00e1s y 65 casos descartados, quedando, adem\u00e1s, 46 casos sospechosos y 173 personas en aislamiento.<\/p>\n\n\n\n<div class=\"wp-block-image is-style-default\"><figure class=\"aligncenter size-medium\"><img loading=\"lazy\" decoding=\"async\" width=\"460\" height=\"423\" src=\"http:\/\/infoecos.com.ar\/wp-content\/uploads\/2021\/08\/REPORTELUNES-2-460x423.jpg\" alt=\"\" class=\"wp-image-84031\" srcset=\"https:\/\/infoecos.com.ar\/wp-content\/uploads\/2021\/08\/REPORTELUNES-2-460x423.jpg 460w, https:\/\/infoecos.com.ar\/wp-content\/uploads\/2021\/08\/REPORTELUNES-2-768x706.jpg 768w, https:\/\/infoecos.com.ar\/wp-content\/uploads\/2021\/08\/REPORTELUNES-2.jpg 800w\" sizes=\"auto, (max-width: 460px) 100vw, 460px\" \/><\/figure><\/div>\n\n\n\n<p class=\"wp-block-paragraph\">Los seis (6) nuevos casos confirmados pertenecen a Trenque Lauquen y tres (3) fueron diagnosticados por hisopado y los tres (3) restantes por nexo o criterio epidemiol\u00f3gico seg\u00fan protocolo actualizado vigente.<\/p>\n\n\n\n<p class=\"wp-block-paragraph\">De los 104 casos activos, 97 corresponden a la ciudad cabecera, seis (6) a Treinta de Agosto y uno (1) a Beruti, y del total, 12 permanecen internados en el Hospital Municipal y 91 est\u00e1n en sus domicilios particulares.<\/p>\n\n\n\n<p class=\"wp-block-paragraph\">Las 15 personas recuperadas en la fecha son todas de Trenque Lauquen y ahora suman 9.968 las que recibieron el alta desde marzo del a\u00f1o pasado, mientras que en el mismo per\u00edodo se descartaron 18.370 casos, incluidos los 65 de las \u00faltimas 24 horas, 56 de la ciudad cabecera, ocho (8) de Treinta de Agosto y uno (1) de Beruti.<\/p>\n\n\n\n<p class=\"wp-block-paragraph\">Entre los 46 casos sospechosos que quedan, 43 corresponden a Trenque Lauquen y tres (3) a Treinta de Agosto, y de las 173 personas en aislamiento, hay 164 en la ciudad cabecera, ocho (8) en Treinta de Agosto y uno (1) en Beruti.<\/p>\n\n\n\n<div class=\"wp-block-image is-style-default\"><figure class=\"aligncenter size-medium\"><img loading=\"lazy\" decoding=\"async\" width=\"460\" height=\"460\" src=\"http:\/\/infoecos.com.ar\/wp-content\/uploads\/2021\/08\/CAMASLUNES-460x460.jpg\" alt=\"\" class=\"wp-image-84032\" srcset=\"https:\/\/infoecos.com.ar\/wp-content\/uploads\/2021\/08\/CAMASLUNES-460x460.jpg 460w, https:\/\/infoecos.com.ar\/wp-content\/uploads\/2021\/08\/CAMASLUNES-920x920.jpg 920w, https:\/\/infoecos.com.ar\/wp-content\/uploads\/2021\/08\/CAMASLUNES-150x150.jpg 150w, https:\/\/infoecos.com.ar\/wp-content\/uploads\/2021\/08\/CAMASLUNES-768x767.jpg 768w, https:\/\/infoecos.com.ar\/wp-content\/uploads\/2021\/08\/CAMASLUNES-1024x1023.jpg 1024w, https:\/\/infoecos.com.ar\/wp-content\/uploads\/2021\/08\/CAMASLUNES.jpg 1280w\" sizes=\"auto, (max-width: 460px) 100vw, 460px\" \/><\/figure><\/div>\n","protected":false},"excerpt":{"rendered":"<p>De los 104 casos activos, 97 corresponden a la ciudad cabecera, seis (6) a Treinta de Agosto y uno (1) a Beruti<\/p>\n","protected":false},"author":2,"featured_media":59511,"comment_status":"closed","ping_status":"open","sticky":false,"template":"","format":"standard","meta":{"footnotes":""},"categories":[46],"tags":[4809],"class_list":["post-84030","post","type-post","status-publish","format-standard","has-post-thumbnail","hentry","category-c2nota2","tag-hay-12-internados-y-8-camas-libres-en-covid"],"featured_image_urls":{"full":["https:\/\/infoecos.com.ar\/wp-content\/uploads\/Guardia13.jpg",912,608,false],"thumbnail":["https:\/\/infoecos.com.ar\/wp-content\/uploads\/Guardia13-150x150.jpg",150,150,true],"medium":["https:\/\/infoecos.com.ar\/wp-content\/uploads\/Guardia13-460x307.jpg",460,307,true],"medium_large":["https:\/\/infoecos.com.ar\/wp-content\/uploads\/Guardia13-768x512.jpg",640,427,true],"large":["https:\/\/infoecos.com.ar\/wp-content\/uploads\/Guardia13.jpg",640,427,false],"1536x1536":["https:\/\/infoecos.com.ar\/wp-content\/uploads\/Guardia13.jpg",912,608,false],"2048x2048":["https:\/\/infoecos.com.ar\/wp-content\/uploads\/Guardia13.jpg",912,608,false],"covernews-slider-full":["https:\/\/infoecos.com.ar\/wp-content\/uploads\/Guardia13.jpg",912,608,false],"covernews-slider-center":["https:\/\/infoecos.com.ar\/wp-content\/uploads\/Guardia13.jpg",750,500,false],"covernews-featured":["https:\/\/infoecos.com.ar\/wp-content\/uploads\/Guardia13.jpg",912,608,false],"covernews-medium":["https:\/\/infoecos.com.ar\/wp-content\/uploads\/Guardia13-720x380.jpg",540,285,true],"covernews-medium-square":["https:\/\/infoecos.com.ar\/wp-content\/uploads\/Guardia13-675x450.jpg",375,250,true]},"author_info":{"info":["Jorge Matheus"]},"category_info":"<a href=\"https:\/\/infoecos.com.ar\/index.php\/category\/c2nota2\/\" rel=\"category tag\">C2 N2<\/a>","tag_info":"C2 N2","comment_count":"0","_links":{"self":[{"href":"https:\/\/infoecos.com.ar\/index.php\/wp-json\/wp\/v2\/posts\/84030","targetHints":{"allow":["GET"]}}],"collection":[{"href":"https:\/\/infoecos.com.ar\/index.php\/wp-json\/wp\/v2\/posts"}],"about":[{"href":"https:\/\/infoecos.com.ar\/index.php\/wp-json\/wp\/v2\/types\/post"}],"author":[{"embeddable":true,"href":"https:\/\/infoecos.com.ar\/index.php\/wp-json\/wp\/v2\/users\/2"}],"replies":[{"embeddable":true,"href":"https:\/\/infoecos.com.ar\/index.php\/wp-json\/wp\/v2\/comments?post=84030"}],"version-history":[{"count":1,"href":"https:\/\/infoecos.com.ar\/index.php\/wp-json\/wp\/v2\/posts\/84030\/revisions"}],"predecessor-version":[{"id":84033,"href":"https:\/\/infoecos.com.ar\/index.php\/wp-json\/wp\/v2\/posts\/84030\/revisions\/84033"}],"wp:featuredmedia":[{"embeddable":true,"href":"https:\/\/infoecos.com.ar\/index.php\/wp-json\/wp\/v2\/media\/59511"}],"wp:attachment":[{"href":"https:\/\/infoecos.com.ar\/index.php\/wp-json\/wp\/v2\/media?parent=84030"}],"wp:term":[{"taxonomy":"category","embeddable":true,"href":"https:\/\/infoecos.com.ar\/index.php\/wp-json\/wp\/v2\/categories?post=84030"},{"taxonomy":"post_tag","embeddable":true,"href":"https:\/\/infoecos.com.ar\/index.php\/wp-json\/wp\/v2\/tags?post=84030"}],"curies":[{"name":"wp","href":"https:\/\/api.w.org\/{rel}","templated":true}]}}