{"id":84034,"date":"2021-08-24T05:01:18","date_gmt":"2021-08-24T08:01:18","guid":{"rendered":"http:\/\/infoecos.com.ar\/?p=84034"},"modified":"2021-08-24T05:01:59","modified_gmt":"2021-08-24T08:01:59","slug":"no-se-anuncian-lluvias-para-esta-semana-y-seguira-amaneciendo-con-bajas-temperaturas-en-trenque-lauquen","status":"publish","type":"post","link":"https:\/\/infoecos.com.ar\/index.php\/no-se-anuncian-lluvias-para-esta-semana-y-seguira-amaneciendo-con-bajas-temperaturas-en-trenque-lauquen\/","title":{"rendered":"No se anuncian lluvias para esta semana y seguir\u00e1 amaneciendo con bajas temperaturas en Trenque Lauquen"},"content":{"rendered":"\n<p class=\"wp-block-paragraph\">El clima en Trenque Lauquen, a pesar que aparece el sol, es desapacible en estos d\u00edas e incluso ha generado confusi\u00f3n. Despu\u00e9s de varios d\u00edas donde prevalecieron temperaturas muy agradables, el lunes la baja fue considerable y con fuerte vientos.<\/p>\n\n\n\n<div class=\"wp-block-image is-style-default\"><figure class=\"aligncenter size-large\"><img loading=\"lazy\" decoding=\"async\" width=\"257\" height=\"256\" src=\"http:\/\/infoecos.com.ar\/wp-content\/uploads\/2021\/08\/pronostico.png\" alt=\"\" class=\"wp-image-84035\" srcset=\"https:\/\/infoecos.com.ar\/wp-content\/uploads\/2021\/08\/pronostico.png 257w, https:\/\/infoecos.com.ar\/wp-content\/uploads\/2021\/08\/pronostico-150x150.png 150w\" sizes=\"auto, (max-width: 257px) 100vw, 257px\" \/><\/figure><\/div>\n\n\n\n<p class=\"wp-block-paragraph\">El Servicio Meteorol\u00f3gico no anuncia fen\u00f3menos que impliquen riesgos para los pr\u00f3ximos d\u00edas. El pron\u00f3stico indica bajas marcas hasta el lunes pr\u00f3ximo.<\/p>\n\n\n\n<p class=\"wp-block-paragraph\">Para este martes una m\u00ednima de 1 grado y una m\u00e1xima de 17. Amanecer\u00e1 con cielo parcialmente nublado. Habr\u00e1 algunas apariciones parciales del sol y por la noche estar\u00e1 despejado. <\/p>\n\n\n\n<div class=\"wp-block-image is-style-default\"><figure class=\"aligncenter size-large\"><img loading=\"lazy\" decoding=\"async\" width=\"472\" height=\"770\" src=\"http:\/\/infoecos.com.ar\/wp-content\/uploads\/2021\/08\/SMN2.png\" alt=\"\" class=\"wp-image-84036\" srcset=\"https:\/\/infoecos.com.ar\/wp-content\/uploads\/2021\/08\/SMN2.png 472w, https:\/\/infoecos.com.ar\/wp-content\/uploads\/2021\/08\/SMN2-282x460.png 282w\" sizes=\"auto, (max-width: 472px) 100vw, 472px\" \/><\/figure><\/div>\n\n\n\n<p class=\"wp-block-paragraph\">Para el d\u00eda viernes, el organismo nacional est\u00e1 anunciando una temperatura m\u00ednima de 2 grados y una m\u00e1xima de 19. Amanecer\u00e1 despejado y el resto del d\u00eda mostrar\u00e1 el cielo algo nublado. <\/p>\n\n\n\n<p class=\"wp-block-paragraph\">Se pronostica para el domingo una temperatura m\u00ednima de 8 grados y una m\u00e1xima de 21. Ser\u00eda el d\u00eda de menos fr\u00edo. No se anuncian lluvias.<\/p>\n","protected":false},"excerpt":{"rendered":"<p>Para este martes una m\u00ednima de 1 grado y una m\u00e1xima de 17. Amanecer\u00e1 con cielo parcialmente nublado. Habr\u00e1 algunas apariciones parciales del sol y por la noche estar\u00e1 despejado<\/p>\n","protected":false},"author":2,"featured_media":84035,"comment_status":"closed","ping_status":"open","sticky":false,"template":"","format":"standard","meta":{"footnotes":""},"categories":[47],"tags":[4810],"class_list":["post-84034","post","type-post","status-publish","format-standard","has-post-thumbnail","hentry","category-c3nota2","tag-el-panorama-meteorologico"],"featured_image_urls":{"full":["https:\/\/infoecos.com.ar\/wp-content\/uploads\/2021\/08\/pronostico.png",257,256,false],"thumbnail":["https:\/\/infoecos.com.ar\/wp-content\/uploads\/2021\/08\/pronostico-150x150.png",150,150,true],"medium":["https:\/\/infoecos.com.ar\/wp-content\/uploads\/2021\/08\/pronostico.png",257,256,false],"medium_large":["https:\/\/infoecos.com.ar\/wp-content\/uploads\/2021\/08\/pronostico.png",257,256,false],"large":["https:\/\/infoecos.com.ar\/wp-content\/uploads\/2021\/08\/pronostico.png",257,256,false],"1536x1536":["https:\/\/infoecos.com.ar\/wp-content\/uploads\/2021\/08\/pronostico.png",257,256,false],"2048x2048":["https:\/\/infoecos.com.ar\/wp-content\/uploads\/2021\/08\/pronostico.png",257,256,false],"covernews-slider-full":["https:\/\/infoecos.com.ar\/wp-content\/uploads\/2021\/08\/pronostico.png",257,256,false],"covernews-slider-center":["https:\/\/infoecos.com.ar\/wp-content\/uploads\/2021\/08\/pronostico.png",257,256,false],"covernews-featured":["https:\/\/infoecos.com.ar\/wp-content\/uploads\/2021\/08\/pronostico.png",257,256,false],"covernews-medium":["https:\/\/infoecos.com.ar\/wp-content\/uploads\/2021\/08\/pronostico.png",257,256,false],"covernews-medium-square":["https:\/\/infoecos.com.ar\/wp-content\/uploads\/2021\/08\/pronostico.png",251,250,false]},"author_info":{"info":["Jorge Matheus"]},"category_info":"<a href=\"https:\/\/infoecos.com.ar\/index.php\/category\/c3nota2\/\" rel=\"category tag\">C3 N2<\/a>","tag_info":"C3 N2","comment_count":"0","_links":{"self":[{"href":"https:\/\/infoecos.com.ar\/index.php\/wp-json\/wp\/v2\/posts\/84034","targetHints":{"allow":["GET"]}}],"collection":[{"href":"https:\/\/infoecos.com.ar\/index.php\/wp-json\/wp\/v2\/posts"}],"about":[{"href":"https:\/\/infoecos.com.ar\/index.php\/wp-json\/wp\/v2\/types\/post"}],"author":[{"embeddable":true,"href":"https:\/\/infoecos.com.ar\/index.php\/wp-json\/wp\/v2\/users\/2"}],"replies":[{"embeddable":true,"href":"https:\/\/infoecos.com.ar\/index.php\/wp-json\/wp\/v2\/comments?post=84034"}],"version-history":[{"count":1,"href":"https:\/\/infoecos.com.ar\/index.php\/wp-json\/wp\/v2\/posts\/84034\/revisions"}],"predecessor-version":[{"id":84037,"href":"https:\/\/infoecos.com.ar\/index.php\/wp-json\/wp\/v2\/posts\/84034\/revisions\/84037"}],"wp:featuredmedia":[{"embeddable":true,"href":"https:\/\/infoecos.com.ar\/index.php\/wp-json\/wp\/v2\/media\/84035"}],"wp:attachment":[{"href":"https:\/\/infoecos.com.ar\/index.php\/wp-json\/wp\/v2\/media?parent=84034"}],"wp:term":[{"taxonomy":"category","embeddable":true,"href":"https:\/\/infoecos.com.ar\/index.php\/wp-json\/wp\/v2\/categories?post=84034"},{"taxonomy":"post_tag","embeddable":true,"href":"https:\/\/infoecos.com.ar\/index.php\/wp-json\/wp\/v2\/tags?post=84034"}],"curies":[{"name":"wp","href":"https:\/\/api.w.org\/{rel}","templated":true}]}}