{"id":84064,"date":"2021-08-24T07:36:51","date_gmt":"2021-08-24T10:36:51","guid":{"rendered":"http:\/\/infoecos.com.ar\/?p=84064"},"modified":"2021-08-25T06:10:38","modified_gmt":"2021-08-25T09:10:38","slug":"un-hombre-de-72-anos-baleo-en-el-abdomen-a-su-hijo-en-la-ciudad-de-pigue","status":"publish","type":"post","link":"https:\/\/infoecos.com.ar\/index.php\/un-hombre-de-72-anos-baleo-en-el-abdomen-a-su-hijo-en-la-ciudad-de-pigue\/","title":{"rendered":"Un hombre de 72 a\u00f1os bale\u00f3 en el abdomen a su hijo en la ciudad de Pig\u00fc\u00e9"},"content":{"rendered":"\n<p class=\"wp-block-paragraph\">Un hombre de 72 a\u00f1os fue aprehendido por balear en el abdomen a su hijo. Tras el violento episodio, la polic\u00eda allan\u00f3 su domicilio y encontr\u00f3 armas y drogas. Cabe destacar que el presunto agresor cumple arresto domiciliario.<\/p>\n\n\n\n<p class=\"wp-block-paragraph\">Seg\u00fan fuentes oficiales,&nbsp;<strong>Osvaldo Hugo S\u00e1ez&nbsp;<\/strong>le habr\u00eda efectuado un disparo a&nbsp;<strong>Hugo S\u00e1ez<\/strong>&nbsp;(34), o que le provoc\u00f3 una&nbsp;<strong>herida en el abdomen<\/strong>.&nbsp;<\/p>\n\n\n\n<p class=\"wp-block-paragraph\">Como consecuencia del presunto ataque de su padre, el hombre de 34 a\u00f1os debi\u00f3 ser internado.<\/p>\n\n\n\n<div class=\"wp-block-image is-style-default\"><figure class=\"aligncenter size-medium\"><img loading=\"lazy\" decoding=\"async\" width=\"460\" height=\"259\" src=\"http:\/\/infoecos.com.ar\/wp-content\/uploads\/2021\/08\/piguedroa-460x259.jpeg\" alt=\"\" class=\"wp-image-84065\" srcset=\"https:\/\/infoecos.com.ar\/wp-content\/uploads\/2021\/08\/piguedroa-460x259.jpeg 460w, https:\/\/infoecos.com.ar\/wp-content\/uploads\/2021\/08\/piguedroa-920x518.jpeg 920w, https:\/\/infoecos.com.ar\/wp-content\/uploads\/2021\/08\/piguedroa-768x432.jpeg 768w, https:\/\/infoecos.com.ar\/wp-content\/uploads\/2021\/08\/piguedroa.jpeg 929w\" sizes=\"auto, (max-width: 460px) 100vw, 460px\" \/><\/figure><\/div>\n\n\n\n<p class=\"wp-block-paragraph\">Asimsmo, el hombre que habr\u00eda disparado tambi\u00e9n fue derivado al centro m\u00e9dico, con&nbsp;<strong>heridas en su rostro<\/strong>, que no revistieron gravedad.<\/p>\n\n\n\n<p class=\"wp-block-paragraph\">Tras el violento episodio, la polic\u00eda allan\u00f3 el domicilio del hombre de 72 a\u00f1os, ubicado en la esquina de Suipacha y Rivadavia, de Pig\u00fc\u00e9, donde secuestraron, seg\u00fan indic\u00f3 el parte oficial,&nbsp;<strong>una pistola calibre 22, municiones, y un tel\u00e9fono<\/strong>.<\/p>\n\n\n\n<p class=\"wp-block-paragraph\">Adem\u00e1s, incautaron&nbsp;<strong>27 envoltorios de coca\u00edna, un frasco de vidrio con cogollos de marihuana y dos \u00abporros\u00bb<\/strong>.<\/p>\n\n\n\n<p class=\"wp-block-paragraph\">Cabe destacar que Osvaldo Hugo S\u00e1ez cumple&nbsp;<strong>arresto domiciliario&nbsp;<\/strong>con una condena de 7 a\u00f1os por&nbsp;<strong>comercializaci\u00f3n de estupefacientes<\/strong>.<\/p>\n","protected":false},"excerpt":{"rendered":"<p>Informe: diarioderivera.com.ar. Incautaron 27 envoltorios de coca\u00edna, un frasco de vidrio con cogollos de marihuana y dos \u00abporros\u00bb<\/p>\n","protected":false},"author":2,"featured_media":84065,"comment_status":"closed","ping_status":"open","sticky":false,"template":"","format":"standard","meta":{"footnotes":""},"categories":[44],"tags":[4817],"class_list":["post-84064","post","type-post","status-publish","format-standard","has-post-thumbnail","hentry","category-inferior5","tag-se-encontraron-armas-y-drogas-en-la-casa"],"featured_image_urls":{"full":["https:\/\/infoecos.com.ar\/wp-content\/uploads\/2021\/08\/piguedroa.jpeg",929,523,false],"thumbnail":["https:\/\/infoecos.com.ar\/wp-content\/uploads\/2021\/08\/piguedroa-150x150.jpeg",150,150,true],"medium":["https:\/\/infoecos.com.ar\/wp-content\/uploads\/2021\/08\/piguedroa-460x259.jpeg",460,259,true],"medium_large":["https:\/\/infoecos.com.ar\/wp-content\/uploads\/2021\/08\/piguedroa-768x432.jpeg",640,360,true],"large":["https:\/\/infoecos.com.ar\/wp-content\/uploads\/2021\/08\/piguedroa-920x518.jpeg",640,360,true],"1536x1536":["https:\/\/infoecos.com.ar\/wp-content\/uploads\/2021\/08\/piguedroa.jpeg",929,523,false],"2048x2048":["https:\/\/infoecos.com.ar\/wp-content\/uploads\/2021\/08\/piguedroa.jpeg",929,523,false],"covernews-slider-full":["https:\/\/infoecos.com.ar\/wp-content\/uploads\/2021\/08\/piguedroa.jpeg",929,523,false],"covernews-slider-center":["https:\/\/infoecos.com.ar\/wp-content\/uploads\/2021\/08\/piguedroa.jpeg",800,450,false],"covernews-featured":["https:\/\/infoecos.com.ar\/wp-content\/uploads\/2021\/08\/piguedroa.jpeg",929,523,false],"covernews-medium":["https:\/\/infoecos.com.ar\/wp-content\/uploads\/2021\/08\/piguedroa-720x380.jpeg",540,285,true],"covernews-medium-square":["https:\/\/infoecos.com.ar\/wp-content\/uploads\/2021\/08\/piguedroa-675x450.jpeg",375,250,true]},"author_info":{"info":["Jorge Matheus"]},"category_info":"<a href=\"https:\/\/infoecos.com.ar\/index.php\/category\/inferior5\/\" rel=\"category tag\">Bloque inferior - 5<\/a>","tag_info":"Bloque inferior - 5","comment_count":"0","_links":{"self":[{"href":"https:\/\/infoecos.com.ar\/index.php\/wp-json\/wp\/v2\/posts\/84064","targetHints":{"allow":["GET"]}}],"collection":[{"href":"https:\/\/infoecos.com.ar\/index.php\/wp-json\/wp\/v2\/posts"}],"about":[{"href":"https:\/\/infoecos.com.ar\/index.php\/wp-json\/wp\/v2\/types\/post"}],"author":[{"embeddable":true,"href":"https:\/\/infoecos.com.ar\/index.php\/wp-json\/wp\/v2\/users\/2"}],"replies":[{"embeddable":true,"href":"https:\/\/infoecos.com.ar\/index.php\/wp-json\/wp\/v2\/comments?post=84064"}],"version-history":[{"count":1,"href":"https:\/\/infoecos.com.ar\/index.php\/wp-json\/wp\/v2\/posts\/84064\/revisions"}],"predecessor-version":[{"id":84066,"href":"https:\/\/infoecos.com.ar\/index.php\/wp-json\/wp\/v2\/posts\/84064\/revisions\/84066"}],"wp:featuredmedia":[{"embeddable":true,"href":"https:\/\/infoecos.com.ar\/index.php\/wp-json\/wp\/v2\/media\/84065"}],"wp:attachment":[{"href":"https:\/\/infoecos.com.ar\/index.php\/wp-json\/wp\/v2\/media?parent=84064"}],"wp:term":[{"taxonomy":"category","embeddable":true,"href":"https:\/\/infoecos.com.ar\/index.php\/wp-json\/wp\/v2\/categories?post=84064"},{"taxonomy":"post_tag","embeddable":true,"href":"https:\/\/infoecos.com.ar\/index.php\/wp-json\/wp\/v2\/tags?post=84064"}],"curies":[{"name":"wp","href":"https:\/\/api.w.org\/{rel}","templated":true}]}}