{"id":84075,"date":"2021-08-24T22:34:46","date_gmt":"2021-08-25T01:34:46","guid":{"rendered":"http:\/\/infoecos.com.ar\/?p=84075"},"modified":"2021-08-26T06:12:55","modified_gmt":"2021-08-26T09:12:55","slug":"magario-en-9-de-julio-el-31-de-agosto-se-terminan-los-limites-en-las-exportaciones-que-el-presidente-tuvo-que-implementar","status":"publish","type":"post","link":"https:\/\/infoecos.com.ar\/index.php\/magario-en-9-de-julio-el-31-de-agosto-se-terminan-los-limites-en-las-exportaciones-que-el-presidente-tuvo-que-implementar\/","title":{"rendered":"Magario en 9 de Julio:  \u00abEl 31 de agosto se terminan los l\u00edmites en las exportaciones que el Presidente tuvo que implementar\u00bb"},"content":{"rendered":"\n<p class=\"wp-block-paragraph\">La vicegobernadora de la provincia de Buenos Aires, Ver\u00f3nica Magario, visit\u00f3 este martes los distritos de 9 de Julio y General Viamonte.<\/p>\n\n\n\n<p class=\"wp-block-paragraph\">En la primera de las ciudades mencionadas recorri\u00f3 la zona c\u00e9ntrica, mantuvo distintas reuniones y ofreci\u00f3 una conferencia de prensa.<\/p>\n\n\n\n<div class=\"wp-block-image is-style-default\"><figure class=\"aligncenter size-medium\"><img loading=\"lazy\" decoding=\"async\" width=\"460\" height=\"307\" src=\"http:\/\/infoecos.com.ar\/wp-content\/uploads\/2021\/08\/diarioelnuevedejulio-460x307.jpg\" alt=\"\" class=\"wp-image-84076\" srcset=\"https:\/\/infoecos.com.ar\/wp-content\/uploads\/2021\/08\/diarioelnuevedejulio-460x307.jpg 460w, https:\/\/infoecos.com.ar\/wp-content\/uploads\/2021\/08\/diarioelnuevedejulio-920x613.jpg 920w, https:\/\/infoecos.com.ar\/wp-content\/uploads\/2021\/08\/diarioelnuevedejulio-768x512.jpg 768w, https:\/\/infoecos.com.ar\/wp-content\/uploads\/2021\/08\/diarioelnuevedejulio-1536x1024.jpg 1536w, https:\/\/infoecos.com.ar\/wp-content\/uploads\/2021\/08\/diarioelnuevedejulio-1024x683.jpg 1024w, https:\/\/infoecos.com.ar\/wp-content\/uploads\/2021\/08\/diarioelnuevedejulio-675x450.jpg 675w, https:\/\/infoecos.com.ar\/wp-content\/uploads\/2021\/08\/diarioelnuevedejulio.jpg 2048w\" sizes=\"auto, (max-width: 460px) 100vw, 460px\" \/><\/figure><\/div>\n\n\n\n<p class=\"wp-block-paragraph\">En el encuentro con los periodistas hizo un importante anuncio para el sector agropecuario, al se\u00f1alar que \u00aba nivel nacional el Gobierno va a ir cerrando las importaciones a medida que resurjan las empresas argentinas y se produzca en Argentina. Vamos a seguir acompa\u00f1ando la producci\u00f3n para las exportaciones. <strong>El 31 de agosto se terminan los l\u00edmites en las exportaciones que el Presidente tuvo que implementar\u00bb<\/strong>.<\/p>\n\n\n\n<p class=\"wp-block-paragraph\">Con respecto a la vacunaci\u00f3n Magario se\u00f1al\u00f3 que \u00abla Provincia ha vacunado a m\u00e1s del 86% de los mayores de 18 a\u00f1os y est\u00e1 superando el 45% de esos vacunados con segundas dosis, fundamentalmente los m\u00e1s grandes y estamos apostando a que en septiembre todos tengan sus segundas dosis aplicadas\u00bb.<\/p>\n\n\n\n<div class=\"wp-block-image is-style-default\"><figure class=\"aligncenter size-medium\"><img loading=\"lazy\" decoding=\"async\" width=\"460\" height=\"216\" src=\"http:\/\/infoecos.com.ar\/wp-content\/uploads\/2021\/08\/2-Martin-Gorostiague-Magario-Defendente-Guzzo-1-460x216.jpg\" alt=\"\" class=\"wp-image-84077\" srcset=\"https:\/\/infoecos.com.ar\/wp-content\/uploads\/2021\/08\/2-Martin-Gorostiague-Magario-Defendente-Guzzo-1-460x216.jpg 460w, https:\/\/infoecos.com.ar\/wp-content\/uploads\/2021\/08\/2-Martin-Gorostiague-Magario-Defendente-Guzzo-1-920x432.jpg 920w, https:\/\/infoecos.com.ar\/wp-content\/uploads\/2021\/08\/2-Martin-Gorostiague-Magario-Defendente-Guzzo-1-768x360.jpg 768w, https:\/\/infoecos.com.ar\/wp-content\/uploads\/2021\/08\/2-Martin-Gorostiague-Magario-Defendente-Guzzo-1.jpg 1017w\" sizes=\"auto, (max-width: 460px) 100vw, 460px\" \/><\/figure><\/div>\n\n\n\n<p class=\"wp-block-paragraph\">En tanto en la capital de General Viamonte, la vicegobernadora acompa\u00f1ada por la diputada provincial, Viviana Guzzo, dos precandidatos a concejales y un edil en funciones visit\u00f3 la Iglesia Nuestra Se\u00f1ora del Pilar donde fue bautizada Evita y dialog\u00f3 con el cura p\u00e1rroco, Horacio Lento.<\/p>\n\n\n\n<p class=\"wp-block-paragraph\">Luego, mantuvo una reuni\u00f3n en la C\u00e1mara de Comercio, Industria y Producci\u00f3n, con su Presidente Fernando P\u00e9rez, y otros miembros de la entidad. Hablaron de la actualidad econ\u00f3mica y analizaron las medidas que se pueden llevar adelante.<\/p>\n\n\n\n<div class=\"wp-block-image is-style-default\"><figure class=\"aligncenter size-medium\"><img loading=\"lazy\" decoding=\"async\" width=\"460\" height=\"307\" src=\"http:\/\/infoecos.com.ar\/wp-content\/uploads\/2021\/08\/1-Guzzo-y-Magario-460x307.jpg\" alt=\"\" class=\"wp-image-84078\" srcset=\"https:\/\/infoecos.com.ar\/wp-content\/uploads\/2021\/08\/1-Guzzo-y-Magario-460x307.jpg 460w, https:\/\/infoecos.com.ar\/wp-content\/uploads\/2021\/08\/1-Guzzo-y-Magario-920x614.jpg 920w, https:\/\/infoecos.com.ar\/wp-content\/uploads\/2021\/08\/1-Guzzo-y-Magario-768x512.jpg 768w, https:\/\/infoecos.com.ar\/wp-content\/uploads\/2021\/08\/1-Guzzo-y-Magario-675x450.jpg 675w, https:\/\/infoecos.com.ar\/wp-content\/uploads\/2021\/08\/1-Guzzo-y-Magario.jpg 1024w\" sizes=\"auto, (max-width: 460px) 100vw, 460px\" \/><\/figure><\/div>\n\n\n\n<p class=\"wp-block-paragraph\">M\u00e1s tarde, siempre acompa\u00f1ada por dirigentes del Frente de Todos, estuvo en el Club Atl\u00e9tico Ignacio Coliqueo donde recorri\u00f3 las instalaciones. <\/p>\n\n\n\n<p class=\"wp-block-paragraph\">Cerr\u00f3 su visita con una conferencia de prensa. <\/p>\n\n\n\n<p class=\"wp-block-paragraph\"><strong>Fuentes: FdT 9 de Julio, Fdt General Viamonte, diarioel9dejulio.com.ar . <\/strong><\/p>\n\n\n\n<p class=\"wp-block-paragraph\"><\/p>\n","protected":false},"excerpt":{"rendered":"<p>Con respecto a la vacunaci\u00f3n Magario se\u00f1al\u00f3 que \u00abla Provincia ha vacunado a m\u00e1s del 86% de los mayores de 18 a\u00f1os y est\u00e1 superando el 45% de esos vacunados con segundas dosis, fundamentalmente los m\u00e1s grandes y estamos apostando a que en septiembre todos tengan sus segundas dosis aplicadas\u00bb<\/p>\n","protected":false},"author":2,"featured_media":84077,"comment_status":"closed","ping_status":"open","sticky":false,"template":"","format":"standard","meta":{"footnotes":""},"categories":[1643],"tags":[4820],"class_list":["post-84075","post","type-post","status-publish","format-standard","has-post-thumbnail","hentry","category-inferior16","tag-la-vicegobernadora-tambien-estuvo-en-los-toldos"],"featured_image_urls":{"full":["https:\/\/infoecos.com.ar\/wp-content\/uploads\/2021\/08\/2-Martin-Gorostiague-Magario-Defendente-Guzzo-1.jpg",1017,477,false],"thumbnail":["https:\/\/infoecos.com.ar\/wp-content\/uploads\/2021\/08\/2-Martin-Gorostiague-Magario-Defendente-Guzzo-1-150x150.jpg",150,150,true],"medium":["https:\/\/infoecos.com.ar\/wp-content\/uploads\/2021\/08\/2-Martin-Gorostiague-Magario-Defendente-Guzzo-1-460x216.jpg",460,216,true],"medium_large":["https:\/\/infoecos.com.ar\/wp-content\/uploads\/2021\/08\/2-Martin-Gorostiague-Magario-Defendente-Guzzo-1-768x360.jpg",640,300,true],"large":["https:\/\/infoecos.com.ar\/wp-content\/uploads\/2021\/08\/2-Martin-Gorostiague-Magario-Defendente-Guzzo-1-920x432.jpg",640,301,true],"1536x1536":["https:\/\/infoecos.com.ar\/wp-content\/uploads\/2021\/08\/2-Martin-Gorostiague-Magario-Defendente-Guzzo-1.jpg",1017,477,false],"2048x2048":["https:\/\/infoecos.com.ar\/wp-content\/uploads\/2021\/08\/2-Martin-Gorostiague-Magario-Defendente-Guzzo-1.jpg",1017,477,false],"covernews-slider-full":["https:\/\/infoecos.com.ar\/wp-content\/uploads\/2021\/08\/2-Martin-Gorostiague-Magario-Defendente-Guzzo-1.jpg",1017,477,false],"covernews-slider-center":["https:\/\/infoecos.com.ar\/wp-content\/uploads\/2021\/08\/2-Martin-Gorostiague-Magario-Defendente-Guzzo-1-936x477.jpg",800,408,true],"covernews-featured":["https:\/\/infoecos.com.ar\/wp-content\/uploads\/2021\/08\/2-Martin-Gorostiague-Magario-Defendente-Guzzo-1.jpg",1017,477,false],"covernews-medium":["https:\/\/infoecos.com.ar\/wp-content\/uploads\/2021\/08\/2-Martin-Gorostiague-Magario-Defendente-Guzzo-1-720x380.jpg",540,285,true],"covernews-medium-square":["https:\/\/infoecos.com.ar\/wp-content\/uploads\/2021\/08\/2-Martin-Gorostiague-Magario-Defendente-Guzzo-1-675x450.jpg",375,250,true]},"author_info":{"info":["Jorge Matheus"]},"category_info":"<a href=\"https:\/\/infoecos.com.ar\/index.php\/category\/inferior16\/\" rel=\"category tag\">Bloque inferior - 16<\/a>","tag_info":"Bloque inferior - 16","comment_count":"0","_links":{"self":[{"href":"https:\/\/infoecos.com.ar\/index.php\/wp-json\/wp\/v2\/posts\/84075","targetHints":{"allow":["GET"]}}],"collection":[{"href":"https:\/\/infoecos.com.ar\/index.php\/wp-json\/wp\/v2\/posts"}],"about":[{"href":"https:\/\/infoecos.com.ar\/index.php\/wp-json\/wp\/v2\/types\/post"}],"author":[{"embeddable":true,"href":"https:\/\/infoecos.com.ar\/index.php\/wp-json\/wp\/v2\/users\/2"}],"replies":[{"embeddable":true,"href":"https:\/\/infoecos.com.ar\/index.php\/wp-json\/wp\/v2\/comments?post=84075"}],"version-history":[{"count":1,"href":"https:\/\/infoecos.com.ar\/index.php\/wp-json\/wp\/v2\/posts\/84075\/revisions"}],"predecessor-version":[{"id":84079,"href":"https:\/\/infoecos.com.ar\/index.php\/wp-json\/wp\/v2\/posts\/84075\/revisions\/84079"}],"wp:featuredmedia":[{"embeddable":true,"href":"https:\/\/infoecos.com.ar\/index.php\/wp-json\/wp\/v2\/media\/84077"}],"wp:attachment":[{"href":"https:\/\/infoecos.com.ar\/index.php\/wp-json\/wp\/v2\/media?parent=84075"}],"wp:term":[{"taxonomy":"category","embeddable":true,"href":"https:\/\/infoecos.com.ar\/index.php\/wp-json\/wp\/v2\/categories?post=84075"},{"taxonomy":"post_tag","embeddable":true,"href":"https:\/\/infoecos.com.ar\/index.php\/wp-json\/wp\/v2\/tags?post=84075"}],"curies":[{"name":"wp","href":"https:\/\/api.w.org\/{rel}","templated":true}]}}