{"id":84092,"date":"2021-08-24T23:00:39","date_gmt":"2021-08-25T02:00:39","guid":{"rendered":"http:\/\/infoecos.com.ar\/?p=84092"},"modified":"2021-08-26T06:12:14","modified_gmt":"2021-08-26T09:12:14","slug":"el-sistema-mixto-de-aislamiento-para-los-bonaerenses-que-viajaron-al-exterior-se-mantendra-durante-septiembre","status":"publish","type":"post","link":"https:\/\/infoecos.com.ar\/index.php\/el-sistema-mixto-de-aislamiento-para-los-bonaerenses-que-viajaron-al-exterior-se-mantendra-durante-septiembre\/","title":{"rendered":"El sistema mixto de aislamiento para los bonaerenses que viajaron al exterior se mantendr\u00e1 durante septiembre"},"content":{"rendered":"\n<p class=\"wp-block-paragraph\">&nbsp;El Jefe de Gabinete de ministros del gobierno de la provincia de Buenos Aires, Carlos Bianco, en la conferencia de prensa realizada este martes para informar sobre la situaci\u00f3n epidemiol\u00f3gica, se\u00f1al\u00f3 que <strong>el sistema mixto de aislamiento para quienes hayan viajado al exterior luego del 1 de julio se mantendr\u00e1 durante el mes de septiembre<\/strong>. <\/p>\n\n\n\n<div class=\"wp-block-image is-style-default\"><figure class=\"aligncenter size-medium\"><img loading=\"lazy\" decoding=\"async\" width=\"460\" height=\"306\" src=\"http:\/\/infoecos.com.ar\/wp-content\/uploads\/2021\/08\/2021_08_24-AK-Situacion-epidemiologica_SGE_8505-460x306.jpg\" alt=\"\" class=\"wp-image-84093\" srcset=\"https:\/\/infoecos.com.ar\/wp-content\/uploads\/2021\/08\/2021_08_24-AK-Situacion-epidemiologica_SGE_8505-460x306.jpg 460w, https:\/\/infoecos.com.ar\/wp-content\/uploads\/2021\/08\/2021_08_24-AK-Situacion-epidemiologica_SGE_8505-920x612.jpg 920w, https:\/\/infoecos.com.ar\/wp-content\/uploads\/2021\/08\/2021_08_24-AK-Situacion-epidemiologica_SGE_8505-768x511.jpg 768w, https:\/\/infoecos.com.ar\/wp-content\/uploads\/2021\/08\/2021_08_24-AK-Situacion-epidemiologica_SGE_8505-1536x1020.jpg 1536w, https:\/\/infoecos.com.ar\/wp-content\/uploads\/2021\/08\/2021_08_24-AK-Situacion-epidemiologica_SGE_8505-2048x1363.jpg 2048w, https:\/\/infoecos.com.ar\/wp-content\/uploads\/2021\/08\/2021_08_24-AK-Situacion-epidemiologica_SGE_8505-1024x682.jpg 1024w, https:\/\/infoecos.com.ar\/wp-content\/uploads\/2021\/08\/2021_08_24-AK-Situacion-epidemiologica_SGE_8505-675x450.jpg 675w\" sizes=\"auto, (max-width: 460px) 100vw, 460px\" \/><\/figure><\/div>\n\n\n\n<p class=\"wp-block-paragraph\">\u201cHan regresado 7.307 de los 26.052 bonaerenses que salieron del pa\u00eds luego del 1 de julio y la inmensa mayor\u00eda cumpli\u00f3 con la normativa. Hay un 7% que se ha comportado de manera irresponsable a pesar de haber firmado una declaraci\u00f3n jurada en la que se compromet\u00edan a aislarse los primeros cuatro d\u00edas en uno de los 125 hoteles habilitados en 45 municipios\u201d, apunt\u00f3.<\/p>\n\n\n\n<p class=\"wp-block-paragraph\">\u201cHemos detectado el caso de una persona contagiada con la variante Delta pese a no haber viajado ni haber tenido contacto estrecho con alguien que lo haya hecho\u201d, afirm\u00f3 Kreplak y agreg\u00f3: \u201ces un bonaerense que vive en Lan\u00fas y se contagi\u00f3 en su \u00e1mbito de trabajo, en la Ciudad de Buenos Aires\u201d. \u201cNecesitamos sostener la b\u00fasqueda activa y el aislamiento en hoteles de quienes regresan del exterior\u201d, sostuvo.<\/p>\n\n\n\n<div class=\"wp-block-image is-style-default\"><figure class=\"aligncenter size-medium\"><img loading=\"lazy\" decoding=\"async\" width=\"460\" height=\"306\" src=\"http:\/\/infoecos.com.ar\/wp-content\/uploads\/2021\/08\/2021_08_24-AK-Situacion-epidemiologica_SGE_8474-460x306.jpg\" alt=\"\" class=\"wp-image-84094\" srcset=\"https:\/\/infoecos.com.ar\/wp-content\/uploads\/2021\/08\/2021_08_24-AK-Situacion-epidemiologica_SGE_8474-460x306.jpg 460w, https:\/\/infoecos.com.ar\/wp-content\/uploads\/2021\/08\/2021_08_24-AK-Situacion-epidemiologica_SGE_8474-920x612.jpg 920w, https:\/\/infoecos.com.ar\/wp-content\/uploads\/2021\/08\/2021_08_24-AK-Situacion-epidemiologica_SGE_8474-768x511.jpg 768w, https:\/\/infoecos.com.ar\/wp-content\/uploads\/2021\/08\/2021_08_24-AK-Situacion-epidemiologica_SGE_8474-1536x1020.jpg 1536w, https:\/\/infoecos.com.ar\/wp-content\/uploads\/2021\/08\/2021_08_24-AK-Situacion-epidemiologica_SGE_8474-2048x1363.jpg 2048w, https:\/\/infoecos.com.ar\/wp-content\/uploads\/2021\/08\/2021_08_24-AK-Situacion-epidemiologica_SGE_8474-1024x682.jpg 1024w, https:\/\/infoecos.com.ar\/wp-content\/uploads\/2021\/08\/2021_08_24-AK-Situacion-epidemiologica_SGE_8474-675x450.jpg 675w\" sizes=\"auto, (max-width: 460px) 100vw, 460px\" \/><\/figure><\/div>\n\n\n\n<p class=\"wp-block-paragraph\">Respecto de la distribuci\u00f3n de vacunas Kreplak afirm\u00f3: \u201cEn la Provincia no hay ninguna vacuna stockeada ni guardada en heladeras. Est\u00e1n todas en proceso de ser utilizadas\u201d.<\/p>\n","protected":false},"excerpt":{"rendered":"<p>\u201cHan regresado 7.307 de los 26.052 bonaerenses que salieron del pa\u00eds luego del 1 de julio y la inmensa mayor\u00eda cumpli\u00f3 con la normativa. Hay un 7% que se ha comportado de manera irresponsable\u00bb, se\u00f1al\u00f3<\/p>\n","protected":false},"author":2,"featured_media":84093,"comment_status":"closed","ping_status":"open","sticky":false,"template":"","format":"standard","meta":{"footnotes":""},"categories":[1334],"tags":[4823],"class_list":["post-84092","post","type-post","status-publish","format-standard","has-post-thumbnail","hentry","category-inferior14","tag-carlos-bianco-en-conferencia-de-prensa"],"featured_image_urls":{"full":["https:\/\/infoecos.com.ar\/wp-content\/uploads\/2021\/08\/2021_08_24-AK-Situacion-epidemiologica_SGE_8505-scaled.jpg",2560,1704,false],"thumbnail":["https:\/\/infoecos.com.ar\/wp-content\/uploads\/2021\/08\/2021_08_24-AK-Situacion-epidemiologica_SGE_8505-150x150.jpg",150,150,true],"medium":["https:\/\/infoecos.com.ar\/wp-content\/uploads\/2021\/08\/2021_08_24-AK-Situacion-epidemiologica_SGE_8505-460x306.jpg",460,306,true],"medium_large":["https:\/\/infoecos.com.ar\/wp-content\/uploads\/2021\/08\/2021_08_24-AK-Situacion-epidemiologica_SGE_8505-768x511.jpg",640,426,true],"large":["https:\/\/infoecos.com.ar\/wp-content\/uploads\/2021\/08\/2021_08_24-AK-Situacion-epidemiologica_SGE_8505-920x612.jpg",640,426,true],"1536x1536":["https:\/\/infoecos.com.ar\/wp-content\/uploads\/2021\/08\/2021_08_24-AK-Situacion-epidemiologica_SGE_8505-1536x1022.jpg",1536,1022,true],"2048x2048":["https:\/\/infoecos.com.ar\/wp-content\/uploads\/2021\/08\/2021_08_24-AK-Situacion-epidemiologica_SGE_8505-2048x1363.jpg",2048,1363,true],"covernews-slider-full":["https:\/\/infoecos.com.ar\/wp-content\/uploads\/2021\/08\/2021_08_24-AK-Situacion-epidemiologica_SGE_8505-1536x1020.jpg",1077,715,true],"covernews-slider-center":["https:\/\/infoecos.com.ar\/wp-content\/uploads\/2021\/08\/2021_08_24-AK-Situacion-epidemiologica_SGE_8505-936x897.jpg",522,500,true],"covernews-featured":["https:\/\/infoecos.com.ar\/wp-content\/uploads\/2021\/08\/2021_08_24-AK-Situacion-epidemiologica_SGE_8505-1024x682.jpg",1024,682,true],"covernews-medium":["https:\/\/infoecos.com.ar\/wp-content\/uploads\/2021\/08\/2021_08_24-AK-Situacion-epidemiologica_SGE_8505-720x380.jpg",540,285,true],"covernews-medium-square":["https:\/\/infoecos.com.ar\/wp-content\/uploads\/2021\/08\/2021_08_24-AK-Situacion-epidemiologica_SGE_8505-675x450.jpg",375,250,true]},"author_info":{"info":["Jorge Matheus"]},"category_info":"<a href=\"https:\/\/infoecos.com.ar\/index.php\/category\/inferior14\/\" rel=\"category tag\">Bloque inferior - 14<\/a>","tag_info":"Bloque inferior - 14","comment_count":"0","_links":{"self":[{"href":"https:\/\/infoecos.com.ar\/index.php\/wp-json\/wp\/v2\/posts\/84092","targetHints":{"allow":["GET"]}}],"collection":[{"href":"https:\/\/infoecos.com.ar\/index.php\/wp-json\/wp\/v2\/posts"}],"about":[{"href":"https:\/\/infoecos.com.ar\/index.php\/wp-json\/wp\/v2\/types\/post"}],"author":[{"embeddable":true,"href":"https:\/\/infoecos.com.ar\/index.php\/wp-json\/wp\/v2\/users\/2"}],"replies":[{"embeddable":true,"href":"https:\/\/infoecos.com.ar\/index.php\/wp-json\/wp\/v2\/comments?post=84092"}],"version-history":[{"count":2,"href":"https:\/\/infoecos.com.ar\/index.php\/wp-json\/wp\/v2\/posts\/84092\/revisions"}],"predecessor-version":[{"id":84299,"href":"https:\/\/infoecos.com.ar\/index.php\/wp-json\/wp\/v2\/posts\/84092\/revisions\/84299"}],"wp:featuredmedia":[{"embeddable":true,"href":"https:\/\/infoecos.com.ar\/index.php\/wp-json\/wp\/v2\/media\/84093"}],"wp:attachment":[{"href":"https:\/\/infoecos.com.ar\/index.php\/wp-json\/wp\/v2\/media?parent=84092"}],"wp:term":[{"taxonomy":"category","embeddable":true,"href":"https:\/\/infoecos.com.ar\/index.php\/wp-json\/wp\/v2\/categories?post=84092"},{"taxonomy":"post_tag","embeddable":true,"href":"https:\/\/infoecos.com.ar\/index.php\/wp-json\/wp\/v2\/tags?post=84092"}],"curies":[{"name":"wp","href":"https:\/\/api.w.org\/{rel}","templated":true}]}}