{"id":84096,"date":"2021-08-25T02:47:21","date_gmt":"2021-08-25T05:47:21","guid":{"rendered":"http:\/\/infoecos.com.ar\/?p=84096"},"modified":"2021-12-02T17:25:37","modified_gmt":"2021-12-02T20:25:37","slug":"anses-calendarios-de-pago-del-miercoles-25-de-agosto-2021","status":"publish","type":"post","link":"https:\/\/infoecos.com.ar\/index.php\/anses-calendarios-de-pago-del-miercoles-25-de-agosto-2021\/","title":{"rendered":"ANSES: calendarios de pago del mi\u00e9rcoles 25 de Agosto 2021"},"content":{"rendered":"\n<p class=\"wp-block-paragraph\"><strong>Jubilaciones&nbsp;y&nbsp;pensiones&nbsp;<\/strong><\/p>\n\n\n\n<p class=\"wp-block-paragraph\">Las sucursales bancarias habilitadas atender\u00e1n por ventanilla a jubilados, jubiladas, pensionados y pensionadas que tengan haberes entre&nbsp;<strong>25.923 pesos<\/strong>&nbsp;y<strong>&nbsp;155.203 pesos&nbsp;<\/strong>y susdocumentos terminen en&nbsp;<strong>2&nbsp;<\/strong>y<strong>&nbsp;3<\/strong>.<\/p>\n\n\n\n<p class=\"wp-block-paragraph\"><strong>Prestaci\u00f3n por Desempleo<\/strong><\/p>\n\n\n\n<p class=\"wp-block-paragraph\">Hoy perciben la Prestaci\u00f3n por Desempleo las personas cuyos documentos concluyan en&nbsp;<strong>2&nbsp;<\/strong>y<strong>&nbsp;3<\/strong>.<\/p>\n\n\n\n<p class=\"wp-block-paragraph\"><strong>Programa Alimentar<\/strong><\/p>\n\n\n\n<p class=\"wp-block-paragraph\">En el marco del&nbsp;<em>Plan Argentina contra el Hambre<\/em>&nbsp;del Ministerio de Desarrollo Social, la ANSES acompa\u00f1a con el pago del programa Alimentar. Hoy cobran titulares de la AUH con hijos e hijas de 0 a 14 a\u00f1os inclusive con documentos finalizados en&nbsp;<strong>0<\/strong>&nbsp;y&nbsp;<strong>1<\/strong>, que no poseen la tarjeta pl\u00e1stica y reciben el dinero en la misma cuenta de la prestaci\u00f3n.<\/p>\n\n\n\n<p class=\"wp-block-paragraph\"><strong>Programa Alimentario PAMI<\/strong><\/p>\n\n\n\n<p class=\"wp-block-paragraph\">En el marco del Programa Alimentario PAMI, la ANSES abona hoy el pago extraordinario equivalente al monto del bols\u00f3n de alimentos para&nbsp;jubilados, jubiladas, pensionados y pensionadas con documentos terminados en&nbsp;<strong>2&nbsp;<\/strong>y&nbsp;<strong>3&nbsp;<\/strong>cuyos<strong>&nbsp;haberes SUPEREN la suma de 25.923 pesos<\/strong>. Para m\u00e1s informaci\u00f3n se puede ingresar a&nbsp;<a rel=\"noreferrer noopener\" href=\"http:\/\/www.pami.org.ar\/programa-alimentario\" target=\"_blank\">www.pami.org.ar\/programa-alimentario<\/a>.<\/p>\n\n\n\n<p class=\"wp-block-paragraph\"><strong>Programa Repro II<\/strong><\/p>\n\n\n\n<p class=\"wp-block-paragraph\"><strong>Hoy se abona el pago a las y los beneficiarios del Programa de Recuperaci\u00f3n Productiva II (REPRO II) de la AFIP<\/strong>, para dar alivio econ\u00f3mico a las compa\u00f1\u00edas y al personal afectado por la ca\u00edda de la actividad debido al Covid-19.<\/p>\n\n\n\n<p class=\"wp-block-paragraph\">(<strong>Le\u00e1se en todos los casos, HOY COBRAN<\/strong>)<\/p>\n\n\n\n<figure class=\"wp-block-image size-large is-style-default\"><img loading=\"lazy\" decoding=\"async\" width=\"920\" height=\"518\" src=\"http:\/\/infoecos.com.ar\/wp-content\/uploads\/2021\/08\/CALENDARIO-25.08.21-JYP-920x518.png\" alt=\"\" class=\"wp-image-84097\" srcset=\"https:\/\/infoecos.com.ar\/wp-content\/uploads\/2021\/08\/CALENDARIO-25.08.21-JYP-920x518.png 920w, https:\/\/infoecos.com.ar\/wp-content\/uploads\/2021\/08\/CALENDARIO-25.08.21-JYP-460x259.png 460w, https:\/\/infoecos.com.ar\/wp-content\/uploads\/2021\/08\/CALENDARIO-25.08.21-JYP-768x432.png 768w, https:\/\/infoecos.com.ar\/wp-content\/uploads\/2021\/08\/CALENDARIO-25.08.21-JYP-1536x864.png 1536w, https:\/\/infoecos.com.ar\/wp-content\/uploads\/2021\/08\/CALENDARIO-25.08.21-JYP-1024x576.png 1024w, https:\/\/infoecos.com.ar\/wp-content\/uploads\/2021\/08\/CALENDARIO-25.08.21-JYP.png 1920w\" sizes=\"auto, (max-width: 920px) 100vw, 920px\" \/><\/figure>\n\n\n\n<figure class=\"wp-block-image size-large is-style-default\"><img loading=\"lazy\" decoding=\"async\" width=\"920\" height=\"518\" src=\"http:\/\/infoecos.com.ar\/wp-content\/uploads\/2021\/08\/CALENDARIO-25.08.21-DESEMPLEO-920x518.png\" alt=\"\" class=\"wp-image-84098\" srcset=\"https:\/\/infoecos.com.ar\/wp-content\/uploads\/2021\/08\/CALENDARIO-25.08.21-DESEMPLEO-920x518.png 920w, https:\/\/infoecos.com.ar\/wp-content\/uploads\/2021\/08\/CALENDARIO-25.08.21-DESEMPLEO-460x259.png 460w, https:\/\/infoecos.com.ar\/wp-content\/uploads\/2021\/08\/CALENDARIO-25.08.21-DESEMPLEO-768x432.png 768w, https:\/\/infoecos.com.ar\/wp-content\/uploads\/2021\/08\/CALENDARIO-25.08.21-DESEMPLEO-1536x864.png 1536w, https:\/\/infoecos.com.ar\/wp-content\/uploads\/2021\/08\/CALENDARIO-25.08.21-DESEMPLEO-1024x576.png 1024w, https:\/\/infoecos.com.ar\/wp-content\/uploads\/2021\/08\/CALENDARIO-25.08.21-DESEMPLEO.png 1921w\" sizes=\"auto, (max-width: 920px) 100vw, 920px\" \/><\/figure>\n\n\n\n<figure class=\"wp-block-image size-large is-style-default\"><img loading=\"lazy\" decoding=\"async\" width=\"920\" height=\"518\" src=\"http:\/\/infoecos.com.ar\/wp-content\/uploads\/2021\/08\/CALENDARIO-25.08.21-ALIMENTAR-920x518.png\" alt=\"\" class=\"wp-image-84099\" srcset=\"https:\/\/infoecos.com.ar\/wp-content\/uploads\/2021\/08\/CALENDARIO-25.08.21-ALIMENTAR-920x518.png 920w, https:\/\/infoecos.com.ar\/wp-content\/uploads\/2021\/08\/CALENDARIO-25.08.21-ALIMENTAR-460x259.png 460w, https:\/\/infoecos.com.ar\/wp-content\/uploads\/2021\/08\/CALENDARIO-25.08.21-ALIMENTAR-768x432.png 768w, https:\/\/infoecos.com.ar\/wp-content\/uploads\/2021\/08\/CALENDARIO-25.08.21-ALIMENTAR-1536x864.png 1536w, https:\/\/infoecos.com.ar\/wp-content\/uploads\/2021\/08\/CALENDARIO-25.08.21-ALIMENTAR-1024x576.png 1024w, https:\/\/infoecos.com.ar\/wp-content\/uploads\/2021\/08\/CALENDARIO-25.08.21-ALIMENTAR.png 1920w\" sizes=\"auto, (max-width: 920px) 100vw, 920px\" \/><\/figure>\n","protected":false},"excerpt":{"rendered":"<p>Hoy se abonan jubilaciones, pensiones, Prestaci\u00f3n por Desempleo y los programas Alimentar, Alimentario PAMI y Repro II<\/p>\n","protected":false},"author":2,"featured_media":64649,"comment_status":"closed","ping_status":"open","sticky":false,"template":"","format":"standard","meta":{"footnotes":""},"categories":[24],"tags":[4632],"class_list":["post-84096","post","type-post","status-publish","format-standard","has-post-thumbnail","hentry","category-c1nota3","tag-sistema-previsional"],"featured_image_urls":{"full":["https:\/\/infoecos.com.ar\/wp-content\/uploads\/lvp.anses_.jpg",1024,679,false],"thumbnail":["https:\/\/infoecos.com.ar\/wp-content\/uploads\/lvp.anses_-150x150.jpg",150,150,true],"medium":["https:\/\/infoecos.com.ar\/wp-content\/uploads\/lvp.anses_-460x305.jpg",460,305,true],"medium_large":["https:\/\/infoecos.com.ar\/wp-content\/uploads\/lvp.anses_-768x509.jpg",640,424,true],"large":["https:\/\/infoecos.com.ar\/wp-content\/uploads\/lvp.anses_-920x610.jpg",640,424,true],"1536x1536":["https:\/\/infoecos.com.ar\/wp-content\/uploads\/lvp.anses_.jpg",1024,679,false],"2048x2048":["https:\/\/infoecos.com.ar\/wp-content\/uploads\/lvp.anses_.jpg",1024,679,false],"covernews-slider-full":["https:\/\/infoecos.com.ar\/wp-content\/uploads\/lvp.anses_.jpg",1024,679,false],"covernews-slider-center":["https:\/\/infoecos.com.ar\/wp-content\/uploads\/lvp.anses_-936x679.jpg",689,500,true],"covernews-featured":["https:\/\/infoecos.com.ar\/wp-content\/uploads\/lvp.anses_.jpg",1024,679,false],"covernews-medium":["https:\/\/infoecos.com.ar\/wp-content\/uploads\/lvp.anses_-720x380.jpg",540,285,true],"covernews-medium-square":["https:\/\/infoecos.com.ar\/wp-content\/uploads\/lvp.anses_-675x450.jpg",375,250,true]},"author_info":{"info":["Jorge Matheus"]},"category_info":"<a href=\"https:\/\/infoecos.com.ar\/index.php\/category\/c1nota3\/\" rel=\"category tag\">C1 N3<\/a>","tag_info":"C1 N3","comment_count":"0","_links":{"self":[{"href":"https:\/\/infoecos.com.ar\/index.php\/wp-json\/wp\/v2\/posts\/84096","targetHints":{"allow":["GET"]}}],"collection":[{"href":"https:\/\/infoecos.com.ar\/index.php\/wp-json\/wp\/v2\/posts"}],"about":[{"href":"https:\/\/infoecos.com.ar\/index.php\/wp-json\/wp\/v2\/types\/post"}],"author":[{"embeddable":true,"href":"https:\/\/infoecos.com.ar\/index.php\/wp-json\/wp\/v2\/users\/2"}],"replies":[{"embeddable":true,"href":"https:\/\/infoecos.com.ar\/index.php\/wp-json\/wp\/v2\/comments?post=84096"}],"version-history":[{"count":2,"href":"https:\/\/infoecos.com.ar\/index.php\/wp-json\/wp\/v2\/posts\/84096\/revisions"}],"predecessor-version":[{"id":84102,"href":"https:\/\/infoecos.com.ar\/index.php\/wp-json\/wp\/v2\/posts\/84096\/revisions\/84102"}],"wp:featuredmedia":[{"embeddable":true,"href":"https:\/\/infoecos.com.ar\/index.php\/wp-json\/wp\/v2\/media\/64649"}],"wp:attachment":[{"href":"https:\/\/infoecos.com.ar\/index.php\/wp-json\/wp\/v2\/media?parent=84096"}],"wp:term":[{"taxonomy":"category","embeddable":true,"href":"https:\/\/infoecos.com.ar\/index.php\/wp-json\/wp\/v2\/categories?post=84096"},{"taxonomy":"post_tag","embeddable":true,"href":"https:\/\/infoecos.com.ar\/index.php\/wp-json\/wp\/v2\/tags?post=84096"}],"curies":[{"name":"wp","href":"https:\/\/api.w.org\/{rel}","templated":true}]}}