{"id":84103,"date":"2021-08-25T02:57:14","date_gmt":"2021-08-25T05:57:14","guid":{"rendered":"http:\/\/infoecos.com.ar\/?p=84103"},"modified":"2021-08-26T06:11:52","modified_gmt":"2021-08-26T09:11:52","slug":"el-distrito-iii-del-colegio-de-ingenieros-con-sede-en-olavarria-invita-a-participar-de-la-disertacion-que-brindara-jose-pepe-mujica","status":"publish","type":"post","link":"https:\/\/infoecos.com.ar\/index.php\/el-distrito-iii-del-colegio-de-ingenieros-con-sede-en-olavarria-invita-a-participar-de-la-disertacion-que-brindara-jose-pepe-mujica\/","title":{"rendered":"El Distrito III del Colegio de Ingenieros con sede en Olavarr\u00eda invita a participar de la disertaci\u00f3n que brindar\u00e1 Jos\u00e9 \u00abPepe\u00bb Mujica"},"content":{"rendered":"\n<p class=\"wp-block-paragraph\">Este viernes 27 de agosto a las 18 horas, el ex presidente de Uruguay Jos\u00e9 \u00abPepe\u00bb Mujica disertar\u00e1 acerca del rol fundamental de la ciencia, la tecnolog\u00eda y la Ingenier\u00eda en el desarrollo de la regi\u00f3n que comprende el Distrito III del Colegio de Ingenieros de la Provincia de Buenos Aires.<\/p>\n\n\n\n<p class=\"wp-block-paragraph\">El evento es auspiciado por diversas instituciones de todo el pa\u00eds. Desde el Colegio de Ingenieros, a trav\u00e9s de Infoecos, se invita a la comunidad a participar del evento.<\/p>\n\n\n\n<p class=\"wp-block-paragraph\">Si se desea participar hay que completar el siguiente formulario:&nbsp;<a rel=\"noreferrer noopener\" href=\"https:\/\/forms.gle\/PevYiU7qdjLc8UXW8\" target=\"_blank\">https:\/\/forms.gle\/PevYiU7qdjLc8UXW8<\/a><\/p>\n\n\n\n<p class=\"wp-block-paragraph\"><strong>Direccion:&nbsp;<\/strong><em>\u00c1lvaro Barros n\u00ba 2946 \u2013 CP. 7400<\/em><br><strong>Telefono:&nbsp;<\/strong><em>02284-446262 \/ 428681<\/em><br><strong>E-mail:&nbsp;<a rel=\"noreferrer noopener\" href=\"mailto:colingdist3@speedy.com.ar%C2%A0\" target=\"_blank\">colingdist3@speedy.com.ar&nbsp;<\/a><\/strong><\/p>\n\n\n\n<p class=\"wp-block-paragraph\">Facebook:<a rel=\"noreferrer noopener\" href=\"https:\/\/www.facebook.com\/colegioingenierosd3\/\" target=\"_blank\">&nbsp;https:\/\/www.facebook.com\/colegioingenierosd3\/<\/a><\/p>\n\n\n\n<div class=\"wp-block-image is-style-default\"><figure class=\"aligncenter size-medium\"><img loading=\"lazy\" decoding=\"async\" width=\"460\" height=\"259\" src=\"http:\/\/infoecos.com.ar\/wp-content\/uploads\/2021\/08\/mujicapepe-460x259.jpg\" alt=\"\" class=\"wp-image-84104\" srcset=\"https:\/\/infoecos.com.ar\/wp-content\/uploads\/2021\/08\/mujicapepe-460x259.jpg 460w, https:\/\/infoecos.com.ar\/wp-content\/uploads\/2021\/08\/mujicapepe-920x518.jpg 920w, https:\/\/infoecos.com.ar\/wp-content\/uploads\/2021\/08\/mujicapepe-768x432.jpg 768w, https:\/\/infoecos.com.ar\/wp-content\/uploads\/2021\/08\/mujicapepe.jpg 1004w\" sizes=\"auto, (max-width: 460px) 100vw, 460px\" \/><\/figure><\/div>\n","protected":false},"excerpt":{"rendered":"<p>Este viernes 27 de agosto a las 18 horas   acerca del rol fundamental de la ciencia, la tecnolog\u00eda y la Ingenier\u00eda<\/p>\n","protected":false},"author":2,"featured_media":84104,"comment_status":"closed","ping_status":"open","sticky":false,"template":"","format":"standard","meta":{"footnotes":""},"categories":[1333],"tags":[4824],"class_list":["post-84103","post","type-post","status-publish","format-standard","has-post-thumbnail","hentry","category-inferior13","tag-se-debe-completar-un-formulario"],"featured_image_urls":{"full":["https:\/\/infoecos.com.ar\/wp-content\/uploads\/2021\/08\/mujicapepe.jpg",1004,565,false],"thumbnail":["https:\/\/infoecos.com.ar\/wp-content\/uploads\/2021\/08\/mujicapepe-150x150.jpg",150,150,true],"medium":["https:\/\/infoecos.com.ar\/wp-content\/uploads\/2021\/08\/mujicapepe-460x259.jpg",460,259,true],"medium_large":["https:\/\/infoecos.com.ar\/wp-content\/uploads\/2021\/08\/mujicapepe-768x432.jpg",640,360,true],"large":["https:\/\/infoecos.com.ar\/wp-content\/uploads\/2021\/08\/mujicapepe-920x518.jpg",640,360,true],"1536x1536":["https:\/\/infoecos.com.ar\/wp-content\/uploads\/2021\/08\/mujicapepe.jpg",1004,565,false],"2048x2048":["https:\/\/infoecos.com.ar\/wp-content\/uploads\/2021\/08\/mujicapepe.jpg",1004,565,false],"covernews-slider-full":["https:\/\/infoecos.com.ar\/wp-content\/uploads\/2021\/08\/mujicapepe.jpg",1004,565,false],"covernews-slider-center":["https:\/\/infoecos.com.ar\/wp-content\/uploads\/2021\/08\/mujicapepe-936x565.jpg",800,483,true],"covernews-featured":["https:\/\/infoecos.com.ar\/wp-content\/uploads\/2021\/08\/mujicapepe.jpg",1004,565,false],"covernews-medium":["https:\/\/infoecos.com.ar\/wp-content\/uploads\/2021\/08\/mujicapepe-720x380.jpg",540,285,true],"covernews-medium-square":["https:\/\/infoecos.com.ar\/wp-content\/uploads\/2021\/08\/mujicapepe-675x450.jpg",375,250,true]},"author_info":{"info":["Jorge Matheus"]},"category_info":"<a href=\"https:\/\/infoecos.com.ar\/index.php\/category\/inferior13\/\" rel=\"category tag\">Bloque inferior - 13<\/a>","tag_info":"Bloque inferior - 13","comment_count":"0","_links":{"self":[{"href":"https:\/\/infoecos.com.ar\/index.php\/wp-json\/wp\/v2\/posts\/84103","targetHints":{"allow":["GET"]}}],"collection":[{"href":"https:\/\/infoecos.com.ar\/index.php\/wp-json\/wp\/v2\/posts"}],"about":[{"href":"https:\/\/infoecos.com.ar\/index.php\/wp-json\/wp\/v2\/types\/post"}],"author":[{"embeddable":true,"href":"https:\/\/infoecos.com.ar\/index.php\/wp-json\/wp\/v2\/users\/2"}],"replies":[{"embeddable":true,"href":"https:\/\/infoecos.com.ar\/index.php\/wp-json\/wp\/v2\/comments?post=84103"}],"version-history":[{"count":2,"href":"https:\/\/infoecos.com.ar\/index.php\/wp-json\/wp\/v2\/posts\/84103\/revisions"}],"predecessor-version":[{"id":84298,"href":"https:\/\/infoecos.com.ar\/index.php\/wp-json\/wp\/v2\/posts\/84103\/revisions\/84298"}],"wp:featuredmedia":[{"embeddable":true,"href":"https:\/\/infoecos.com.ar\/index.php\/wp-json\/wp\/v2\/media\/84104"}],"wp:attachment":[{"href":"https:\/\/infoecos.com.ar\/index.php\/wp-json\/wp\/v2\/media?parent=84103"}],"wp:term":[{"taxonomy":"category","embeddable":true,"href":"https:\/\/infoecos.com.ar\/index.php\/wp-json\/wp\/v2\/categories?post=84103"},{"taxonomy":"post_tag","embeddable":true,"href":"https:\/\/infoecos.com.ar\/index.php\/wp-json\/wp\/v2\/tags?post=84103"}],"curies":[{"name":"wp","href":"https:\/\/api.w.org\/{rel}","templated":true}]}}