{"id":84132,"date":"2021-08-25T05:12:22","date_gmt":"2021-08-25T08:12:22","guid":{"rendered":"http:\/\/infoecos.com.ar\/?p=84132"},"modified":"2021-12-02T17:24:53","modified_gmt":"2021-12-02T20:24:53","slug":"beruti-esta-cumpliendo-131-anos-y-esta-tarde-se-realizara-el-acto-central-a-partir-de-las-14","status":"publish","type":"post","link":"https:\/\/infoecos.com.ar\/index.php\/beruti-esta-cumpliendo-131-anos-y-esta-tarde-se-realizara-el-acto-central-a-partir-de-las-14\/","title":{"rendered":"Beruti est\u00e1 cumpliendo 131 a\u00f1os y hoy a las 14 se realizar\u00e1 el acto central"},"content":{"rendered":"\n<p class=\"wp-block-paragraph\">Hoy, a partir de las 14, se realizar\u00e1 el acto central por el 131 aniversario de la localidad de Beruti.<\/p>\n\n\n\n<p class=\"wp-block-paragraph\">Se llevar\u00e1 a cabo en el Centro Cultural La Luisa organizado en forma conjunta por las autoridades del Jard\u00edn n\u00famero 904 \u00abJorge Alberto Simini\u00bb y la Delegaci\u00f3n Municipal. Ser\u00e1 encabezado por el intendente Miguel Fern\u00e1ndez, y el delegado Fabio Villarreal, quien asumi\u00f3 el cargo la semana pasada.<\/p>\n\n\n\n<div class=\"wp-block-image is-style-default\"><figure class=\"aligncenter size-medium\"><img loading=\"lazy\" decoding=\"async\" width=\"460\" height=\"305\" src=\"http:\/\/infoecos.com.ar\/wp-content\/uploads\/2021\/08\/berutiestacion1-460x305.jpg\" alt=\"\" class=\"wp-image-84133\" srcset=\"https:\/\/infoecos.com.ar\/wp-content\/uploads\/2021\/08\/berutiestacion1-460x305.jpg 460w, https:\/\/infoecos.com.ar\/wp-content\/uploads\/2021\/08\/berutiestacion1.jpg 686w\" sizes=\"auto, (max-width: 460px) 100vw, 460px\" \/><\/figure><\/div>\n\n\n\n<p class=\"wp-block-paragraph\">Luego del acto central, que se desarrollar\u00e1 siguiendo las normas protocolares vigentes en el marco de la situaci\u00f3n sanitaria y epidemiol\u00f3gica por la pandemia de Covid-19, a las 16 se presentar\u00e1 en la p\u00e1gina de Facebook&nbsp;<strong>\u201cEl Jard\u00edn de Beruti\u201d<\/strong>&nbsp;la historia de las Instituciones educativas de la localidad.<\/p>\n\n\n\n<div class=\"wp-block-image is-style-default\"><figure class=\"aligncenter size-large is-resized\"><img loading=\"lazy\" decoding=\"async\" src=\"http:\/\/infoecos.com.ar\/wp-content\/uploads\/2021\/08\/berutiestacion.jpg\" alt=\"\" class=\"wp-image-84134\" width=\"469\" height=\"350\"\/><\/figure><\/div>\n\n\n\n<p class=\"wp-block-paragraph\">Se inform\u00f3 que tambi\u00e9n se har\u00e1 lo mismo que lo anterior con el concurso&nbsp;<strong>\u201cPasa el tiempo Beruti\u201d<\/strong>, unos juegos de pasatiempo que las personas interesadas deber\u00e1n completar hasta el viernes 10 de septiembre. Al d\u00eda siguiente se realizar\u00e1 el sorteo.<\/p>\n","protected":false},"excerpt":{"rendered":"<p>A las 16 se presentar\u00e1 en la p\u00e1gina de Facebook \u201cEl Jard\u00edn de Beruti\u201d la historia de las Instituciones educativas de la localidad<\/p>\n","protected":false},"author":2,"featured_media":84133,"comment_status":"closed","ping_status":"open","sticky":false,"template":"","format":"standard","meta":{"footnotes":""},"categories":[47],"tags":[4831],"class_list":["post-84132","post","type-post","status-publish","format-standard","has-post-thumbnail","hentry","category-c3nota2","tag-en-el-centro-cultural-la-luisa"],"featured_image_urls":{"full":["https:\/\/infoecos.com.ar\/wp-content\/uploads\/2021\/08\/berutiestacion1.jpg",686,455,false],"thumbnail":["https:\/\/infoecos.com.ar\/wp-content\/uploads\/2021\/08\/berutiestacion1-150x150.jpg",150,150,true],"medium":["https:\/\/infoecos.com.ar\/wp-content\/uploads\/2021\/08\/berutiestacion1-460x305.jpg",460,305,true],"medium_large":["https:\/\/infoecos.com.ar\/wp-content\/uploads\/2021\/08\/berutiestacion1.jpg",640,424,false],"large":["https:\/\/infoecos.com.ar\/wp-content\/uploads\/2021\/08\/berutiestacion1.jpg",640,424,false],"1536x1536":["https:\/\/infoecos.com.ar\/wp-content\/uploads\/2021\/08\/berutiestacion1.jpg",686,455,false],"2048x2048":["https:\/\/infoecos.com.ar\/wp-content\/uploads\/2021\/08\/berutiestacion1.jpg",686,455,false],"covernews-slider-full":["https:\/\/infoecos.com.ar\/wp-content\/uploads\/2021\/08\/berutiestacion1.jpg",686,455,false],"covernews-slider-center":["https:\/\/infoecos.com.ar\/wp-content\/uploads\/2021\/08\/berutiestacion1.jpg",686,455,false],"covernews-featured":["https:\/\/infoecos.com.ar\/wp-content\/uploads\/2021\/08\/berutiestacion1.jpg",686,455,false],"covernews-medium":["https:\/\/infoecos.com.ar\/wp-content\/uploads\/2021\/08\/berutiestacion1-686x380.jpg",540,299,true],"covernews-medium-square":["https:\/\/infoecos.com.ar\/wp-content\/uploads\/2021\/08\/berutiestacion1-675x450.jpg",375,250,true]},"author_info":{"info":["Jorge Matheus"]},"category_info":"<a href=\"https:\/\/infoecos.com.ar\/index.php\/category\/c3nota2\/\" rel=\"category tag\">C3 N2<\/a>","tag_info":"C3 N2","comment_count":"0","_links":{"self":[{"href":"https:\/\/infoecos.com.ar\/index.php\/wp-json\/wp\/v2\/posts\/84132","targetHints":{"allow":["GET"]}}],"collection":[{"href":"https:\/\/infoecos.com.ar\/index.php\/wp-json\/wp\/v2\/posts"}],"about":[{"href":"https:\/\/infoecos.com.ar\/index.php\/wp-json\/wp\/v2\/types\/post"}],"author":[{"embeddable":true,"href":"https:\/\/infoecos.com.ar\/index.php\/wp-json\/wp\/v2\/users\/2"}],"replies":[{"embeddable":true,"href":"https:\/\/infoecos.com.ar\/index.php\/wp-json\/wp\/v2\/comments?post=84132"}],"version-history":[{"count":2,"href":"https:\/\/infoecos.com.ar\/index.php\/wp-json\/wp\/v2\/posts\/84132\/revisions"}],"predecessor-version":[{"id":84137,"href":"https:\/\/infoecos.com.ar\/index.php\/wp-json\/wp\/v2\/posts\/84132\/revisions\/84137"}],"wp:featuredmedia":[{"embeddable":true,"href":"https:\/\/infoecos.com.ar\/index.php\/wp-json\/wp\/v2\/media\/84133"}],"wp:attachment":[{"href":"https:\/\/infoecos.com.ar\/index.php\/wp-json\/wp\/v2\/media?parent=84132"}],"wp:term":[{"taxonomy":"category","embeddable":true,"href":"https:\/\/infoecos.com.ar\/index.php\/wp-json\/wp\/v2\/categories?post=84132"},{"taxonomy":"post_tag","embeddable":true,"href":"https:\/\/infoecos.com.ar\/index.php\/wp-json\/wp\/v2\/tags?post=84132"}],"curies":[{"name":"wp","href":"https:\/\/api.w.org\/{rel}","templated":true}]}}