{"id":84191,"date":"2021-08-25T15:38:46","date_gmt":"2021-08-25T18:38:46","guid":{"rendered":"http:\/\/infoecos.com.ar\/?p=84191"},"modified":"2021-08-27T08:03:45","modified_gmt":"2021-08-27T11:03:45","slug":"confirman-que-el-teatro-espanol-de-trenque-lauquen-se-reinaugura-el-proximo-sabado-18-de-septiembre","status":"publish","type":"post","link":"https:\/\/infoecos.com.ar\/index.php\/confirman-que-el-teatro-espanol-de-trenque-lauquen-se-reinaugura-el-proximo-sabado-18-de-septiembre\/","title":{"rendered":"El Teatro Espa\u00f1ol de Trenque Lauquen se reinaugura el s\u00e1bado 18 de septiembre"},"content":{"rendered":"\n<p>La municipalidad de Trenque Lauquen dejar\u00e1 reinaugurado el Teatro Espa\u00f1ol el s\u00e1bado 18 de setiembre pr\u00f3ximo con un espect\u00e1culo integral denominado \u201cAve F\u00e9nix\u201d que tendr\u00e1 a m\u00e1s de 80 artistas locales en escena.<\/p>\n\n\n\n<div class=\"wp-block-image is-style-default\"><figure class=\"aligncenter size-medium\"><img loading=\"lazy\" decoding=\"async\" width=\"460\" height=\"307\" src=\"http:\/\/infoecos.com.ar\/wp-content\/uploads\/2021\/08\/Teatro-Espanol-460x307.jpg\" alt=\"\" class=\"wp-image-84192\" srcset=\"https:\/\/infoecos.com.ar\/wp-content\/uploads\/2021\/08\/Teatro-Espanol-460x307.jpg 460w, https:\/\/infoecos.com.ar\/wp-content\/uploads\/2021\/08\/Teatro-Espanol-768x512.jpg 768w, https:\/\/infoecos.com.ar\/wp-content\/uploads\/2021\/08\/Teatro-Espanol-675x450.jpg 675w, https:\/\/infoecos.com.ar\/wp-content\/uploads\/2021\/08\/Teatro-Espanol.jpg 852w\" sizes=\"(max-width: 460px) 100vw, 460px\" \/><\/figure><\/div>\n\n\n\n<p>El tan ansiado momento de la reinauguraci\u00f3n \u2013la tercera desde su fundaci\u00f3n- llega en un momento especial que marca el retorno de la actividad cultural, muy afectada por la pandemia de Covid-19, y en un edificio totalmente remodelado y adecuado a las necesidades actuales.<\/p>\n\n\n\n<p>La inversi\u00f3n realizada hasta la fecha alcanza a los 17 millones de pesos.<\/p>\n\n\n\n<p>El Intendente municipal, Miguel Fern\u00e1ndez, impuls\u00f3 la obra de refacci\u00f3n integral del Teatro, con el principal objetivo de garantizar la seguridad del edificio y poner en valor el espacio.<\/p>\n\n\n\n<p>\u201cEstamos dando respuesta a un largo anhelo y a un pedido, que es compartido por todos, de volver a tener el Teatro Espa\u00f1ol andando, seguro y acorde a lo que hoy necesitamos\u201d, hab\u00eda se\u00f1alado el Intendente, con motivo de una de las recorridas que realiz\u00f3 por el edificio.<\/p>\n\n\n\n<p>Las exigencias de seguridad, como as\u00ed tambi\u00e9n el deterioro que ven\u00eda observ\u00e1ndose, m\u00e1s los requerimientos de la Sociedad Espa\u00f1ola propietaria del lugar que oportunamente cediera en comodato el lugar, provocaron un parate en la actividad de uno de los centros culturales m\u00e1s apreciados de la regi\u00f3n. Han sido mucho los artistas de todo el pa\u00eds que han destacado la calidad ac\u00fastica del Teatro. <\/p>\n\n\n\n<p><\/p>\n\n\n\n<p><\/p>\n\n\n\n<p><\/p>\n\n\n\n<p><\/p>\n","protected":false},"excerpt":{"rendered":"<p>El Intendente municipal, Miguel Fern\u00e1ndez, impuls\u00f3 la obra de refacci\u00f3n integral del Teatro, con el principal objetivo de garantizar la seguridad del edificio y poner en valor el espacio<\/p>\n","protected":false},"author":2,"featured_media":84192,"comment_status":"closed","ping_status":"open","sticky":false,"template":"","format":"standard","meta":{"footnotes":""},"categories":[1643],"tags":[4836],"class_list":["post-84191","post","type-post","status-publish","format-standard","has-post-thumbnail","hentry","category-inferior16","tag-con-un-espectaculo-local-denominado-ave-fenix"],"yoast_head":"<!-- This site is optimized with the Yoast SEO plugin v23.4 - https:\/\/yoast.com\/wordpress\/plugins\/seo\/ -->\n<title>El Teatro Espa\u00f1ol de Trenque Lauquen se reinaugura el s\u00e1bado 18 de septiembre - Infoecos<\/title>\n<meta name=\"robots\" content=\"index, follow, max-snippet:-1, max-image-preview:large, max-video-preview:-1\" \/>\n<link rel=\"canonical\" href=\"https:\/\/infoecos.com.ar\/index.php\/confirman-que-el-teatro-espanol-de-trenque-lauquen-se-reinaugura-el-proximo-sabado-18-de-septiembre\/\" \/>\n<meta property=\"og:locale\" content=\"es_ES\" \/>\n<meta property=\"og:type\" content=\"article\" \/>\n<meta property=\"og:title\" content=\"El Teatro Espa\u00f1ol de Trenque Lauquen se reinaugura el s\u00e1bado 18 de septiembre - Infoecos\" \/>\n<meta property=\"og:description\" content=\"El Intendente municipal, Miguel Fern\u00e1ndez, impuls\u00f3 la obra de refacci\u00f3n integral del Teatro, con el principal objetivo de garantizar la seguridad del edificio y poner en valor el espacio\" \/>\n<meta property=\"og:url\" content=\"https:\/\/infoecos.com.ar\/index.php\/confirman-que-el-teatro-espanol-de-trenque-lauquen-se-reinaugura-el-proximo-sabado-18-de-septiembre\/\" \/>\n<meta property=\"og:site_name\" content=\"Infoecos\" \/>\n<meta property=\"article:publisher\" content=\"https:\/\/www.facebook.com\/profile.php?id=100063200290284\" \/>\n<meta property=\"article:published_time\" content=\"2021-08-25T18:38:46+00:00\" \/>\n<meta property=\"article:modified_time\" content=\"2021-08-27T11:03:45+00:00\" \/>\n<meta property=\"og:image\" content=\"https:\/\/infoecos.com.ar\/wp-content\/uploads\/2021\/08\/Teatro-Espanol.jpg\" \/>\n\t<meta property=\"og:image:width\" content=\"852\" \/>\n\t<meta property=\"og:image:height\" content=\"568\" \/>\n\t<meta property=\"og:image:type\" content=\"image\/jpeg\" \/>\n<meta name=\"author\" content=\"Jorge Matheus\" \/>\n<meta name=\"twitter:card\" content=\"summary_large_image\" \/>\n<meta name=\"twitter:creator\" content=\"@infoecos\" \/>\n<meta name=\"twitter:site\" content=\"@infoecos\" \/>\n<meta name=\"twitter:label1\" content=\"Escrito por\" \/>\n\t<meta name=\"twitter:data1\" content=\"Jorge Matheus\" \/>\n\t<meta name=\"twitter:label2\" content=\"Tiempo de lectura\" \/>\n\t<meta name=\"twitter:data2\" content=\"1 minuto\" \/>\n<script type=\"application\/ld+json\" class=\"yoast-schema-graph\">{\"@context\":\"https:\/\/schema.org\",\"@graph\":[{\"@type\":\"Article\",\"@id\":\"https:\/\/infoecos.com.ar\/index.php\/confirman-que-el-teatro-espanol-de-trenque-lauquen-se-reinaugura-el-proximo-sabado-18-de-septiembre\/#article\",\"isPartOf\":{\"@id\":\"https:\/\/infoecos.com.ar\/index.php\/confirman-que-el-teatro-espanol-de-trenque-lauquen-se-reinaugura-el-proximo-sabado-18-de-septiembre\/\"},\"author\":{\"name\":\"Jorge Matheus\",\"@id\":\"https:\/\/infoecos.com.ar\/#\/schema\/person\/8f5ace5ce73b4b4aac4b7245aee6f191\"},\"headline\":\"El Teatro Espa\u00f1ol de Trenque Lauquen se reinaugura el s\u00e1bado 18 de septiembre\",\"datePublished\":\"2021-08-25T18:38:46+00:00\",\"dateModified\":\"2021-08-27T11:03:45+00:00\",\"mainEntityOfPage\":{\"@id\":\"https:\/\/infoecos.com.ar\/index.php\/confirman-que-el-teatro-espanol-de-trenque-lauquen-se-reinaugura-el-proximo-sabado-18-de-septiembre\/\"},\"wordCount\":264,\"publisher\":{\"@id\":\"https:\/\/infoecos.com.ar\/#organization\"},\"image\":{\"@id\":\"https:\/\/infoecos.com.ar\/index.php\/confirman-que-el-teatro-espanol-de-trenque-lauquen-se-reinaugura-el-proximo-sabado-18-de-septiembre\/#primaryimage\"},\"thumbnailUrl\":\"https:\/\/infoecos.com.ar\/wp-content\/uploads\/2021\/08\/Teatro-Espanol.jpg\",\"keywords\":[\"CON UN ESPECT\u00c1CULO LOCAL DENOMINADO AVE F\u00c9NIX\"],\"articleSection\":[\"Bloque inferior - 16\"],\"inLanguage\":\"es\"},{\"@type\":\"WebPage\",\"@id\":\"https:\/\/infoecos.com.ar\/index.php\/confirman-que-el-teatro-espanol-de-trenque-lauquen-se-reinaugura-el-proximo-sabado-18-de-septiembre\/\",\"url\":\"https:\/\/infoecos.com.ar\/index.php\/confirman-que-el-teatro-espanol-de-trenque-lauquen-se-reinaugura-el-proximo-sabado-18-de-septiembre\/\",\"name\":\"El Teatro Espa\u00f1ol de Trenque Lauquen se reinaugura el s\u00e1bado 18 de septiembre - Infoecos\",\"isPartOf\":{\"@id\":\"https:\/\/infoecos.com.ar\/#website\"},\"primaryImageOfPage\":{\"@id\":\"https:\/\/infoecos.com.ar\/index.php\/confirman-que-el-teatro-espanol-de-trenque-lauquen-se-reinaugura-el-proximo-sabado-18-de-septiembre\/#primaryimage\"},\"image\":{\"@id\":\"https:\/\/infoecos.com.ar\/index.php\/confirman-que-el-teatro-espanol-de-trenque-lauquen-se-reinaugura-el-proximo-sabado-18-de-septiembre\/#primaryimage\"},\"thumbnailUrl\":\"https:\/\/infoecos.com.ar\/wp-content\/uploads\/2021\/08\/Teatro-Espanol.jpg\",\"datePublished\":\"2021-08-25T18:38:46+00:00\",\"dateModified\":\"2021-08-27T11:03:45+00:00\",\"breadcrumb\":{\"@id\":\"https:\/\/infoecos.com.ar\/index.php\/confirman-que-el-teatro-espanol-de-trenque-lauquen-se-reinaugura-el-proximo-sabado-18-de-septiembre\/#breadcrumb\"},\"inLanguage\":\"es\",\"potentialAction\":[{\"@type\":\"ReadAction\",\"target\":[\"https:\/\/infoecos.com.ar\/index.php\/confirman-que-el-teatro-espanol-de-trenque-lauquen-se-reinaugura-el-proximo-sabado-18-de-septiembre\/\"]}]},{\"@type\":\"ImageObject\",\"inLanguage\":\"es\",\"@id\":\"https:\/\/infoecos.com.ar\/index.php\/confirman-que-el-teatro-espanol-de-trenque-lauquen-se-reinaugura-el-proximo-sabado-18-de-septiembre\/#primaryimage\",\"url\":\"https:\/\/infoecos.com.ar\/wp-content\/uploads\/2021\/08\/Teatro-Espanol.jpg\",\"contentUrl\":\"https:\/\/infoecos.com.ar\/wp-content\/uploads\/2021\/08\/Teatro-Espanol.jpg\",\"width\":852,\"height\":568},{\"@type\":\"BreadcrumbList\",\"@id\":\"https:\/\/infoecos.com.ar\/index.php\/confirman-que-el-teatro-espanol-de-trenque-lauquen-se-reinaugura-el-proximo-sabado-18-de-septiembre\/#breadcrumb\",\"itemListElement\":[{\"@type\":\"ListItem\",\"position\":1,\"name\":\"Portada\",\"item\":\"https:\/\/infoecos.com.ar\/\"},{\"@type\":\"ListItem\",\"position\":2,\"name\":\"El Teatro Espa\u00f1ol de Trenque Lauquen se reinaugura el s\u00e1bado 18 de septiembre\"}]},{\"@type\":\"WebSite\",\"@id\":\"https:\/\/infoecos.com.ar\/#website\",\"url\":\"https:\/\/infoecos.com.ar\/\",\"name\":\"Infoecos\",\"description\":\"Noticias de trenque lauquen y la zona\",\"publisher\":{\"@id\":\"https:\/\/infoecos.com.ar\/#organization\"},\"alternateName\":\"Noticias\",\"potentialAction\":[{\"@type\":\"SearchAction\",\"target\":{\"@type\":\"EntryPoint\",\"urlTemplate\":\"https:\/\/infoecos.com.ar\/?s={search_term_string}\"},\"query-input\":{\"@type\":\"PropertyValueSpecification\",\"valueRequired\":true,\"valueName\":\"search_term_string\"}}],\"inLanguage\":\"es\"},{\"@type\":\"Organization\",\"@id\":\"https:\/\/infoecos.com.ar\/#organization\",\"name\":\"Infoecos\",\"alternateName\":\"Noticias\",\"url\":\"https:\/\/infoecos.com.ar\/\",\"logo\":{\"@type\":\"ImageObject\",\"inLanguage\":\"es\",\"@id\":\"https:\/\/infoecos.com.ar\/#\/schema\/logo\/image\/\",\"url\":\"https:\/\/infoecos.com.ar\/wp-content\/uploads\/2024\/03\/cropped-logo.png\",\"contentUrl\":\"https:\/\/infoecos.com.ar\/wp-content\/uploads\/2024\/03\/cropped-logo.png\",\"width\":374,\"height\":90,\"caption\":\"Infoecos\"},\"image\":{\"@id\":\"https:\/\/infoecos.com.ar\/#\/schema\/logo\/image\/\"},\"sameAs\":[\"https:\/\/www.facebook.com\/profile.php?id=100063200290284\",\"https:\/\/x.com\/infoecos\"]},{\"@type\":\"Person\",\"@id\":\"https:\/\/infoecos.com.ar\/#\/schema\/person\/8f5ace5ce73b4b4aac4b7245aee6f191\",\"name\":\"Jorge Matheus\",\"url\":\"https:\/\/infoecos.com.ar\/index.php\/author\/jomatheus\/\"}]}<\/script>\n<!-- \/ Yoast SEO plugin. -->","yoast_head_json":{"title":"El Teatro Espa\u00f1ol de Trenque Lauquen se reinaugura el s\u00e1bado 18 de septiembre - Infoecos","robots":{"index":"index","follow":"follow","max-snippet":"max-snippet:-1","max-image-preview":"max-image-preview:large","max-video-preview":"max-video-preview:-1"},"canonical":"https:\/\/infoecos.com.ar\/index.php\/confirman-que-el-teatro-espanol-de-trenque-lauquen-se-reinaugura-el-proximo-sabado-18-de-septiembre\/","og_locale":"es_ES","og_type":"article","og_title":"El Teatro Espa\u00f1ol de Trenque Lauquen se reinaugura el s\u00e1bado 18 de septiembre - Infoecos","og_description":"El Intendente municipal, Miguel Fern\u00e1ndez, impuls\u00f3 la obra de refacci\u00f3n integral del Teatro, con el principal objetivo de garantizar la seguridad del edificio y poner en valor el espacio","og_url":"https:\/\/infoecos.com.ar\/index.php\/confirman-que-el-teatro-espanol-de-trenque-lauquen-se-reinaugura-el-proximo-sabado-18-de-septiembre\/","og_site_name":"Infoecos","article_publisher":"https:\/\/www.facebook.com\/profile.php?id=100063200290284","article_published_time":"2021-08-25T18:38:46+00:00","article_modified_time":"2021-08-27T11:03:45+00:00","og_image":[{"width":852,"height":568,"url":"https:\/\/infoecos.com.ar\/wp-content\/uploads\/2021\/08\/Teatro-Espanol.jpg","type":"image\/jpeg"}],"author":"Jorge Matheus","twitter_card":"summary_large_image","twitter_creator":"@infoecos","twitter_site":"@infoecos","twitter_misc":{"Escrito por":"Jorge Matheus","Tiempo de lectura":"1 minuto"},"schema":{"@context":"https:\/\/schema.org","@graph":[{"@type":"Article","@id":"https:\/\/infoecos.com.ar\/index.php\/confirman-que-el-teatro-espanol-de-trenque-lauquen-se-reinaugura-el-proximo-sabado-18-de-septiembre\/#article","isPartOf":{"@id":"https:\/\/infoecos.com.ar\/index.php\/confirman-que-el-teatro-espanol-de-trenque-lauquen-se-reinaugura-el-proximo-sabado-18-de-septiembre\/"},"author":{"name":"Jorge Matheus","@id":"https:\/\/infoecos.com.ar\/#\/schema\/person\/8f5ace5ce73b4b4aac4b7245aee6f191"},"headline":"El Teatro Espa\u00f1ol de Trenque Lauquen se reinaugura el s\u00e1bado 18 de septiembre","datePublished":"2021-08-25T18:38:46+00:00","dateModified":"2021-08-27T11:03:45+00:00","mainEntityOfPage":{"@id":"https:\/\/infoecos.com.ar\/index.php\/confirman-que-el-teatro-espanol-de-trenque-lauquen-se-reinaugura-el-proximo-sabado-18-de-septiembre\/"},"wordCount":264,"publisher":{"@id":"https:\/\/infoecos.com.ar\/#organization"},"image":{"@id":"https:\/\/infoecos.com.ar\/index.php\/confirman-que-el-teatro-espanol-de-trenque-lauquen-se-reinaugura-el-proximo-sabado-18-de-septiembre\/#primaryimage"},"thumbnailUrl":"https:\/\/infoecos.com.ar\/wp-content\/uploads\/2021\/08\/Teatro-Espanol.jpg","keywords":["CON UN ESPECT\u00c1CULO LOCAL DENOMINADO AVE F\u00c9NIX"],"articleSection":["Bloque inferior - 16"],"inLanguage":"es"},{"@type":"WebPage","@id":"https:\/\/infoecos.com.ar\/index.php\/confirman-que-el-teatro-espanol-de-trenque-lauquen-se-reinaugura-el-proximo-sabado-18-de-septiembre\/","url":"https:\/\/infoecos.com.ar\/index.php\/confirman-que-el-teatro-espanol-de-trenque-lauquen-se-reinaugura-el-proximo-sabado-18-de-septiembre\/","name":"El Teatro Espa\u00f1ol de Trenque Lauquen se reinaugura el s\u00e1bado 18 de septiembre - Infoecos","isPartOf":{"@id":"https:\/\/infoecos.com.ar\/#website"},"primaryImageOfPage":{"@id":"https:\/\/infoecos.com.ar\/index.php\/confirman-que-el-teatro-espanol-de-trenque-lauquen-se-reinaugura-el-proximo-sabado-18-de-septiembre\/#primaryimage"},"image":{"@id":"https:\/\/infoecos.com.ar\/index.php\/confirman-que-el-teatro-espanol-de-trenque-lauquen-se-reinaugura-el-proximo-sabado-18-de-septiembre\/#primaryimage"},"thumbnailUrl":"https:\/\/infoecos.com.ar\/wp-content\/uploads\/2021\/08\/Teatro-Espanol.jpg","datePublished":"2021-08-25T18:38:46+00:00","dateModified":"2021-08-27T11:03:45+00:00","breadcrumb":{"@id":"https:\/\/infoecos.com.ar\/index.php\/confirman-que-el-teatro-espanol-de-trenque-lauquen-se-reinaugura-el-proximo-sabado-18-de-septiembre\/#breadcrumb"},"inLanguage":"es","potentialAction":[{"@type":"ReadAction","target":["https:\/\/infoecos.com.ar\/index.php\/confirman-que-el-teatro-espanol-de-trenque-lauquen-se-reinaugura-el-proximo-sabado-18-de-septiembre\/"]}]},{"@type":"ImageObject","inLanguage":"es","@id":"https:\/\/infoecos.com.ar\/index.php\/confirman-que-el-teatro-espanol-de-trenque-lauquen-se-reinaugura-el-proximo-sabado-18-de-septiembre\/#primaryimage","url":"https:\/\/infoecos.com.ar\/wp-content\/uploads\/2021\/08\/Teatro-Espanol.jpg","contentUrl":"https:\/\/infoecos.com.ar\/wp-content\/uploads\/2021\/08\/Teatro-Espanol.jpg","width":852,"height":568},{"@type":"BreadcrumbList","@id":"https:\/\/infoecos.com.ar\/index.php\/confirman-que-el-teatro-espanol-de-trenque-lauquen-se-reinaugura-el-proximo-sabado-18-de-septiembre\/#breadcrumb","itemListElement":[{"@type":"ListItem","position":1,"name":"Portada","item":"https:\/\/infoecos.com.ar\/"},{"@type":"ListItem","position":2,"name":"El Teatro Espa\u00f1ol de Trenque Lauquen se reinaugura el s\u00e1bado 18 de septiembre"}]},{"@type":"WebSite","@id":"https:\/\/infoecos.com.ar\/#website","url":"https:\/\/infoecos.com.ar\/","name":"Infoecos","description":"Noticias de trenque lauquen y la zona","publisher":{"@id":"https:\/\/infoecos.com.ar\/#organization"},"alternateName":"Noticias","potentialAction":[{"@type":"SearchAction","target":{"@type":"EntryPoint","urlTemplate":"https:\/\/infoecos.com.ar\/?s={search_term_string}"},"query-input":{"@type":"PropertyValueSpecification","valueRequired":true,"valueName":"search_term_string"}}],"inLanguage":"es"},{"@type":"Organization","@id":"https:\/\/infoecos.com.ar\/#organization","name":"Infoecos","alternateName":"Noticias","url":"https:\/\/infoecos.com.ar\/","logo":{"@type":"ImageObject","inLanguage":"es","@id":"https:\/\/infoecos.com.ar\/#\/schema\/logo\/image\/","url":"https:\/\/infoecos.com.ar\/wp-content\/uploads\/2024\/03\/cropped-logo.png","contentUrl":"https:\/\/infoecos.com.ar\/wp-content\/uploads\/2024\/03\/cropped-logo.png","width":374,"height":90,"caption":"Infoecos"},"image":{"@id":"https:\/\/infoecos.com.ar\/#\/schema\/logo\/image\/"},"sameAs":["https:\/\/www.facebook.com\/profile.php?id=100063200290284","https:\/\/x.com\/infoecos"]},{"@type":"Person","@id":"https:\/\/infoecos.com.ar\/#\/schema\/person\/8f5ace5ce73b4b4aac4b7245aee6f191","name":"Jorge Matheus","url":"https:\/\/infoecos.com.ar\/index.php\/author\/jomatheus\/"}]}},"featured_image_urls":{"full":["https:\/\/infoecos.com.ar\/wp-content\/uploads\/2021\/08\/Teatro-Espanol.jpg",852,568,false],"thumbnail":["https:\/\/infoecos.com.ar\/wp-content\/uploads\/2021\/08\/Teatro-Espanol-150x150.jpg",150,150,true],"medium":["https:\/\/infoecos.com.ar\/wp-content\/uploads\/2021\/08\/Teatro-Espanol-460x307.jpg",460,307,true],"medium_large":["https:\/\/infoecos.com.ar\/wp-content\/uploads\/2021\/08\/Teatro-Espanol-768x512.jpg",640,427,true],"large":["https:\/\/infoecos.com.ar\/wp-content\/uploads\/2021\/08\/Teatro-Espanol.jpg",640,427,false],"1536x1536":["https:\/\/infoecos.com.ar\/wp-content\/uploads\/2021\/08\/Teatro-Espanol.jpg",852,568,false],"2048x2048":["https:\/\/infoecos.com.ar\/wp-content\/uploads\/2021\/08\/Teatro-Espanol.jpg",852,568,false],"covernews-slider-full":["https:\/\/infoecos.com.ar\/wp-content\/uploads\/2021\/08\/Teatro-Espanol.jpg",852,568,false],"covernews-slider-center":["https:\/\/infoecos.com.ar\/wp-content\/uploads\/2021\/08\/Teatro-Espanol.jpg",750,500,false],"covernews-featured":["https:\/\/infoecos.com.ar\/wp-content\/uploads\/2021\/08\/Teatro-Espanol.jpg",852,568,false],"covernews-medium":["https:\/\/infoecos.com.ar\/wp-content\/uploads\/2021\/08\/Teatro-Espanol-720x380.jpg",540,285,true],"covernews-medium-square":["https:\/\/infoecos.com.ar\/wp-content\/uploads\/2021\/08\/Teatro-Espanol-675x450.jpg",375,250,true]},"author_info":{"info":["Jorge Matheus"]},"category_info":"<a href=\"https:\/\/infoecos.com.ar\/index.php\/category\/inferior16\/\" rel=\"category tag\">Bloque inferior - 16<\/a>","tag_info":"Bloque inferior - 16","comment_count":"0","_links":{"self":[{"href":"https:\/\/infoecos.com.ar\/index.php\/wp-json\/wp\/v2\/posts\/84191"}],"collection":[{"href":"https:\/\/infoecos.com.ar\/index.php\/wp-json\/wp\/v2\/posts"}],"about":[{"href":"https:\/\/infoecos.com.ar\/index.php\/wp-json\/wp\/v2\/types\/post"}],"author":[{"embeddable":true,"href":"https:\/\/infoecos.com.ar\/index.php\/wp-json\/wp\/v2\/users\/2"}],"replies":[{"embeddable":true,"href":"https:\/\/infoecos.com.ar\/index.php\/wp-json\/wp\/v2\/comments?post=84191"}],"version-history":[{"count":2,"href":"https:\/\/infoecos.com.ar\/index.php\/wp-json\/wp\/v2\/posts\/84191\/revisions"}],"predecessor-version":[{"id":84232,"href":"https:\/\/infoecos.com.ar\/index.php\/wp-json\/wp\/v2\/posts\/84191\/revisions\/84232"}],"wp:featuredmedia":[{"embeddable":true,"href":"https:\/\/infoecos.com.ar\/index.php\/wp-json\/wp\/v2\/media\/84192"}],"wp:attachment":[{"href":"https:\/\/infoecos.com.ar\/index.php\/wp-json\/wp\/v2\/media?parent=84191"}],"wp:term":[{"taxonomy":"category","embeddable":true,"href":"https:\/\/infoecos.com.ar\/index.php\/wp-json\/wp\/v2\/categories?post=84191"},{"taxonomy":"post_tag","embeddable":true,"href":"https:\/\/infoecos.com.ar\/index.php\/wp-json\/wp\/v2\/tags?post=84191"}],"curies":[{"name":"wp","href":"https:\/\/api.w.org\/{rel}","templated":true}]}}