{"id":84197,"date":"2021-08-25T16:30:40","date_gmt":"2021-08-25T19:30:40","guid":{"rendered":"http:\/\/infoecos.com.ar\/?p=84197"},"modified":"2021-12-02T17:20:59","modified_gmt":"2021-12-02T20:20:59","slug":"los-trabajos-de-refaccion-del-teatro-espanol-han-sido-un-lindo-desafio-senalo-el-ingeniero-mauricio-girardi","status":"publish","type":"post","link":"https:\/\/infoecos.com.ar\/index.php\/los-trabajos-de-refaccion-del-teatro-espanol-han-sido-un-lindo-desafio-senalo-el-ingeniero-mauricio-girardi\/","title":{"rendered":"\u00abLos trabajos de refacci\u00f3n del Teatro Espa\u00f1ol han sido un lindo desaf\u00edo\u00bb, se\u00f1al\u00f3 el ingeniero Mauricio Girardi"},"content":{"rendered":"\n<p>\u201cPara nosotros es todo un orgullo haber podido trabajar en el Teatro Espa\u00f1ol porque es una obra de arte y nosotros no estamos acostumbrados a este tipo de obras, y ac\u00e1 la obra ten\u00eda otro valor porque ten\u00edas que conservar lo que hab\u00eda para recuperarlo y fue lindo porque fue un desaf\u00edo en ese sentido\u201d, coment\u00f3 el ingeniero Mauricio Girardi, qui\u00e9n condujo la realizaci\u00f3n.&nbsp;<\/p>\n\n\n\n<div class=\"wp-block-image is-style-default\"><figure class=\"aligncenter size-medium\"><img loading=\"lazy\" decoding=\"async\" width=\"460\" height=\"307\" src=\"http:\/\/infoecos.com.ar\/wp-content\/uploads\/Teatro-Espa\u00f1ol-4-460x307.jpg\" alt=\"\" class=\"wp-image-64244\" srcset=\"https:\/\/infoecos.com.ar\/wp-content\/uploads\/Teatro-Espa\u00f1ol-4-460x307.jpg 460w, https:\/\/infoecos.com.ar\/wp-content\/uploads\/Teatro-Espa\u00f1ol-4-768x512.jpg 768w, https:\/\/infoecos.com.ar\/wp-content\/uploads\/Teatro-Espa\u00f1ol-4-675x450.jpg 675w, https:\/\/infoecos.com.ar\/wp-content\/uploads\/Teatro-Espa\u00f1ol-4.jpg 912w\" sizes=\"(max-width: 460px) 100vw, 460px\" \/><figcaption>Trabajos en el Teatro Espa\u00f1ol<\/figcaption><\/figure><\/div>\n\n\n\n<p>\u201cLa obra m\u00e1s grande de refuncionalizaci\u00f3n que se realiz\u00f3 en el edificio consisti\u00f3 en una&nbsp;adaptaci\u00f3n para que pueda ser habilitado en lo que hace a salidas de emergencia, instalaci\u00f3n contra incendios y accesibilidad\u201d, explic\u00f3.<\/p>\n\n\n\n<p>\u201cLas dos salidas de emergencia laterales fueron la modificaci\u00f3n estructural del Teatro Espa\u00f1ol, porque se le hicieron salidas hacia el sector derecho y al sector izquierdo desde la sala; una salida hacia el sector izquierdo en la primera bandeja y a su vez&nbsp; a la salida desde la segunda bandeja (gallinero) a la escalera se le hizo una salida directa de emergencia hacia la oficina de la Sociedad Espa\u00f1ola\u201d, detall\u00f3 Girardi.<\/p>\n\n\n\n<p>Adem\u00e1s se\u00f1al\u00f3 que \u201clos dos sectores laterales del Teatro Espa\u00f1ol funcionan como escapes de emergencia y como patios\u201d y dijo que \u201cse reubicaron las oficinas de la Sociedad Espa\u00f1ola y lo que antes se usaba como sal\u00f3n de alquiler, arm\u00e1ndose una nueva oficina para la Sociedad Espa\u00f1ola con un dep\u00f3sito y dependencias de ba\u00f1os y cocina adaptado todo a la circulaci\u00f3n de la salida de emergencia de la sala y de las bandejas\u201d.<\/p>\n\n\n\n<div class=\"wp-block-image is-style-default\"><figure class=\"aligncenter size-medium\"><img loading=\"lazy\" decoding=\"async\" width=\"460\" height=\"307\" src=\"http:\/\/infoecos.com.ar\/wp-content\/uploads\/2020\/09\/TEATRO-ESPANOL-460x307.jpg\" alt=\"\" class=\"wp-image-68062\" srcset=\"https:\/\/infoecos.com.ar\/wp-content\/uploads\/2020\/09\/TEATRO-ESPANOL-460x307.jpg 460w, https:\/\/infoecos.com.ar\/wp-content\/uploads\/2020\/09\/TEATRO-ESPANOL-768x512.jpg 768w, https:\/\/infoecos.com.ar\/wp-content\/uploads\/2020\/09\/TEATRO-ESPANOL-675x450.jpg 675w, https:\/\/infoecos.com.ar\/wp-content\/uploads\/2020\/09\/TEATRO-ESPANOL.jpg 864w\" sizes=\"(max-width: 460px) 100vw, 460px\" \/><figcaption>Restauraci\u00f3n del mural que tiene pintado en la cubierta interior<\/figcaption><\/figure><\/div>\n\n\n\n<p>Las obras en el edificio tambi\u00e9n incluyeron \u201cla reparaci\u00f3n de los patios, se hicieron reparaciones del dep\u00f3sito y talleres y se agreg\u00f3 el montacargas que tambi\u00e9n funciona como ascensor pero tiene caracter\u00edsticas mixtas, es decir que tiene los elementos de seguridad para poder transportar personas y esto nos va a permitir hacer uso de los salones de la planta alta, donde tambi\u00e9n se repar\u00f3 un sal\u00f3n grande que se utilizar\u00e1 para usos m\u00faltiples\u201d.<\/p>\n\n\n\n<p>Como explic\u00f3 Girardi, el edificio contempla todos los aspectos de accesibilidad y en este sentido dijo que \u201cse construy\u00f3 un ba\u00f1o para personas con discapacidad en planta baja\u201d.<\/p>\n\n\n\n<p>Acerca de la seguridad&nbsp;del edificio coment\u00f3 que \u201cse compr\u00f3 toda la instalaci\u00f3n contra incendios y se instalaron las bombas para que el funcionamiento del equipo sea aut\u00f3nomo, tiene todos los rociadores en el sector donde m\u00e1s carga de fuego hay, que es el sector del escenario, y a su vez se hizo en toda la sala y en todas las bandejas la instalaci\u00f3n de hidrantes (mangueras con las bocas de incendio)\u201d.<\/p>\n\n\n\n<div class=\"wp-block-image is-style-default\"><figure class=\"aligncenter size-medium\"><img loading=\"lazy\" decoding=\"async\" width=\"460\" height=\"307\" src=\"http:\/\/infoecos.com.ar\/wp-content\/uploads\/2020\/09\/TEATRO-ESPANOL-5-460x307.jpg\" alt=\"\" class=\"wp-image-68061\" srcset=\"https:\/\/infoecos.com.ar\/wp-content\/uploads\/2020\/09\/TEATRO-ESPANOL-5-460x307.jpg 460w, https:\/\/infoecos.com.ar\/wp-content\/uploads\/2020\/09\/TEATRO-ESPANOL-5-768x512.jpg 768w, https:\/\/infoecos.com.ar\/wp-content\/uploads\/2020\/09\/TEATRO-ESPANOL-5-675x450.jpg 675w, https:\/\/infoecos.com.ar\/wp-content\/uploads\/2020\/09\/TEATRO-ESPANOL-5.jpg 864w\" sizes=\"(max-width: 460px) 100vw, 460px\" \/><figcaption>Estado en que se encontraba el mural<\/figcaption><\/figure><\/div>\n\n\n\n<p>Otro de los aspectos de la obra contempl\u00f3 \u201cla se\u00f1al\u00e9tica de salidas de emergencia y luces y toda la adaptaci\u00f3n para que sea aprobado y tenga todos los elementos de seguridad necesarios para que se pueda habilitar\u201d.<\/p>\n\n\n\n<p>En cuanto a los trabajos realizados en la sala del Teatro Espa\u00f1ol, Girardi coment\u00f3 que \u201cdespu\u00e9s de la obra gruesa se hizo toda la restauraci\u00f3n del piso de todos los palcos de planta baja, la pintura y detalles de dorado, se laque\u00f3 y puli\u00f3 el piso de madera de la sala, se hicieron todos los esponjeados y retoques (la mayor\u00eda hubo que hacerlos casi nuevos en la parte de la sala), tambi\u00e9n en la primera bandeja y en la bandeja superior\u201d.<\/p>\n\n\n\n<div class=\"wp-block-image is-style-default\"><figure class=\"aligncenter size-medium\"><img loading=\"lazy\" decoding=\"async\" width=\"460\" height=\"307\" src=\"http:\/\/infoecos.com.ar\/wp-content\/uploads\/Teatro-Espa\u00f1ol-1-460x307.jpg\" alt=\"\" class=\"wp-image-64243\" srcset=\"https:\/\/infoecos.com.ar\/wp-content\/uploads\/Teatro-Espa\u00f1ol-1-460x307.jpg 460w, https:\/\/infoecos.com.ar\/wp-content\/uploads\/Teatro-Espa\u00f1ol-1-920x614.jpg 920w, https:\/\/infoecos.com.ar\/wp-content\/uploads\/Teatro-Espa\u00f1ol-1-768x512.jpg 768w, https:\/\/infoecos.com.ar\/wp-content\/uploads\/Teatro-Espa\u00f1ol-1-675x450.jpg 675w, https:\/\/infoecos.com.ar\/wp-content\/uploads\/Teatro-Espa\u00f1ol-1.jpg 985w\" sizes=\"(max-width: 460px) 100vw, 460px\" \/><figcaption>Fern\u00e1ndez explicando las obras que se iban a realizar<\/figcaption><\/figure><\/div>\n\n\n\n<p>Asimismo coment\u00f3 que \u201cse hizo pintura completa y pulido de pisos del hall, palier y donde hab\u00eda piso calc\u00e1reo o de mosaico, tambi\u00e9n se pint\u00f3 todo el Teatro y se repararon ba\u00f1os, se cambiaron accesorios, artefactos, grifer\u00eda\u201d.<\/p>\n\n\n\n<p>Adem\u00e1s dijo que \u201cen los salones de la planta alta se hicieron reparaciones de revoques, todo se hizo a nuevo, se pulieron y laquearon los pisos, todas las aberturas que dan a la calle se hicieron nuevas y pintura general de todo el edificio, tanto del frente como interior y los trabajos tambi\u00e9n incluyeron la restauraci\u00f3n del techo de la Sala\u201d.<\/p>\n\n\n\n<div class=\"wp-block-image is-style-default\"><figure class=\"aligncenter size-medium\"><img decoding=\"async\" src=\"http:\/\/infoecos.com.ar\/wp-content\/uploads\/20190207_141128-345x460.jpg\" alt=\"\" class=\"wp-image-53841\"\/><figcaption>Teatro Espa\u00f1ol<\/figcaption><\/figure><\/div>\n","protected":false},"excerpt":{"rendered":"<p>\u201cLa obra m\u00e1s grande de refuncionalizaci\u00f3n que se realiz\u00f3 en el edificio consisti\u00f3 en una adaptaci\u00f3n para que pueda ser habilitado en lo que hace a salidas de emergencia, instalaci\u00f3n contra incendios y accesibilidad\u201d, explic\u00f3 el profesional<\/p>\n","protected":false},"author":2,"featured_media":53841,"comment_status":"closed","ping_status":"open","sticky":false,"template":"","format":"standard","meta":{"footnotes":""},"categories":[25],"tags":[4839],"class_list":["post-84197","post","type-post","status-publish","format-standard","has-post-thumbnail","hentry","category-c3nota1","tag-el-profesional-que-condujo-las-obras"],"yoast_head":"<!-- This site is optimized with the Yoast SEO plugin v23.4 - https:\/\/yoast.com\/wordpress\/plugins\/seo\/ -->\n<title>&quot;Los trabajos de refacci\u00f3n del Teatro Espa\u00f1ol han sido un lindo desaf\u00edo&quot;, se\u00f1al\u00f3 el ingeniero Mauricio Girardi - Infoecos<\/title>\n<meta name=\"robots\" content=\"index, follow, max-snippet:-1, max-image-preview:large, max-video-preview:-1\" \/>\n<link rel=\"canonical\" href=\"https:\/\/infoecos.com.ar\/index.php\/los-trabajos-de-refaccion-del-teatro-espanol-han-sido-un-lindo-desafio-senalo-el-ingeniero-mauricio-girardi\/\" \/>\n<meta property=\"og:locale\" content=\"es_ES\" \/>\n<meta property=\"og:type\" content=\"article\" \/>\n<meta property=\"og:title\" content=\"&quot;Los trabajos de refacci\u00f3n del Teatro Espa\u00f1ol han sido un lindo desaf\u00edo&quot;, se\u00f1al\u00f3 el ingeniero Mauricio Girardi - Infoecos\" \/>\n<meta property=\"og:description\" content=\"\u201cLa obra m\u00e1s grande de refuncionalizaci\u00f3n que se realiz\u00f3 en el edificio consisti\u00f3 en una adaptaci\u00f3n para que pueda ser habilitado en lo que hace a salidas de emergencia, instalaci\u00f3n contra incendios y accesibilidad\u201d, explic\u00f3 el profesional\" \/>\n<meta property=\"og:url\" content=\"https:\/\/infoecos.com.ar\/index.php\/los-trabajos-de-refaccion-del-teatro-espanol-han-sido-un-lindo-desafio-senalo-el-ingeniero-mauricio-girardi\/\" \/>\n<meta property=\"og:site_name\" content=\"Infoecos\" \/>\n<meta property=\"article:publisher\" content=\"https:\/\/www.facebook.com\/profile.php?id=100063200290284\" \/>\n<meta property=\"article:published_time\" content=\"2021-08-25T19:30:40+00:00\" \/>\n<meta property=\"article:modified_time\" content=\"2021-12-02T20:20:59+00:00\" \/>\n<meta property=\"og:image\" content=\"https:\/\/infoecos.com.ar\/wp-content\/uploads\/20190207_141128.jpg\" \/>\n\t<meta property=\"og:image:width\" content=\"1200\" \/>\n\t<meta property=\"og:image:height\" content=\"1600\" \/>\n\t<meta property=\"og:image:type\" content=\"image\/jpeg\" \/>\n<meta name=\"author\" content=\"Jorge Matheus\" \/>\n<meta name=\"twitter:card\" content=\"summary_large_image\" \/>\n<meta name=\"twitter:creator\" content=\"@infoecos\" \/>\n<meta name=\"twitter:site\" content=\"@infoecos\" \/>\n<meta name=\"twitter:label1\" content=\"Escrito por\" \/>\n\t<meta name=\"twitter:data1\" content=\"Jorge Matheus\" \/>\n\t<meta name=\"twitter:label2\" content=\"Tiempo de lectura\" \/>\n\t<meta name=\"twitter:data2\" content=\"4 minutos\" \/>\n<script type=\"application\/ld+json\" class=\"yoast-schema-graph\">{\"@context\":\"https:\/\/schema.org\",\"@graph\":[{\"@type\":\"Article\",\"@id\":\"https:\/\/infoecos.com.ar\/index.php\/los-trabajos-de-refaccion-del-teatro-espanol-han-sido-un-lindo-desafio-senalo-el-ingeniero-mauricio-girardi\/#article\",\"isPartOf\":{\"@id\":\"https:\/\/infoecos.com.ar\/index.php\/los-trabajos-de-refaccion-del-teatro-espanol-han-sido-un-lindo-desafio-senalo-el-ingeniero-mauricio-girardi\/\"},\"author\":{\"name\":\"Jorge Matheus\",\"@id\":\"https:\/\/infoecos.com.ar\/#\/schema\/person\/8f5ace5ce73b4b4aac4b7245aee6f191\"},\"headline\":\"\u00abLos trabajos de refacci\u00f3n del Teatro Espa\u00f1ol han sido un lindo desaf\u00edo\u00bb, se\u00f1al\u00f3 el ingeniero Mauricio Girardi\",\"datePublished\":\"2021-08-25T19:30:40+00:00\",\"dateModified\":\"2021-12-02T20:20:59+00:00\",\"mainEntityOfPage\":{\"@id\":\"https:\/\/infoecos.com.ar\/index.php\/los-trabajos-de-refaccion-del-teatro-espanol-han-sido-un-lindo-desafio-senalo-el-ingeniero-mauricio-girardi\/\"},\"wordCount\":747,\"publisher\":{\"@id\":\"https:\/\/infoecos.com.ar\/#organization\"},\"image\":{\"@id\":\"https:\/\/infoecos.com.ar\/index.php\/los-trabajos-de-refaccion-del-teatro-espanol-han-sido-un-lindo-desafio-senalo-el-ingeniero-mauricio-girardi\/#primaryimage\"},\"thumbnailUrl\":\"\",\"keywords\":[\"EL PROFESIONAL QUE CONDUJO LAS OBRAS\"],\"articleSection\":[\"C3 N1\"],\"inLanguage\":\"es\"},{\"@type\":\"WebPage\",\"@id\":\"https:\/\/infoecos.com.ar\/index.php\/los-trabajos-de-refaccion-del-teatro-espanol-han-sido-un-lindo-desafio-senalo-el-ingeniero-mauricio-girardi\/\",\"url\":\"https:\/\/infoecos.com.ar\/index.php\/los-trabajos-de-refaccion-del-teatro-espanol-han-sido-un-lindo-desafio-senalo-el-ingeniero-mauricio-girardi\/\",\"name\":\"\\\"Los trabajos de refacci\u00f3n del Teatro Espa\u00f1ol han sido un lindo desaf\u00edo\\\", se\u00f1al\u00f3 el ingeniero Mauricio Girardi - Infoecos\",\"isPartOf\":{\"@id\":\"https:\/\/infoecos.com.ar\/#website\"},\"primaryImageOfPage\":{\"@id\":\"https:\/\/infoecos.com.ar\/index.php\/los-trabajos-de-refaccion-del-teatro-espanol-han-sido-un-lindo-desafio-senalo-el-ingeniero-mauricio-girardi\/#primaryimage\"},\"image\":{\"@id\":\"https:\/\/infoecos.com.ar\/index.php\/los-trabajos-de-refaccion-del-teatro-espanol-han-sido-un-lindo-desafio-senalo-el-ingeniero-mauricio-girardi\/#primaryimage\"},\"thumbnailUrl\":\"\",\"datePublished\":\"2021-08-25T19:30:40+00:00\",\"dateModified\":\"2021-12-02T20:20:59+00:00\",\"breadcrumb\":{\"@id\":\"https:\/\/infoecos.com.ar\/index.php\/los-trabajos-de-refaccion-del-teatro-espanol-han-sido-un-lindo-desafio-senalo-el-ingeniero-mauricio-girardi\/#breadcrumb\"},\"inLanguage\":\"es\",\"potentialAction\":[{\"@type\":\"ReadAction\",\"target\":[\"https:\/\/infoecos.com.ar\/index.php\/los-trabajos-de-refaccion-del-teatro-espanol-han-sido-un-lindo-desafio-senalo-el-ingeniero-mauricio-girardi\/\"]}]},{\"@type\":\"ImageObject\",\"inLanguage\":\"es\",\"@id\":\"https:\/\/infoecos.com.ar\/index.php\/los-trabajos-de-refaccion-del-teatro-espanol-han-sido-un-lindo-desafio-senalo-el-ingeniero-mauricio-girardi\/#primaryimage\",\"url\":\"\",\"contentUrl\":\"\"},{\"@type\":\"BreadcrumbList\",\"@id\":\"https:\/\/infoecos.com.ar\/index.php\/los-trabajos-de-refaccion-del-teatro-espanol-han-sido-un-lindo-desafio-senalo-el-ingeniero-mauricio-girardi\/#breadcrumb\",\"itemListElement\":[{\"@type\":\"ListItem\",\"position\":1,\"name\":\"Portada\",\"item\":\"https:\/\/infoecos.com.ar\/\"},{\"@type\":\"ListItem\",\"position\":2,\"name\":\"\u00abLos trabajos de refacci\u00f3n del Teatro Espa\u00f1ol han sido un lindo desaf\u00edo\u00bb, se\u00f1al\u00f3 el ingeniero Mauricio Girardi\"}]},{\"@type\":\"WebSite\",\"@id\":\"https:\/\/infoecos.com.ar\/#website\",\"url\":\"https:\/\/infoecos.com.ar\/\",\"name\":\"Infoecos\",\"description\":\"Noticias de trenque lauquen y la zona\",\"publisher\":{\"@id\":\"https:\/\/infoecos.com.ar\/#organization\"},\"alternateName\":\"Noticias\",\"potentialAction\":[{\"@type\":\"SearchAction\",\"target\":{\"@type\":\"EntryPoint\",\"urlTemplate\":\"https:\/\/infoecos.com.ar\/?s={search_term_string}\"},\"query-input\":{\"@type\":\"PropertyValueSpecification\",\"valueRequired\":true,\"valueName\":\"search_term_string\"}}],\"inLanguage\":\"es\"},{\"@type\":\"Organization\",\"@id\":\"https:\/\/infoecos.com.ar\/#organization\",\"name\":\"Infoecos\",\"alternateName\":\"Noticias\",\"url\":\"https:\/\/infoecos.com.ar\/\",\"logo\":{\"@type\":\"ImageObject\",\"inLanguage\":\"es\",\"@id\":\"https:\/\/infoecos.com.ar\/#\/schema\/logo\/image\/\",\"url\":\"https:\/\/infoecos.com.ar\/wp-content\/uploads\/2024\/03\/cropped-logo.png\",\"contentUrl\":\"https:\/\/infoecos.com.ar\/wp-content\/uploads\/2024\/03\/cropped-logo.png\",\"width\":374,\"height\":90,\"caption\":\"Infoecos\"},\"image\":{\"@id\":\"https:\/\/infoecos.com.ar\/#\/schema\/logo\/image\/\"},\"sameAs\":[\"https:\/\/www.facebook.com\/profile.php?id=100063200290284\",\"https:\/\/x.com\/infoecos\"]},{\"@type\":\"Person\",\"@id\":\"https:\/\/infoecos.com.ar\/#\/schema\/person\/8f5ace5ce73b4b4aac4b7245aee6f191\",\"name\":\"Jorge Matheus\",\"url\":\"https:\/\/infoecos.com.ar\/index.php\/author\/jomatheus\/\"}]}<\/script>\n<!-- \/ Yoast SEO plugin. -->","yoast_head_json":{"title":"\"Los trabajos de refacci\u00f3n del Teatro Espa\u00f1ol han sido un lindo desaf\u00edo\", se\u00f1al\u00f3 el ingeniero Mauricio Girardi - Infoecos","robots":{"index":"index","follow":"follow","max-snippet":"max-snippet:-1","max-image-preview":"max-image-preview:large","max-video-preview":"max-video-preview:-1"},"canonical":"https:\/\/infoecos.com.ar\/index.php\/los-trabajos-de-refaccion-del-teatro-espanol-han-sido-un-lindo-desafio-senalo-el-ingeniero-mauricio-girardi\/","og_locale":"es_ES","og_type":"article","og_title":"\"Los trabajos de refacci\u00f3n del Teatro Espa\u00f1ol han sido un lindo desaf\u00edo\", se\u00f1al\u00f3 el ingeniero Mauricio Girardi - Infoecos","og_description":"\u201cLa obra m\u00e1s grande de refuncionalizaci\u00f3n que se realiz\u00f3 en el edificio consisti\u00f3 en una adaptaci\u00f3n para que pueda ser habilitado en lo que hace a salidas de emergencia, instalaci\u00f3n contra incendios y accesibilidad\u201d, explic\u00f3 el profesional","og_url":"https:\/\/infoecos.com.ar\/index.php\/los-trabajos-de-refaccion-del-teatro-espanol-han-sido-un-lindo-desafio-senalo-el-ingeniero-mauricio-girardi\/","og_site_name":"Infoecos","article_publisher":"https:\/\/www.facebook.com\/profile.php?id=100063200290284","article_published_time":"2021-08-25T19:30:40+00:00","article_modified_time":"2021-12-02T20:20:59+00:00","og_image":[{"width":1200,"height":1600,"url":"https:\/\/infoecos.com.ar\/wp-content\/uploads\/20190207_141128.jpg","type":"image\/jpeg"}],"author":"Jorge Matheus","twitter_card":"summary_large_image","twitter_creator":"@infoecos","twitter_site":"@infoecos","twitter_misc":{"Escrito por":"Jorge Matheus","Tiempo de lectura":"4 minutos"},"schema":{"@context":"https:\/\/schema.org","@graph":[{"@type":"Article","@id":"https:\/\/infoecos.com.ar\/index.php\/los-trabajos-de-refaccion-del-teatro-espanol-han-sido-un-lindo-desafio-senalo-el-ingeniero-mauricio-girardi\/#article","isPartOf":{"@id":"https:\/\/infoecos.com.ar\/index.php\/los-trabajos-de-refaccion-del-teatro-espanol-han-sido-un-lindo-desafio-senalo-el-ingeniero-mauricio-girardi\/"},"author":{"name":"Jorge Matheus","@id":"https:\/\/infoecos.com.ar\/#\/schema\/person\/8f5ace5ce73b4b4aac4b7245aee6f191"},"headline":"\u00abLos trabajos de refacci\u00f3n del Teatro Espa\u00f1ol han sido un lindo desaf\u00edo\u00bb, se\u00f1al\u00f3 el ingeniero Mauricio Girardi","datePublished":"2021-08-25T19:30:40+00:00","dateModified":"2021-12-02T20:20:59+00:00","mainEntityOfPage":{"@id":"https:\/\/infoecos.com.ar\/index.php\/los-trabajos-de-refaccion-del-teatro-espanol-han-sido-un-lindo-desafio-senalo-el-ingeniero-mauricio-girardi\/"},"wordCount":747,"publisher":{"@id":"https:\/\/infoecos.com.ar\/#organization"},"image":{"@id":"https:\/\/infoecos.com.ar\/index.php\/los-trabajos-de-refaccion-del-teatro-espanol-han-sido-un-lindo-desafio-senalo-el-ingeniero-mauricio-girardi\/#primaryimage"},"thumbnailUrl":"","keywords":["EL PROFESIONAL QUE CONDUJO LAS OBRAS"],"articleSection":["C3 N1"],"inLanguage":"es"},{"@type":"WebPage","@id":"https:\/\/infoecos.com.ar\/index.php\/los-trabajos-de-refaccion-del-teatro-espanol-han-sido-un-lindo-desafio-senalo-el-ingeniero-mauricio-girardi\/","url":"https:\/\/infoecos.com.ar\/index.php\/los-trabajos-de-refaccion-del-teatro-espanol-han-sido-un-lindo-desafio-senalo-el-ingeniero-mauricio-girardi\/","name":"\"Los trabajos de refacci\u00f3n del Teatro Espa\u00f1ol han sido un lindo desaf\u00edo\", se\u00f1al\u00f3 el ingeniero Mauricio Girardi - Infoecos","isPartOf":{"@id":"https:\/\/infoecos.com.ar\/#website"},"primaryImageOfPage":{"@id":"https:\/\/infoecos.com.ar\/index.php\/los-trabajos-de-refaccion-del-teatro-espanol-han-sido-un-lindo-desafio-senalo-el-ingeniero-mauricio-girardi\/#primaryimage"},"image":{"@id":"https:\/\/infoecos.com.ar\/index.php\/los-trabajos-de-refaccion-del-teatro-espanol-han-sido-un-lindo-desafio-senalo-el-ingeniero-mauricio-girardi\/#primaryimage"},"thumbnailUrl":"","datePublished":"2021-08-25T19:30:40+00:00","dateModified":"2021-12-02T20:20:59+00:00","breadcrumb":{"@id":"https:\/\/infoecos.com.ar\/index.php\/los-trabajos-de-refaccion-del-teatro-espanol-han-sido-un-lindo-desafio-senalo-el-ingeniero-mauricio-girardi\/#breadcrumb"},"inLanguage":"es","potentialAction":[{"@type":"ReadAction","target":["https:\/\/infoecos.com.ar\/index.php\/los-trabajos-de-refaccion-del-teatro-espanol-han-sido-un-lindo-desafio-senalo-el-ingeniero-mauricio-girardi\/"]}]},{"@type":"ImageObject","inLanguage":"es","@id":"https:\/\/infoecos.com.ar\/index.php\/los-trabajos-de-refaccion-del-teatro-espanol-han-sido-un-lindo-desafio-senalo-el-ingeniero-mauricio-girardi\/#primaryimage","url":"","contentUrl":""},{"@type":"BreadcrumbList","@id":"https:\/\/infoecos.com.ar\/index.php\/los-trabajos-de-refaccion-del-teatro-espanol-han-sido-un-lindo-desafio-senalo-el-ingeniero-mauricio-girardi\/#breadcrumb","itemListElement":[{"@type":"ListItem","position":1,"name":"Portada","item":"https:\/\/infoecos.com.ar\/"},{"@type":"ListItem","position":2,"name":"\u00abLos trabajos de refacci\u00f3n del Teatro Espa\u00f1ol han sido un lindo desaf\u00edo\u00bb, se\u00f1al\u00f3 el ingeniero Mauricio Girardi"}]},{"@type":"WebSite","@id":"https:\/\/infoecos.com.ar\/#website","url":"https:\/\/infoecos.com.ar\/","name":"Infoecos","description":"Noticias de trenque lauquen y la zona","publisher":{"@id":"https:\/\/infoecos.com.ar\/#organization"},"alternateName":"Noticias","potentialAction":[{"@type":"SearchAction","target":{"@type":"EntryPoint","urlTemplate":"https:\/\/infoecos.com.ar\/?s={search_term_string}"},"query-input":{"@type":"PropertyValueSpecification","valueRequired":true,"valueName":"search_term_string"}}],"inLanguage":"es"},{"@type":"Organization","@id":"https:\/\/infoecos.com.ar\/#organization","name":"Infoecos","alternateName":"Noticias","url":"https:\/\/infoecos.com.ar\/","logo":{"@type":"ImageObject","inLanguage":"es","@id":"https:\/\/infoecos.com.ar\/#\/schema\/logo\/image\/","url":"https:\/\/infoecos.com.ar\/wp-content\/uploads\/2024\/03\/cropped-logo.png","contentUrl":"https:\/\/infoecos.com.ar\/wp-content\/uploads\/2024\/03\/cropped-logo.png","width":374,"height":90,"caption":"Infoecos"},"image":{"@id":"https:\/\/infoecos.com.ar\/#\/schema\/logo\/image\/"},"sameAs":["https:\/\/www.facebook.com\/profile.php?id=100063200290284","https:\/\/x.com\/infoecos"]},{"@type":"Person","@id":"https:\/\/infoecos.com.ar\/#\/schema\/person\/8f5ace5ce73b4b4aac4b7245aee6f191","name":"Jorge Matheus","url":"https:\/\/infoecos.com.ar\/index.php\/author\/jomatheus\/"}]}},"featured_image_urls":{"full":"","thumbnail":"","medium":"","medium_large":"","large":"","1536x1536":"","2048x2048":"","covernews-slider-full":"","covernews-slider-center":"","covernews-featured":"","covernews-medium":"","covernews-medium-square":""},"author_info":{"info":["Jorge Matheus"]},"category_info":"<a href=\"https:\/\/infoecos.com.ar\/index.php\/category\/c3nota1\/\" rel=\"category tag\">C3 N1<\/a>","tag_info":"C3 N1","comment_count":"0","_links":{"self":[{"href":"https:\/\/infoecos.com.ar\/index.php\/wp-json\/wp\/v2\/posts\/84197"}],"collection":[{"href":"https:\/\/infoecos.com.ar\/index.php\/wp-json\/wp\/v2\/posts"}],"about":[{"href":"https:\/\/infoecos.com.ar\/index.php\/wp-json\/wp\/v2\/types\/post"}],"author":[{"embeddable":true,"href":"https:\/\/infoecos.com.ar\/index.php\/wp-json\/wp\/v2\/users\/2"}],"replies":[{"embeddable":true,"href":"https:\/\/infoecos.com.ar\/index.php\/wp-json\/wp\/v2\/comments?post=84197"}],"version-history":[{"count":2,"href":"https:\/\/infoecos.com.ar\/index.php\/wp-json\/wp\/v2\/posts\/84197\/revisions"}],"predecessor-version":[{"id":84233,"href":"https:\/\/infoecos.com.ar\/index.php\/wp-json\/wp\/v2\/posts\/84197\/revisions\/84233"}],"wp:featuredmedia":[{"embeddable":true,"href":"https:\/\/infoecos.com.ar\/index.php\/wp-json\/"}],"wp:attachment":[{"href":"https:\/\/infoecos.com.ar\/index.php\/wp-json\/wp\/v2\/media?parent=84197"}],"wp:term":[{"taxonomy":"category","embeddable":true,"href":"https:\/\/infoecos.com.ar\/index.php\/wp-json\/wp\/v2\/categories?post=84197"},{"taxonomy":"post_tag","embeddable":true,"href":"https:\/\/infoecos.com.ar\/index.php\/wp-json\/wp\/v2\/tags?post=84197"}],"curies":[{"name":"wp","href":"https:\/\/api.w.org\/{rel}","templated":true}]}}