{"id":84199,"date":"2021-08-25T16:38:58","date_gmt":"2021-08-25T19:38:58","guid":{"rendered":"http:\/\/infoecos.com.ar\/?p=84199"},"modified":"2021-12-02T17:20:29","modified_gmt":"2021-12-02T20:20:29","slug":"no-vario-el-numero-de-casos-activos-en-trenque-lauquen-este-miercoles-se-reportaron-nuevamente-100","status":"publish","type":"post","link":"https:\/\/infoecos.com.ar\/index.php\/no-vario-el-numero-de-casos-activos-en-trenque-lauquen-este-miercoles-se-reportaron-nuevamente-100\/","title":{"rendered":"No vari\u00f3 el n\u00famero de casos activos en Trenque Lauquen: este mi\u00e9rcoles se reportaron, nuevamente, 100"},"content":{"rendered":"\n<p class=\"wp-block-paragraph\">La subsecretar\u00eda de Salud municipal de Trenque Lauquen inform\u00f3 este mi\u00e9rcoles que los casos activos de Covid-19 en el distrito se mantienen en 100 luego de que se reportaran diez (10) nuevos casos positivos, la reasignaci\u00f3n de un caso, 11 personas recuperadas m\u00e1s y 108 casos descartados, quedando, adem\u00e1s, 49 casos sospechosos y 114 personas en aislamiento.<\/p>\n\n\n\n<div class=\"wp-block-image is-style-default\"><figure class=\"aligncenter size-medium\"><img loading=\"lazy\" decoding=\"async\" width=\"460\" height=\"434\" src=\"http:\/\/infoecos.com.ar\/wp-content\/uploads\/2021\/08\/reportemiercoles-3-460x434.jpg\" alt=\"\" class=\"wp-image-84200\" srcset=\"https:\/\/infoecos.com.ar\/wp-content\/uploads\/2021\/08\/reportemiercoles-3-460x434.jpg 460w, https:\/\/infoecos.com.ar\/wp-content\/uploads\/2021\/08\/reportemiercoles-3-768x725.jpg 768w, https:\/\/infoecos.com.ar\/wp-content\/uploads\/2021\/08\/reportemiercoles-3.jpg 800w\" sizes=\"auto, (max-width: 460px) 100vw, 460px\" \/><\/figure><\/div>\n\n\n\n<p class=\"wp-block-paragraph\">Ocho (8) casos fueron diagnosticados por hisopado y los dos (2) restantes por nexo o criterio epidemiol\u00f3gico seg\u00fan protocolo actualizado vigente y nueve (9) corresponden a Trenque Lauquen y uno (1) a Girod\u00edas.<\/p>\n\n\n\n<p class=\"wp-block-paragraph\">De los 100 casos activos, 92 corresponden a la ciudad cabecera, seis (6) a Treinta de Agosto, uno (1) a Beruti y uno (1) a Girod\u00edas, y del total, 12 permanecen internados en el Hospital Municipal y 87 est\u00e1n en sus domicilios particulares.<\/p>\n\n\n\n<p class=\"wp-block-paragraph\">Las 11 personas recuperadas en la fecha son de Trenque Lauquen y ahora suman 9.988 las que recibieron el alta desde marzo del a\u00f1o pasado (un caso fue reasignado hoy), mientras que en el mismo per\u00edodo se descartaron 18.585 casos, incluidos los 108 de las \u00faltimas 24 horas, 95 de la ciudad cabecera y 13 de Treinta de Agosto.<\/p>\n\n\n\n<p class=\"wp-block-paragraph\">Entre los 49 casos sospechosos que quedan, 43 corresponden a Trenque Lauquen, cinco (5) a Treinta de Agosto, y uno (1) a Beruti de las 114 personas en aislamiento, hay 108 en la ciudad cabecera, cinco (5) en Treinta de Agosto y uno (1) en Beruti.<\/p>\n\n\n\n<div class=\"wp-block-image is-style-default\"><figure class=\"aligncenter size-medium\"><img loading=\"lazy\" decoding=\"async\" width=\"460\" height=\"460\" src=\"http:\/\/infoecos.com.ar\/wp-content\/uploads\/2021\/08\/camashospital1-460x460.jpg\" alt=\"\" class=\"wp-image-84201\" srcset=\"https:\/\/infoecos.com.ar\/wp-content\/uploads\/2021\/08\/camashospital1-460x460.jpg 460w, https:\/\/infoecos.com.ar\/wp-content\/uploads\/2021\/08\/camashospital1-920x920.jpg 920w, https:\/\/infoecos.com.ar\/wp-content\/uploads\/2021\/08\/camashospital1-150x150.jpg 150w, https:\/\/infoecos.com.ar\/wp-content\/uploads\/2021\/08\/camashospital1-768x767.jpg 768w, https:\/\/infoecos.com.ar\/wp-content\/uploads\/2021\/08\/camashospital1-1024x1023.jpg 1024w, https:\/\/infoecos.com.ar\/wp-content\/uploads\/2021\/08\/camashospital1.jpg 1280w\" sizes=\"auto, (max-width: 460px) 100vw, 460px\" \/><\/figure><\/div>\n","protected":false},"excerpt":{"rendered":"<p>De los 100 casos activos, 92 corresponden a la ciudad cabecera, seis (6) a Treinta de Agosto, uno (1) a Beruti y uno (1) a Girod\u00edas<\/p>\n","protected":false},"author":2,"featured_media":80425,"comment_status":"closed","ping_status":"open","sticky":false,"template":"","format":"standard","meta":{"footnotes":""},"categories":[29],"tags":[4840],"class_list":["post-84199","post","type-post","status-publish","format-standard","has-post-thumbnail","hentry","category-c2nota1","tag-hay-8-camas-libres-en-el-area-covid"],"featured_image_urls":{"full":["https:\/\/infoecos.com.ar\/wp-content\/uploads\/2021\/06\/Trenque-Lauquen.jpg",1080,675,false],"thumbnail":["https:\/\/infoecos.com.ar\/wp-content\/uploads\/2021\/06\/Trenque-Lauquen-150x150.jpg",150,150,true],"medium":["https:\/\/infoecos.com.ar\/wp-content\/uploads\/2021\/06\/Trenque-Lauquen-460x288.jpg",460,288,true],"medium_large":["https:\/\/infoecos.com.ar\/wp-content\/uploads\/2021\/06\/Trenque-Lauquen-768x480.jpg",640,400,true],"large":["https:\/\/infoecos.com.ar\/wp-content\/uploads\/2021\/06\/Trenque-Lauquen-920x575.jpg",640,400,true],"1536x1536":["https:\/\/infoecos.com.ar\/wp-content\/uploads\/2021\/06\/Trenque-Lauquen.jpg",1080,675,false],"2048x2048":["https:\/\/infoecos.com.ar\/wp-content\/uploads\/2021\/06\/Trenque-Lauquen.jpg",1080,675,false],"covernews-slider-full":["https:\/\/infoecos.com.ar\/wp-content\/uploads\/2021\/06\/Trenque-Lauquen.jpg",1080,675,false],"covernews-slider-center":["https:\/\/infoecos.com.ar\/wp-content\/uploads\/2021\/06\/Trenque-Lauquen-936x675.jpg",693,500,true],"covernews-featured":["https:\/\/infoecos.com.ar\/wp-content\/uploads\/2021\/06\/Trenque-Lauquen-1024x640.jpg",1024,640,true],"covernews-medium":["https:\/\/infoecos.com.ar\/wp-content\/uploads\/2021\/06\/Trenque-Lauquen-720x380.jpg",540,285,true],"covernews-medium-square":["https:\/\/infoecos.com.ar\/wp-content\/uploads\/2021\/06\/Trenque-Lauquen-675x450.jpg",375,250,true]},"author_info":{"info":["Jorge Matheus"]},"category_info":"<a href=\"https:\/\/infoecos.com.ar\/index.php\/category\/c2nota1\/\" rel=\"category tag\">C2 nota 1<\/a>","tag_info":"C2 nota 1","comment_count":"0","_links":{"self":[{"href":"https:\/\/infoecos.com.ar\/index.php\/wp-json\/wp\/v2\/posts\/84199","targetHints":{"allow":["GET"]}}],"collection":[{"href":"https:\/\/infoecos.com.ar\/index.php\/wp-json\/wp\/v2\/posts"}],"about":[{"href":"https:\/\/infoecos.com.ar\/index.php\/wp-json\/wp\/v2\/types\/post"}],"author":[{"embeddable":true,"href":"https:\/\/infoecos.com.ar\/index.php\/wp-json\/wp\/v2\/users\/2"}],"replies":[{"embeddable":true,"href":"https:\/\/infoecos.com.ar\/index.php\/wp-json\/wp\/v2\/comments?post=84199"}],"version-history":[{"count":2,"href":"https:\/\/infoecos.com.ar\/index.php\/wp-json\/wp\/v2\/posts\/84199\/revisions"}],"predecessor-version":[{"id":84203,"href":"https:\/\/infoecos.com.ar\/index.php\/wp-json\/wp\/v2\/posts\/84199\/revisions\/84203"}],"wp:featuredmedia":[{"embeddable":true,"href":"https:\/\/infoecos.com.ar\/index.php\/wp-json\/wp\/v2\/media\/80425"}],"wp:attachment":[{"href":"https:\/\/infoecos.com.ar\/index.php\/wp-json\/wp\/v2\/media?parent=84199"}],"wp:term":[{"taxonomy":"category","embeddable":true,"href":"https:\/\/infoecos.com.ar\/index.php\/wp-json\/wp\/v2\/categories?post=84199"},{"taxonomy":"post_tag","embeddable":true,"href":"https:\/\/infoecos.com.ar\/index.php\/wp-json\/wp\/v2\/tags?post=84199"}],"curies":[{"name":"wp","href":"https:\/\/api.w.org\/{rel}","templated":true}]}}