{"id":84248,"date":"2021-08-26T02:58:34","date_gmt":"2021-08-26T05:58:34","guid":{"rendered":"http:\/\/infoecos.com.ar\/?p=84248"},"modified":"2021-08-27T08:02:25","modified_gmt":"2021-08-27T11:02:25","slug":"dos-legisladoras-nacionales-del-fdt-no-quieren-darle-participacion-a-entidades-agropecuarias-en-la-conduccion-del-inta","status":"publish","type":"post","link":"https:\/\/infoecos.com.ar\/index.php\/dos-legisladoras-nacionales-del-fdt-no-quieren-darle-participacion-a-entidades-agropecuarias-en-la-conduccion-del-inta\/","title":{"rendered":"Dos legisladoras nacionales del FdT no quieren darle participaci\u00f3n a entidades agropecuarias en la conducci\u00f3n del INTA"},"content":{"rendered":"\n<p>Un proyecto presentado por dos legisladoras del Frente de Todos en el Congreso de la Naci\u00f3n gener\u00f3 la reacci\u00f3n de las entidades rurales, que expresaron su preocupaci\u00f3n ante lo que consideran un intento de limitar la participaci\u00f3n de las mismas en el Instituto Nacional de Tecnolog\u00eda Agropecuaria (INTA).<\/p>\n\n\n\n<p>La iniciativa de las diputadas Mabel Caparr\u00f3s y Alcira Figueroa \u201cbuscan modificar la composici\u00f3n actual del Consejo Directivo, \u00f3rgano m\u00e1ximo de conducci\u00f3n, integrado por representantes del sector p\u00fablico y privado, que garantiza una activa participaci\u00f3n de los productores y profesionales en la fijaci\u00f3n de las pol\u00edticas p\u00fablicas de investigaci\u00f3n, desarrollo y extensionismo sectorial\u201d, sostiene en un comunicado la Confederaci\u00f3n de Asociaciones Rurales de Buenos Aires y La Pampa (Carbap).<\/p>\n\n\n\n<div class=\"wp-block-image is-style-default\"><figure class=\"aligncenter size-medium\"><img loading=\"lazy\" decoding=\"async\" width=\"460\" height=\"395\" src=\"http:\/\/infoecos.com.ar\/wp-content\/uploads\/2021\/08\/Intalogo-460x395.png\" alt=\"\" class=\"wp-image-84249\" srcset=\"https:\/\/infoecos.com.ar\/wp-content\/uploads\/2021\/08\/Intalogo-460x395.png 460w, https:\/\/infoecos.com.ar\/wp-content\/uploads\/2021\/08\/Intalogo.png 619w\" sizes=\"(max-width: 460px) 100vw, 460px\" \/><\/figure><\/div>\n\n\n\n<p>La entidad sostuvo que \u201csolicitamos a los legisladores nacionales que veten este intento de avasallar al INTA, imposibilitando que se vulneren los derechos adquiridos de las entidades representantes de los productores agropecuarios\u201d.<\/p>\n\n\n\n<p>El Consejo Directivo del organismo es un cuerpo colegiado integrado por cinco representantes del sector p\u00fablico y cinco del sector privado, mientras que la iniciativa del oficialismo propone un ente de direcci\u00f3n con ocho miembros, todos del sector p\u00fablico.<\/p>\n","protected":false},"excerpt":{"rendered":"<p>La entidad sostuvo que \u201csolicitamos a los legisladores nacionales que veten este intento de avasallar al INTA, imposibilitando que se vulneren los derechos adquiridos de las entidades \u00ab<\/p>\n","protected":false},"author":2,"featured_media":84249,"comment_status":"closed","ping_status":"open","sticky":false,"template":"","format":"standard","meta":{"footnotes":""},"categories":[1333],"tags":[4848],"class_list":["post-84248","post","type-post","status-publish","format-standard","has-post-thumbnail","hentry","category-inferior13","tag-carbap-dio-a-conocer-un-comunicado"],"yoast_head":"<!-- This site is optimized with the Yoast SEO plugin v23.4 - https:\/\/yoast.com\/wordpress\/plugins\/seo\/ -->\n<title>Dos legisladoras nacionales del FdT no quieren darle participaci\u00f3n a entidades agropecuarias en la conducci\u00f3n del INTA - Infoecos<\/title>\n<meta name=\"robots\" content=\"index, follow, max-snippet:-1, max-image-preview:large, max-video-preview:-1\" \/>\n<link rel=\"canonical\" href=\"https:\/\/infoecos.com.ar\/index.php\/dos-legisladoras-nacionales-del-fdt-no-quieren-darle-participacion-a-entidades-agropecuarias-en-la-conduccion-del-inta\/\" \/>\n<meta property=\"og:locale\" content=\"es_ES\" \/>\n<meta property=\"og:type\" content=\"article\" \/>\n<meta property=\"og:title\" content=\"Dos legisladoras nacionales del FdT no quieren darle participaci\u00f3n a entidades agropecuarias en la conducci\u00f3n del INTA - Infoecos\" \/>\n<meta property=\"og:description\" content=\"La entidad sostuvo que \u201csolicitamos a los legisladores nacionales que veten este intento de avasallar al INTA, imposibilitando que se vulneren los derechos adquiridos de las entidades &quot;\" \/>\n<meta property=\"og:url\" content=\"https:\/\/infoecos.com.ar\/index.php\/dos-legisladoras-nacionales-del-fdt-no-quieren-darle-participacion-a-entidades-agropecuarias-en-la-conduccion-del-inta\/\" \/>\n<meta property=\"og:site_name\" content=\"Infoecos\" \/>\n<meta property=\"article:publisher\" content=\"https:\/\/www.facebook.com\/profile.php?id=100063200290284\" \/>\n<meta property=\"article:published_time\" content=\"2021-08-26T05:58:34+00:00\" \/>\n<meta property=\"article:modified_time\" content=\"2021-08-27T11:02:25+00:00\" \/>\n<meta property=\"og:image\" content=\"https:\/\/infoecos.com.ar\/wp-content\/uploads\/2021\/08\/Intalogo.png\" \/>\n\t<meta property=\"og:image:width\" content=\"619\" \/>\n\t<meta property=\"og:image:height\" content=\"532\" \/>\n\t<meta property=\"og:image:type\" content=\"image\/png\" \/>\n<meta name=\"author\" content=\"Jorge Matheus\" \/>\n<meta name=\"twitter:card\" content=\"summary_large_image\" \/>\n<meta name=\"twitter:creator\" content=\"@infoecos\" \/>\n<meta name=\"twitter:site\" content=\"@infoecos\" \/>\n<meta name=\"twitter:label1\" content=\"Escrito por\" \/>\n\t<meta name=\"twitter:data1\" content=\"Jorge Matheus\" \/>\n\t<meta name=\"twitter:label2\" content=\"Tiempo de lectura\" \/>\n\t<meta name=\"twitter:data2\" content=\"1 minuto\" \/>\n<script type=\"application\/ld+json\" class=\"yoast-schema-graph\">{\"@context\":\"https:\/\/schema.org\",\"@graph\":[{\"@type\":\"Article\",\"@id\":\"https:\/\/infoecos.com.ar\/index.php\/dos-legisladoras-nacionales-del-fdt-no-quieren-darle-participacion-a-entidades-agropecuarias-en-la-conduccion-del-inta\/#article\",\"isPartOf\":{\"@id\":\"https:\/\/infoecos.com.ar\/index.php\/dos-legisladoras-nacionales-del-fdt-no-quieren-darle-participacion-a-entidades-agropecuarias-en-la-conduccion-del-inta\/\"},\"author\":{\"name\":\"Jorge Matheus\",\"@id\":\"https:\/\/infoecos.com.ar\/#\/schema\/person\/8f5ace5ce73b4b4aac4b7245aee6f191\"},\"headline\":\"Dos legisladoras nacionales del FdT no quieren darle participaci\u00f3n a entidades agropecuarias en la conducci\u00f3n del INTA\",\"datePublished\":\"2021-08-26T05:58:34+00:00\",\"dateModified\":\"2021-08-27T11:02:25+00:00\",\"mainEntityOfPage\":{\"@id\":\"https:\/\/infoecos.com.ar\/index.php\/dos-legisladoras-nacionales-del-fdt-no-quieren-darle-participacion-a-entidades-agropecuarias-en-la-conduccion-del-inta\/\"},\"wordCount\":226,\"publisher\":{\"@id\":\"https:\/\/infoecos.com.ar\/#organization\"},\"image\":{\"@id\":\"https:\/\/infoecos.com.ar\/index.php\/dos-legisladoras-nacionales-del-fdt-no-quieren-darle-participacion-a-entidades-agropecuarias-en-la-conduccion-del-inta\/#primaryimage\"},\"thumbnailUrl\":\"https:\/\/infoecos.com.ar\/wp-content\/uploads\/2021\/08\/Intalogo.png\",\"keywords\":[\"CARBAP DIO A CONOCER UN COMUNICADO\"],\"articleSection\":[\"Bloque inferior - 13\"],\"inLanguage\":\"es\"},{\"@type\":\"WebPage\",\"@id\":\"https:\/\/infoecos.com.ar\/index.php\/dos-legisladoras-nacionales-del-fdt-no-quieren-darle-participacion-a-entidades-agropecuarias-en-la-conduccion-del-inta\/\",\"url\":\"https:\/\/infoecos.com.ar\/index.php\/dos-legisladoras-nacionales-del-fdt-no-quieren-darle-participacion-a-entidades-agropecuarias-en-la-conduccion-del-inta\/\",\"name\":\"Dos legisladoras nacionales del FdT no quieren darle participaci\u00f3n a entidades agropecuarias en la conducci\u00f3n del INTA - Infoecos\",\"isPartOf\":{\"@id\":\"https:\/\/infoecos.com.ar\/#website\"},\"primaryImageOfPage\":{\"@id\":\"https:\/\/infoecos.com.ar\/index.php\/dos-legisladoras-nacionales-del-fdt-no-quieren-darle-participacion-a-entidades-agropecuarias-en-la-conduccion-del-inta\/#primaryimage\"},\"image\":{\"@id\":\"https:\/\/infoecos.com.ar\/index.php\/dos-legisladoras-nacionales-del-fdt-no-quieren-darle-participacion-a-entidades-agropecuarias-en-la-conduccion-del-inta\/#primaryimage\"},\"thumbnailUrl\":\"https:\/\/infoecos.com.ar\/wp-content\/uploads\/2021\/08\/Intalogo.png\",\"datePublished\":\"2021-08-26T05:58:34+00:00\",\"dateModified\":\"2021-08-27T11:02:25+00:00\",\"breadcrumb\":{\"@id\":\"https:\/\/infoecos.com.ar\/index.php\/dos-legisladoras-nacionales-del-fdt-no-quieren-darle-participacion-a-entidades-agropecuarias-en-la-conduccion-del-inta\/#breadcrumb\"},\"inLanguage\":\"es\",\"potentialAction\":[{\"@type\":\"ReadAction\",\"target\":[\"https:\/\/infoecos.com.ar\/index.php\/dos-legisladoras-nacionales-del-fdt-no-quieren-darle-participacion-a-entidades-agropecuarias-en-la-conduccion-del-inta\/\"]}]},{\"@type\":\"ImageObject\",\"inLanguage\":\"es\",\"@id\":\"https:\/\/infoecos.com.ar\/index.php\/dos-legisladoras-nacionales-del-fdt-no-quieren-darle-participacion-a-entidades-agropecuarias-en-la-conduccion-del-inta\/#primaryimage\",\"url\":\"https:\/\/infoecos.com.ar\/wp-content\/uploads\/2021\/08\/Intalogo.png\",\"contentUrl\":\"https:\/\/infoecos.com.ar\/wp-content\/uploads\/2021\/08\/Intalogo.png\",\"width\":619,\"height\":532},{\"@type\":\"BreadcrumbList\",\"@id\":\"https:\/\/infoecos.com.ar\/index.php\/dos-legisladoras-nacionales-del-fdt-no-quieren-darle-participacion-a-entidades-agropecuarias-en-la-conduccion-del-inta\/#breadcrumb\",\"itemListElement\":[{\"@type\":\"ListItem\",\"position\":1,\"name\":\"Portada\",\"item\":\"https:\/\/infoecos.com.ar\/\"},{\"@type\":\"ListItem\",\"position\":2,\"name\":\"Dos legisladoras nacionales del FdT no quieren darle participaci\u00f3n a entidades agropecuarias en la conducci\u00f3n del INTA\"}]},{\"@type\":\"WebSite\",\"@id\":\"https:\/\/infoecos.com.ar\/#website\",\"url\":\"https:\/\/infoecos.com.ar\/\",\"name\":\"Infoecos\",\"description\":\"Noticias de trenque lauquen y la zona\",\"publisher\":{\"@id\":\"https:\/\/infoecos.com.ar\/#organization\"},\"alternateName\":\"Noticias\",\"potentialAction\":[{\"@type\":\"SearchAction\",\"target\":{\"@type\":\"EntryPoint\",\"urlTemplate\":\"https:\/\/infoecos.com.ar\/?s={search_term_string}\"},\"query-input\":{\"@type\":\"PropertyValueSpecification\",\"valueRequired\":true,\"valueName\":\"search_term_string\"}}],\"inLanguage\":\"es\"},{\"@type\":\"Organization\",\"@id\":\"https:\/\/infoecos.com.ar\/#organization\",\"name\":\"Infoecos\",\"alternateName\":\"Noticias\",\"url\":\"https:\/\/infoecos.com.ar\/\",\"logo\":{\"@type\":\"ImageObject\",\"inLanguage\":\"es\",\"@id\":\"https:\/\/infoecos.com.ar\/#\/schema\/logo\/image\/\",\"url\":\"https:\/\/infoecos.com.ar\/wp-content\/uploads\/2024\/03\/cropped-logo.png\",\"contentUrl\":\"https:\/\/infoecos.com.ar\/wp-content\/uploads\/2024\/03\/cropped-logo.png\",\"width\":374,\"height\":90,\"caption\":\"Infoecos\"},\"image\":{\"@id\":\"https:\/\/infoecos.com.ar\/#\/schema\/logo\/image\/\"},\"sameAs\":[\"https:\/\/www.facebook.com\/profile.php?id=100063200290284\",\"https:\/\/x.com\/infoecos\"]},{\"@type\":\"Person\",\"@id\":\"https:\/\/infoecos.com.ar\/#\/schema\/person\/8f5ace5ce73b4b4aac4b7245aee6f191\",\"name\":\"Jorge Matheus\",\"url\":\"https:\/\/infoecos.com.ar\/index.php\/author\/jomatheus\/\"}]}<\/script>\n<!-- \/ Yoast SEO plugin. -->","yoast_head_json":{"title":"Dos legisladoras nacionales del FdT no quieren darle participaci\u00f3n a entidades agropecuarias en la conducci\u00f3n del INTA - Infoecos","robots":{"index":"index","follow":"follow","max-snippet":"max-snippet:-1","max-image-preview":"max-image-preview:large","max-video-preview":"max-video-preview:-1"},"canonical":"https:\/\/infoecos.com.ar\/index.php\/dos-legisladoras-nacionales-del-fdt-no-quieren-darle-participacion-a-entidades-agropecuarias-en-la-conduccion-del-inta\/","og_locale":"es_ES","og_type":"article","og_title":"Dos legisladoras nacionales del FdT no quieren darle participaci\u00f3n a entidades agropecuarias en la conducci\u00f3n del INTA - Infoecos","og_description":"La entidad sostuvo que \u201csolicitamos a los legisladores nacionales que veten este intento de avasallar al INTA, imposibilitando que se vulneren los derechos adquiridos de las entidades \"","og_url":"https:\/\/infoecos.com.ar\/index.php\/dos-legisladoras-nacionales-del-fdt-no-quieren-darle-participacion-a-entidades-agropecuarias-en-la-conduccion-del-inta\/","og_site_name":"Infoecos","article_publisher":"https:\/\/www.facebook.com\/profile.php?id=100063200290284","article_published_time":"2021-08-26T05:58:34+00:00","article_modified_time":"2021-08-27T11:02:25+00:00","og_image":[{"width":619,"height":532,"url":"https:\/\/infoecos.com.ar\/wp-content\/uploads\/2021\/08\/Intalogo.png","type":"image\/png"}],"author":"Jorge Matheus","twitter_card":"summary_large_image","twitter_creator":"@infoecos","twitter_site":"@infoecos","twitter_misc":{"Escrito por":"Jorge Matheus","Tiempo de lectura":"1 minuto"},"schema":{"@context":"https:\/\/schema.org","@graph":[{"@type":"Article","@id":"https:\/\/infoecos.com.ar\/index.php\/dos-legisladoras-nacionales-del-fdt-no-quieren-darle-participacion-a-entidades-agropecuarias-en-la-conduccion-del-inta\/#article","isPartOf":{"@id":"https:\/\/infoecos.com.ar\/index.php\/dos-legisladoras-nacionales-del-fdt-no-quieren-darle-participacion-a-entidades-agropecuarias-en-la-conduccion-del-inta\/"},"author":{"name":"Jorge Matheus","@id":"https:\/\/infoecos.com.ar\/#\/schema\/person\/8f5ace5ce73b4b4aac4b7245aee6f191"},"headline":"Dos legisladoras nacionales del FdT no quieren darle participaci\u00f3n a entidades agropecuarias en la conducci\u00f3n del INTA","datePublished":"2021-08-26T05:58:34+00:00","dateModified":"2021-08-27T11:02:25+00:00","mainEntityOfPage":{"@id":"https:\/\/infoecos.com.ar\/index.php\/dos-legisladoras-nacionales-del-fdt-no-quieren-darle-participacion-a-entidades-agropecuarias-en-la-conduccion-del-inta\/"},"wordCount":226,"publisher":{"@id":"https:\/\/infoecos.com.ar\/#organization"},"image":{"@id":"https:\/\/infoecos.com.ar\/index.php\/dos-legisladoras-nacionales-del-fdt-no-quieren-darle-participacion-a-entidades-agropecuarias-en-la-conduccion-del-inta\/#primaryimage"},"thumbnailUrl":"https:\/\/infoecos.com.ar\/wp-content\/uploads\/2021\/08\/Intalogo.png","keywords":["CARBAP DIO A CONOCER UN COMUNICADO"],"articleSection":["Bloque inferior - 13"],"inLanguage":"es"},{"@type":"WebPage","@id":"https:\/\/infoecos.com.ar\/index.php\/dos-legisladoras-nacionales-del-fdt-no-quieren-darle-participacion-a-entidades-agropecuarias-en-la-conduccion-del-inta\/","url":"https:\/\/infoecos.com.ar\/index.php\/dos-legisladoras-nacionales-del-fdt-no-quieren-darle-participacion-a-entidades-agropecuarias-en-la-conduccion-del-inta\/","name":"Dos legisladoras nacionales del FdT no quieren darle participaci\u00f3n a entidades agropecuarias en la conducci\u00f3n del INTA - Infoecos","isPartOf":{"@id":"https:\/\/infoecos.com.ar\/#website"},"primaryImageOfPage":{"@id":"https:\/\/infoecos.com.ar\/index.php\/dos-legisladoras-nacionales-del-fdt-no-quieren-darle-participacion-a-entidades-agropecuarias-en-la-conduccion-del-inta\/#primaryimage"},"image":{"@id":"https:\/\/infoecos.com.ar\/index.php\/dos-legisladoras-nacionales-del-fdt-no-quieren-darle-participacion-a-entidades-agropecuarias-en-la-conduccion-del-inta\/#primaryimage"},"thumbnailUrl":"https:\/\/infoecos.com.ar\/wp-content\/uploads\/2021\/08\/Intalogo.png","datePublished":"2021-08-26T05:58:34+00:00","dateModified":"2021-08-27T11:02:25+00:00","breadcrumb":{"@id":"https:\/\/infoecos.com.ar\/index.php\/dos-legisladoras-nacionales-del-fdt-no-quieren-darle-participacion-a-entidades-agropecuarias-en-la-conduccion-del-inta\/#breadcrumb"},"inLanguage":"es","potentialAction":[{"@type":"ReadAction","target":["https:\/\/infoecos.com.ar\/index.php\/dos-legisladoras-nacionales-del-fdt-no-quieren-darle-participacion-a-entidades-agropecuarias-en-la-conduccion-del-inta\/"]}]},{"@type":"ImageObject","inLanguage":"es","@id":"https:\/\/infoecos.com.ar\/index.php\/dos-legisladoras-nacionales-del-fdt-no-quieren-darle-participacion-a-entidades-agropecuarias-en-la-conduccion-del-inta\/#primaryimage","url":"https:\/\/infoecos.com.ar\/wp-content\/uploads\/2021\/08\/Intalogo.png","contentUrl":"https:\/\/infoecos.com.ar\/wp-content\/uploads\/2021\/08\/Intalogo.png","width":619,"height":532},{"@type":"BreadcrumbList","@id":"https:\/\/infoecos.com.ar\/index.php\/dos-legisladoras-nacionales-del-fdt-no-quieren-darle-participacion-a-entidades-agropecuarias-en-la-conduccion-del-inta\/#breadcrumb","itemListElement":[{"@type":"ListItem","position":1,"name":"Portada","item":"https:\/\/infoecos.com.ar\/"},{"@type":"ListItem","position":2,"name":"Dos legisladoras nacionales del FdT no quieren darle participaci\u00f3n a entidades agropecuarias en la conducci\u00f3n del INTA"}]},{"@type":"WebSite","@id":"https:\/\/infoecos.com.ar\/#website","url":"https:\/\/infoecos.com.ar\/","name":"Infoecos","description":"Noticias de trenque lauquen y la zona","publisher":{"@id":"https:\/\/infoecos.com.ar\/#organization"},"alternateName":"Noticias","potentialAction":[{"@type":"SearchAction","target":{"@type":"EntryPoint","urlTemplate":"https:\/\/infoecos.com.ar\/?s={search_term_string}"},"query-input":{"@type":"PropertyValueSpecification","valueRequired":true,"valueName":"search_term_string"}}],"inLanguage":"es"},{"@type":"Organization","@id":"https:\/\/infoecos.com.ar\/#organization","name":"Infoecos","alternateName":"Noticias","url":"https:\/\/infoecos.com.ar\/","logo":{"@type":"ImageObject","inLanguage":"es","@id":"https:\/\/infoecos.com.ar\/#\/schema\/logo\/image\/","url":"https:\/\/infoecos.com.ar\/wp-content\/uploads\/2024\/03\/cropped-logo.png","contentUrl":"https:\/\/infoecos.com.ar\/wp-content\/uploads\/2024\/03\/cropped-logo.png","width":374,"height":90,"caption":"Infoecos"},"image":{"@id":"https:\/\/infoecos.com.ar\/#\/schema\/logo\/image\/"},"sameAs":["https:\/\/www.facebook.com\/profile.php?id=100063200290284","https:\/\/x.com\/infoecos"]},{"@type":"Person","@id":"https:\/\/infoecos.com.ar\/#\/schema\/person\/8f5ace5ce73b4b4aac4b7245aee6f191","name":"Jorge Matheus","url":"https:\/\/infoecos.com.ar\/index.php\/author\/jomatheus\/"}]}},"featured_image_urls":{"full":["https:\/\/infoecos.com.ar\/wp-content\/uploads\/2021\/08\/Intalogo.png",619,532,false],"thumbnail":["https:\/\/infoecos.com.ar\/wp-content\/uploads\/2021\/08\/Intalogo-150x150.png",150,150,true],"medium":["https:\/\/infoecos.com.ar\/wp-content\/uploads\/2021\/08\/Intalogo-460x395.png",460,395,true],"medium_large":["https:\/\/infoecos.com.ar\/wp-content\/uploads\/2021\/08\/Intalogo.png",619,532,false],"large":["https:\/\/infoecos.com.ar\/wp-content\/uploads\/2021\/08\/Intalogo.png",619,532,false],"1536x1536":["https:\/\/infoecos.com.ar\/wp-content\/uploads\/2021\/08\/Intalogo.png",619,532,false],"2048x2048":["https:\/\/infoecos.com.ar\/wp-content\/uploads\/2021\/08\/Intalogo.png",619,532,false],"covernews-slider-full":["https:\/\/infoecos.com.ar\/wp-content\/uploads\/2021\/08\/Intalogo.png",619,532,false],"covernews-slider-center":["https:\/\/infoecos.com.ar\/wp-content\/uploads\/2021\/08\/Intalogo.png",582,500,false],"covernews-featured":["https:\/\/infoecos.com.ar\/wp-content\/uploads\/2021\/08\/Intalogo.png",619,532,false],"covernews-medium":["https:\/\/infoecos.com.ar\/wp-content\/uploads\/2021\/08\/Intalogo-619x380.png",540,332,true],"covernews-medium-square":["https:\/\/infoecos.com.ar\/wp-content\/uploads\/2021\/08\/Intalogo-619x450.png",344,250,true]},"author_info":{"info":["Jorge Matheus"]},"category_info":"<a href=\"https:\/\/infoecos.com.ar\/index.php\/category\/inferior13\/\" rel=\"category tag\">Bloque inferior - 13<\/a>","tag_info":"Bloque inferior - 13","comment_count":"0","_links":{"self":[{"href":"https:\/\/infoecos.com.ar\/index.php\/wp-json\/wp\/v2\/posts\/84248"}],"collection":[{"href":"https:\/\/infoecos.com.ar\/index.php\/wp-json\/wp\/v2\/posts"}],"about":[{"href":"https:\/\/infoecos.com.ar\/index.php\/wp-json\/wp\/v2\/types\/post"}],"author":[{"embeddable":true,"href":"https:\/\/infoecos.com.ar\/index.php\/wp-json\/wp\/v2\/users\/2"}],"replies":[{"embeddable":true,"href":"https:\/\/infoecos.com.ar\/index.php\/wp-json\/wp\/v2\/comments?post=84248"}],"version-history":[{"count":1,"href":"https:\/\/infoecos.com.ar\/index.php\/wp-json\/wp\/v2\/posts\/84248\/revisions"}],"predecessor-version":[{"id":84250,"href":"https:\/\/infoecos.com.ar\/index.php\/wp-json\/wp\/v2\/posts\/84248\/revisions\/84250"}],"wp:featuredmedia":[{"embeddable":true,"href":"https:\/\/infoecos.com.ar\/index.php\/wp-json\/wp\/v2\/media\/84249"}],"wp:attachment":[{"href":"https:\/\/infoecos.com.ar\/index.php\/wp-json\/wp\/v2\/media?parent=84248"}],"wp:term":[{"taxonomy":"category","embeddable":true,"href":"https:\/\/infoecos.com.ar\/index.php\/wp-json\/wp\/v2\/categories?post=84248"},{"taxonomy":"post_tag","embeddable":true,"href":"https:\/\/infoecos.com.ar\/index.php\/wp-json\/wp\/v2\/tags?post=84248"}],"curies":[{"name":"wp","href":"https:\/\/api.w.org\/{rel}","templated":true}]}}