{"id":84257,"date":"2021-08-26T03:45:28","date_gmt":"2021-08-26T06:45:28","guid":{"rendered":"http:\/\/infoecos.com.ar\/?p=84257"},"modified":"2021-08-27T08:19:57","modified_gmt":"2021-08-27T11:19:57","slug":"veredas-y-senderos-de-espacios-verdes-de-30-de-agosto-son-pintados-por-el-mes-de-la-ninez","status":"publish","type":"post","link":"https:\/\/infoecos.com.ar\/index.php\/veredas-y-senderos-de-espacios-verdes-de-30-de-agosto-son-pintados-por-el-mes-de-la-ninez\/","title":{"rendered":"Veredas y Senderos de Espacios Verdes de 30 de Agosto son pintados por el Mes de la Ni\u00f1ez"},"content":{"rendered":"\n<p>A partir de una iniciativa del Centro Infantil Municipal \u201cPadre Carlos Piovesan\u201d de Treinta de Agosto y con la colaboraci\u00f3n de profesores y referentes de talleres de arte que est\u00e1n orientados a ni\u00f1os y ni\u00f1as de la comunidad, se comenzaron a pintar \u201cCircuitos Motores\u201d en las veredas y sendas peatonales linderas a los juegos infantiles en distintos espacios verdes de la ciudad.<\/p>\n\n\n\n<div class=\"wp-block-image is-style-default\"><figure class=\"aligncenter size-medium\"><img loading=\"lazy\" decoding=\"async\" width=\"460\" height=\"345\" src=\"http:\/\/infoecos.com.ar\/wp-content\/uploads\/2021\/08\/Circuitos-motores-2-460x345.jpeg\" alt=\"\" class=\"wp-image-84258\" srcset=\"https:\/\/infoecos.com.ar\/wp-content\/uploads\/2021\/08\/Circuitos-motores-2-460x345.jpeg 460w, https:\/\/infoecos.com.ar\/wp-content\/uploads\/2021\/08\/Circuitos-motores-2-920x690.jpeg 920w, https:\/\/infoecos.com.ar\/wp-content\/uploads\/2021\/08\/Circuitos-motores-2-768x576.jpeg 768w, https:\/\/infoecos.com.ar\/wp-content\/uploads\/2021\/08\/Circuitos-motores-2-1024x768.jpeg 1024w, https:\/\/infoecos.com.ar\/wp-content\/uploads\/2021\/08\/Circuitos-motores-2.jpeg 1040w\" sizes=\"(max-width: 460px) 100vw, 460px\" \/><\/figure><\/div>\n\n\n\n<p>El objetivo de la propuesta es celebrar el \u201cMes de las Infancias\u201d, que se conmemora en&nbsp; agosto, de una manera distinta teniendo en cuenta la imposibilidad de llevar a cabo los festejos tradicionales debido a la situaci\u00f3n sanitaria provocada por la pandemia de Covid-19.<\/p>\n\n\n\n<p>Desde la instituci\u00f3n consideran que los ni\u00f1os y ni\u00f1as han logrado adaptarse de la mejor manera al contexto que impone la pandemia y por tal motivo propuso realizar estas intervenciones en senderos cercanos a parques infantiles con el objetivo de fomentar y acompa\u00f1ar el juego de los ni\u00f1os al aire libre con arte y color.<\/p>\n\n\n\n<div class=\"wp-block-image is-style-default\"><figure class=\"aligncenter size-medium\"><img loading=\"lazy\" decoding=\"async\" width=\"460\" height=\"224\" src=\"http:\/\/infoecos.com.ar\/wp-content\/uploads\/2021\/08\/Circuitos-motores-460x224.jpeg\" alt=\"\" class=\"wp-image-84259\" srcset=\"https:\/\/infoecos.com.ar\/wp-content\/uploads\/2021\/08\/Circuitos-motores-460x224.jpeg 460w, https:\/\/infoecos.com.ar\/wp-content\/uploads\/2021\/08\/Circuitos-motores-920x447.jpeg 920w, https:\/\/infoecos.com.ar\/wp-content\/uploads\/2021\/08\/Circuitos-motores-768x373.jpeg 768w, https:\/\/infoecos.com.ar\/wp-content\/uploads\/2021\/08\/Circuitos-motores-1024x498.jpeg 1024w, https:\/\/infoecos.com.ar\/wp-content\/uploads\/2021\/08\/Circuitos-motores.jpeg 1280w\" sizes=\"(max-width: 460px) 100vw, 460px\" \/><\/figure><\/div>\n\n\n\n<p>La idea es que los ni\u00f1os y ni\u00f1as puedan ir descubriendo los espacios preparados especialmente para ellos y agasajarlos en este mes de la ni\u00f1ez.<\/p>\n\n\n\n<p>Los bosquejos de las pintadas y las zonas a intervenir fueron consensuadas por todos los que participan del proyecto: integrantes del Centro Infantil Municipal, los profesores Ana Nuevo, Micaela Moriamez, Nora Olaz\u00e1bal, Mart\u00edn Grau, Consuelo Albo y docentes que representan al Jard\u00edn Maternal \u201cUpa La-La\u201d, Molinitos de Viento y Escuela Municipal de Treinta de Agosto.<\/p>\n","protected":false},"excerpt":{"rendered":"<p>La idea es que los ni\u00f1os y ni\u00f1as puedan ir descubriendo los espacios preparados especialmente para ellos y agasajarlos en este mes de la ni\u00f1ez<\/p>\n","protected":false},"author":2,"featured_media":84259,"comment_status":"closed","ping_status":"open","sticky":false,"template":"","format":"standard","meta":{"footnotes":""},"categories":[1330],"tags":[4875],"class_list":["post-84257","post","type-post","status-publish","format-standard","has-post-thumbnail","hentry","category-inferior10","tag-iniciativa-del-centro-infantil-municipal"],"yoast_head":"<!-- This site is optimized with the Yoast SEO plugin v23.4 - https:\/\/yoast.com\/wordpress\/plugins\/seo\/ -->\n<title>Veredas y Senderos de Espacios Verdes de 30 de Agosto son pintados por el Mes de la Ni\u00f1ez - Infoecos<\/title>\n<meta name=\"robots\" content=\"index, follow, max-snippet:-1, max-image-preview:large, max-video-preview:-1\" \/>\n<link rel=\"canonical\" href=\"https:\/\/infoecos.com.ar\/index.php\/veredas-y-senderos-de-espacios-verdes-de-30-de-agosto-son-pintados-por-el-mes-de-la-ninez\/\" \/>\n<meta property=\"og:locale\" content=\"es_ES\" \/>\n<meta property=\"og:type\" content=\"article\" \/>\n<meta property=\"og:title\" content=\"Veredas y Senderos de Espacios Verdes de 30 de Agosto son pintados por el Mes de la Ni\u00f1ez - Infoecos\" \/>\n<meta property=\"og:description\" content=\"La idea es que los ni\u00f1os y ni\u00f1as puedan ir descubriendo los espacios preparados especialmente para ellos y agasajarlos en este mes de la ni\u00f1ez\" \/>\n<meta property=\"og:url\" content=\"https:\/\/infoecos.com.ar\/index.php\/veredas-y-senderos-de-espacios-verdes-de-30-de-agosto-son-pintados-por-el-mes-de-la-ninez\/\" \/>\n<meta property=\"og:site_name\" content=\"Infoecos\" \/>\n<meta property=\"article:publisher\" content=\"https:\/\/www.facebook.com\/profile.php?id=100063200290284\" \/>\n<meta property=\"article:published_time\" content=\"2021-08-26T06:45:28+00:00\" \/>\n<meta property=\"article:modified_time\" content=\"2021-08-27T11:19:57+00:00\" \/>\n<meta property=\"og:image\" content=\"https:\/\/infoecos.com.ar\/wp-content\/uploads\/2021\/08\/Circuitos-motores.jpeg\" \/>\n\t<meta property=\"og:image:width\" content=\"1280\" \/>\n\t<meta property=\"og:image:height\" content=\"622\" \/>\n\t<meta property=\"og:image:type\" content=\"image\/jpeg\" \/>\n<meta name=\"author\" content=\"Jorge Matheus\" \/>\n<meta name=\"twitter:card\" content=\"summary_large_image\" \/>\n<meta name=\"twitter:creator\" content=\"@infoecos\" \/>\n<meta name=\"twitter:site\" content=\"@infoecos\" \/>\n<meta name=\"twitter:label1\" content=\"Escrito por\" \/>\n\t<meta name=\"twitter:data1\" content=\"Jorge Matheus\" \/>\n\t<meta name=\"twitter:label2\" content=\"Tiempo de lectura\" \/>\n\t<meta name=\"twitter:data2\" content=\"1 minuto\" \/>\n<script type=\"application\/ld+json\" class=\"yoast-schema-graph\">{\"@context\":\"https:\/\/schema.org\",\"@graph\":[{\"@type\":\"Article\",\"@id\":\"https:\/\/infoecos.com.ar\/index.php\/veredas-y-senderos-de-espacios-verdes-de-30-de-agosto-son-pintados-por-el-mes-de-la-ninez\/#article\",\"isPartOf\":{\"@id\":\"https:\/\/infoecos.com.ar\/index.php\/veredas-y-senderos-de-espacios-verdes-de-30-de-agosto-son-pintados-por-el-mes-de-la-ninez\/\"},\"author\":{\"name\":\"Jorge Matheus\",\"@id\":\"https:\/\/infoecos.com.ar\/#\/schema\/person\/8f5ace5ce73b4b4aac4b7245aee6f191\"},\"headline\":\"Veredas y Senderos de Espacios Verdes de 30 de Agosto son pintados por el Mes de la Ni\u00f1ez\",\"datePublished\":\"2021-08-26T06:45:28+00:00\",\"dateModified\":\"2021-08-27T11:19:57+00:00\",\"mainEntityOfPage\":{\"@id\":\"https:\/\/infoecos.com.ar\/index.php\/veredas-y-senderos-de-espacios-verdes-de-30-de-agosto-son-pintados-por-el-mes-de-la-ninez\/\"},\"wordCount\":276,\"publisher\":{\"@id\":\"https:\/\/infoecos.com.ar\/#organization\"},\"image\":{\"@id\":\"https:\/\/infoecos.com.ar\/index.php\/veredas-y-senderos-de-espacios-verdes-de-30-de-agosto-son-pintados-por-el-mes-de-la-ninez\/#primaryimage\"},\"thumbnailUrl\":\"https:\/\/infoecos.com.ar\/wp-content\/uploads\/2021\/08\/Circuitos-motores.jpeg\",\"keywords\":[\"iniciativa del centro infantil municipal\"],\"articleSection\":[\"Bloque inferior - 10\"],\"inLanguage\":\"es\"},{\"@type\":\"WebPage\",\"@id\":\"https:\/\/infoecos.com.ar\/index.php\/veredas-y-senderos-de-espacios-verdes-de-30-de-agosto-son-pintados-por-el-mes-de-la-ninez\/\",\"url\":\"https:\/\/infoecos.com.ar\/index.php\/veredas-y-senderos-de-espacios-verdes-de-30-de-agosto-son-pintados-por-el-mes-de-la-ninez\/\",\"name\":\"Veredas y Senderos de Espacios Verdes de 30 de Agosto son pintados por el Mes de la Ni\u00f1ez - Infoecos\",\"isPartOf\":{\"@id\":\"https:\/\/infoecos.com.ar\/#website\"},\"primaryImageOfPage\":{\"@id\":\"https:\/\/infoecos.com.ar\/index.php\/veredas-y-senderos-de-espacios-verdes-de-30-de-agosto-son-pintados-por-el-mes-de-la-ninez\/#primaryimage\"},\"image\":{\"@id\":\"https:\/\/infoecos.com.ar\/index.php\/veredas-y-senderos-de-espacios-verdes-de-30-de-agosto-son-pintados-por-el-mes-de-la-ninez\/#primaryimage\"},\"thumbnailUrl\":\"https:\/\/infoecos.com.ar\/wp-content\/uploads\/2021\/08\/Circuitos-motores.jpeg\",\"datePublished\":\"2021-08-26T06:45:28+00:00\",\"dateModified\":\"2021-08-27T11:19:57+00:00\",\"breadcrumb\":{\"@id\":\"https:\/\/infoecos.com.ar\/index.php\/veredas-y-senderos-de-espacios-verdes-de-30-de-agosto-son-pintados-por-el-mes-de-la-ninez\/#breadcrumb\"},\"inLanguage\":\"es\",\"potentialAction\":[{\"@type\":\"ReadAction\",\"target\":[\"https:\/\/infoecos.com.ar\/index.php\/veredas-y-senderos-de-espacios-verdes-de-30-de-agosto-son-pintados-por-el-mes-de-la-ninez\/\"]}]},{\"@type\":\"ImageObject\",\"inLanguage\":\"es\",\"@id\":\"https:\/\/infoecos.com.ar\/index.php\/veredas-y-senderos-de-espacios-verdes-de-30-de-agosto-son-pintados-por-el-mes-de-la-ninez\/#primaryimage\",\"url\":\"https:\/\/infoecos.com.ar\/wp-content\/uploads\/2021\/08\/Circuitos-motores.jpeg\",\"contentUrl\":\"https:\/\/infoecos.com.ar\/wp-content\/uploads\/2021\/08\/Circuitos-motores.jpeg\",\"width\":1280,\"height\":622},{\"@type\":\"BreadcrumbList\",\"@id\":\"https:\/\/infoecos.com.ar\/index.php\/veredas-y-senderos-de-espacios-verdes-de-30-de-agosto-son-pintados-por-el-mes-de-la-ninez\/#breadcrumb\",\"itemListElement\":[{\"@type\":\"ListItem\",\"position\":1,\"name\":\"Portada\",\"item\":\"https:\/\/infoecos.com.ar\/\"},{\"@type\":\"ListItem\",\"position\":2,\"name\":\"Veredas y Senderos de Espacios Verdes de 30 de Agosto son pintados por el Mes de la Ni\u00f1ez\"}]},{\"@type\":\"WebSite\",\"@id\":\"https:\/\/infoecos.com.ar\/#website\",\"url\":\"https:\/\/infoecos.com.ar\/\",\"name\":\"Infoecos\",\"description\":\"Noticias de trenque lauquen y la zona\",\"publisher\":{\"@id\":\"https:\/\/infoecos.com.ar\/#organization\"},\"alternateName\":\"Noticias\",\"potentialAction\":[{\"@type\":\"SearchAction\",\"target\":{\"@type\":\"EntryPoint\",\"urlTemplate\":\"https:\/\/infoecos.com.ar\/?s={search_term_string}\"},\"query-input\":{\"@type\":\"PropertyValueSpecification\",\"valueRequired\":true,\"valueName\":\"search_term_string\"}}],\"inLanguage\":\"es\"},{\"@type\":\"Organization\",\"@id\":\"https:\/\/infoecos.com.ar\/#organization\",\"name\":\"Infoecos\",\"alternateName\":\"Noticias\",\"url\":\"https:\/\/infoecos.com.ar\/\",\"logo\":{\"@type\":\"ImageObject\",\"inLanguage\":\"es\",\"@id\":\"https:\/\/infoecos.com.ar\/#\/schema\/logo\/image\/\",\"url\":\"https:\/\/infoecos.com.ar\/wp-content\/uploads\/2024\/03\/cropped-logo.png\",\"contentUrl\":\"https:\/\/infoecos.com.ar\/wp-content\/uploads\/2024\/03\/cropped-logo.png\",\"width\":374,\"height\":90,\"caption\":\"Infoecos\"},\"image\":{\"@id\":\"https:\/\/infoecos.com.ar\/#\/schema\/logo\/image\/\"},\"sameAs\":[\"https:\/\/www.facebook.com\/profile.php?id=100063200290284\",\"https:\/\/x.com\/infoecos\"]},{\"@type\":\"Person\",\"@id\":\"https:\/\/infoecos.com.ar\/#\/schema\/person\/8f5ace5ce73b4b4aac4b7245aee6f191\",\"name\":\"Jorge Matheus\",\"url\":\"https:\/\/infoecos.com.ar\/index.php\/author\/jomatheus\/\"}]}<\/script>\n<!-- \/ Yoast SEO plugin. -->","yoast_head_json":{"title":"Veredas y Senderos de Espacios Verdes de 30 de Agosto son pintados por el Mes de la Ni\u00f1ez - Infoecos","robots":{"index":"index","follow":"follow","max-snippet":"max-snippet:-1","max-image-preview":"max-image-preview:large","max-video-preview":"max-video-preview:-1"},"canonical":"https:\/\/infoecos.com.ar\/index.php\/veredas-y-senderos-de-espacios-verdes-de-30-de-agosto-son-pintados-por-el-mes-de-la-ninez\/","og_locale":"es_ES","og_type":"article","og_title":"Veredas y Senderos de Espacios Verdes de 30 de Agosto son pintados por el Mes de la Ni\u00f1ez - Infoecos","og_description":"La idea es que los ni\u00f1os y ni\u00f1as puedan ir descubriendo los espacios preparados especialmente para ellos y agasajarlos en este mes de la ni\u00f1ez","og_url":"https:\/\/infoecos.com.ar\/index.php\/veredas-y-senderos-de-espacios-verdes-de-30-de-agosto-son-pintados-por-el-mes-de-la-ninez\/","og_site_name":"Infoecos","article_publisher":"https:\/\/www.facebook.com\/profile.php?id=100063200290284","article_published_time":"2021-08-26T06:45:28+00:00","article_modified_time":"2021-08-27T11:19:57+00:00","og_image":[{"width":1280,"height":622,"url":"https:\/\/infoecos.com.ar\/wp-content\/uploads\/2021\/08\/Circuitos-motores.jpeg","type":"image\/jpeg"}],"author":"Jorge Matheus","twitter_card":"summary_large_image","twitter_creator":"@infoecos","twitter_site":"@infoecos","twitter_misc":{"Escrito por":"Jorge Matheus","Tiempo de lectura":"1 minuto"},"schema":{"@context":"https:\/\/schema.org","@graph":[{"@type":"Article","@id":"https:\/\/infoecos.com.ar\/index.php\/veredas-y-senderos-de-espacios-verdes-de-30-de-agosto-son-pintados-por-el-mes-de-la-ninez\/#article","isPartOf":{"@id":"https:\/\/infoecos.com.ar\/index.php\/veredas-y-senderos-de-espacios-verdes-de-30-de-agosto-son-pintados-por-el-mes-de-la-ninez\/"},"author":{"name":"Jorge Matheus","@id":"https:\/\/infoecos.com.ar\/#\/schema\/person\/8f5ace5ce73b4b4aac4b7245aee6f191"},"headline":"Veredas y Senderos de Espacios Verdes de 30 de Agosto son pintados por el Mes de la Ni\u00f1ez","datePublished":"2021-08-26T06:45:28+00:00","dateModified":"2021-08-27T11:19:57+00:00","mainEntityOfPage":{"@id":"https:\/\/infoecos.com.ar\/index.php\/veredas-y-senderos-de-espacios-verdes-de-30-de-agosto-son-pintados-por-el-mes-de-la-ninez\/"},"wordCount":276,"publisher":{"@id":"https:\/\/infoecos.com.ar\/#organization"},"image":{"@id":"https:\/\/infoecos.com.ar\/index.php\/veredas-y-senderos-de-espacios-verdes-de-30-de-agosto-son-pintados-por-el-mes-de-la-ninez\/#primaryimage"},"thumbnailUrl":"https:\/\/infoecos.com.ar\/wp-content\/uploads\/2021\/08\/Circuitos-motores.jpeg","keywords":["iniciativa del centro infantil municipal"],"articleSection":["Bloque inferior - 10"],"inLanguage":"es"},{"@type":"WebPage","@id":"https:\/\/infoecos.com.ar\/index.php\/veredas-y-senderos-de-espacios-verdes-de-30-de-agosto-son-pintados-por-el-mes-de-la-ninez\/","url":"https:\/\/infoecos.com.ar\/index.php\/veredas-y-senderos-de-espacios-verdes-de-30-de-agosto-son-pintados-por-el-mes-de-la-ninez\/","name":"Veredas y Senderos de Espacios Verdes de 30 de Agosto son pintados por el Mes de la Ni\u00f1ez - Infoecos","isPartOf":{"@id":"https:\/\/infoecos.com.ar\/#website"},"primaryImageOfPage":{"@id":"https:\/\/infoecos.com.ar\/index.php\/veredas-y-senderos-de-espacios-verdes-de-30-de-agosto-son-pintados-por-el-mes-de-la-ninez\/#primaryimage"},"image":{"@id":"https:\/\/infoecos.com.ar\/index.php\/veredas-y-senderos-de-espacios-verdes-de-30-de-agosto-son-pintados-por-el-mes-de-la-ninez\/#primaryimage"},"thumbnailUrl":"https:\/\/infoecos.com.ar\/wp-content\/uploads\/2021\/08\/Circuitos-motores.jpeg","datePublished":"2021-08-26T06:45:28+00:00","dateModified":"2021-08-27T11:19:57+00:00","breadcrumb":{"@id":"https:\/\/infoecos.com.ar\/index.php\/veredas-y-senderos-de-espacios-verdes-de-30-de-agosto-son-pintados-por-el-mes-de-la-ninez\/#breadcrumb"},"inLanguage":"es","potentialAction":[{"@type":"ReadAction","target":["https:\/\/infoecos.com.ar\/index.php\/veredas-y-senderos-de-espacios-verdes-de-30-de-agosto-son-pintados-por-el-mes-de-la-ninez\/"]}]},{"@type":"ImageObject","inLanguage":"es","@id":"https:\/\/infoecos.com.ar\/index.php\/veredas-y-senderos-de-espacios-verdes-de-30-de-agosto-son-pintados-por-el-mes-de-la-ninez\/#primaryimage","url":"https:\/\/infoecos.com.ar\/wp-content\/uploads\/2021\/08\/Circuitos-motores.jpeg","contentUrl":"https:\/\/infoecos.com.ar\/wp-content\/uploads\/2021\/08\/Circuitos-motores.jpeg","width":1280,"height":622},{"@type":"BreadcrumbList","@id":"https:\/\/infoecos.com.ar\/index.php\/veredas-y-senderos-de-espacios-verdes-de-30-de-agosto-son-pintados-por-el-mes-de-la-ninez\/#breadcrumb","itemListElement":[{"@type":"ListItem","position":1,"name":"Portada","item":"https:\/\/infoecos.com.ar\/"},{"@type":"ListItem","position":2,"name":"Veredas y Senderos de Espacios Verdes de 30 de Agosto son pintados por el Mes de la Ni\u00f1ez"}]},{"@type":"WebSite","@id":"https:\/\/infoecos.com.ar\/#website","url":"https:\/\/infoecos.com.ar\/","name":"Infoecos","description":"Noticias de trenque lauquen y la zona","publisher":{"@id":"https:\/\/infoecos.com.ar\/#organization"},"alternateName":"Noticias","potentialAction":[{"@type":"SearchAction","target":{"@type":"EntryPoint","urlTemplate":"https:\/\/infoecos.com.ar\/?s={search_term_string}"},"query-input":{"@type":"PropertyValueSpecification","valueRequired":true,"valueName":"search_term_string"}}],"inLanguage":"es"},{"@type":"Organization","@id":"https:\/\/infoecos.com.ar\/#organization","name":"Infoecos","alternateName":"Noticias","url":"https:\/\/infoecos.com.ar\/","logo":{"@type":"ImageObject","inLanguage":"es","@id":"https:\/\/infoecos.com.ar\/#\/schema\/logo\/image\/","url":"https:\/\/infoecos.com.ar\/wp-content\/uploads\/2024\/03\/cropped-logo.png","contentUrl":"https:\/\/infoecos.com.ar\/wp-content\/uploads\/2024\/03\/cropped-logo.png","width":374,"height":90,"caption":"Infoecos"},"image":{"@id":"https:\/\/infoecos.com.ar\/#\/schema\/logo\/image\/"},"sameAs":["https:\/\/www.facebook.com\/profile.php?id=100063200290284","https:\/\/x.com\/infoecos"]},{"@type":"Person","@id":"https:\/\/infoecos.com.ar\/#\/schema\/person\/8f5ace5ce73b4b4aac4b7245aee6f191","name":"Jorge Matheus","url":"https:\/\/infoecos.com.ar\/index.php\/author\/jomatheus\/"}]}},"featured_image_urls":{"full":["https:\/\/infoecos.com.ar\/wp-content\/uploads\/2021\/08\/Circuitos-motores.jpeg",1280,622,false],"thumbnail":["https:\/\/infoecos.com.ar\/wp-content\/uploads\/2021\/08\/Circuitos-motores-150x150.jpeg",150,150,true],"medium":["https:\/\/infoecos.com.ar\/wp-content\/uploads\/2021\/08\/Circuitos-motores-460x224.jpeg",460,224,true],"medium_large":["https:\/\/infoecos.com.ar\/wp-content\/uploads\/2021\/08\/Circuitos-motores-768x373.jpeg",640,311,true],"large":["https:\/\/infoecos.com.ar\/wp-content\/uploads\/2021\/08\/Circuitos-motores-920x447.jpeg",640,311,true],"1536x1536":["https:\/\/infoecos.com.ar\/wp-content\/uploads\/2021\/08\/Circuitos-motores.jpeg",1280,622,false],"2048x2048":["https:\/\/infoecos.com.ar\/wp-content\/uploads\/2021\/08\/Circuitos-motores.jpeg",1280,622,false],"covernews-slider-full":["https:\/\/infoecos.com.ar\/wp-content\/uploads\/2021\/08\/Circuitos-motores.jpeg",1115,542,false],"covernews-slider-center":["https:\/\/infoecos.com.ar\/wp-content\/uploads\/2021\/08\/Circuitos-motores-936x622.jpeg",752,500,true],"covernews-featured":["https:\/\/infoecos.com.ar\/wp-content\/uploads\/2021\/08\/Circuitos-motores-1024x498.jpeg",1024,498,true],"covernews-medium":["https:\/\/infoecos.com.ar\/wp-content\/uploads\/2021\/08\/Circuitos-motores-720x380.jpeg",540,285,true],"covernews-medium-square":["https:\/\/infoecos.com.ar\/wp-content\/uploads\/2021\/08\/Circuitos-motores-675x450.jpeg",375,250,true]},"author_info":{"info":["Jorge Matheus"]},"category_info":"<a href=\"https:\/\/infoecos.com.ar\/index.php\/category\/inferior10\/\" rel=\"category tag\">Bloque inferior - 10<\/a>","tag_info":"Bloque inferior - 10","comment_count":"0","_links":{"self":[{"href":"https:\/\/infoecos.com.ar\/index.php\/wp-json\/wp\/v2\/posts\/84257"}],"collection":[{"href":"https:\/\/infoecos.com.ar\/index.php\/wp-json\/wp\/v2\/posts"}],"about":[{"href":"https:\/\/infoecos.com.ar\/index.php\/wp-json\/wp\/v2\/types\/post"}],"author":[{"embeddable":true,"href":"https:\/\/infoecos.com.ar\/index.php\/wp-json\/wp\/v2\/users\/2"}],"replies":[{"embeddable":true,"href":"https:\/\/infoecos.com.ar\/index.php\/wp-json\/wp\/v2\/comments?post=84257"}],"version-history":[{"count":1,"href":"https:\/\/infoecos.com.ar\/index.php\/wp-json\/wp\/v2\/posts\/84257\/revisions"}],"predecessor-version":[{"id":84260,"href":"https:\/\/infoecos.com.ar\/index.php\/wp-json\/wp\/v2\/posts\/84257\/revisions\/84260"}],"wp:featuredmedia":[{"embeddable":true,"href":"https:\/\/infoecos.com.ar\/index.php\/wp-json\/wp\/v2\/media\/84259"}],"wp:attachment":[{"href":"https:\/\/infoecos.com.ar\/index.php\/wp-json\/wp\/v2\/media?parent=84257"}],"wp:term":[{"taxonomy":"category","embeddable":true,"href":"https:\/\/infoecos.com.ar\/index.php\/wp-json\/wp\/v2\/categories?post=84257"},{"taxonomy":"post_tag","embeddable":true,"href":"https:\/\/infoecos.com.ar\/index.php\/wp-json\/wp\/v2\/tags?post=84257"}],"curies":[{"name":"wp","href":"https:\/\/api.w.org\/{rel}","templated":true}]}}