{"id":84285,"date":"2021-08-26T05:04:27","date_gmt":"2021-08-26T08:04:27","guid":{"rendered":"http:\/\/infoecos.com.ar\/?p=84285"},"modified":"2021-08-26T05:04:30","modified_gmt":"2021-08-26T08:04:30","slug":"ayer-miercoles-regreso-susana-gimenez-desde-punta-del-este-y-se-queda-hasta-los-primeros-dias-de-octubre","status":"publish","type":"post","link":"https:\/\/infoecos.com.ar\/index.php\/ayer-miercoles-regreso-susana-gimenez-desde-punta-del-este-y-se-queda-hasta-los-primeros-dias-de-octubre\/","title":{"rendered":"Ayer mi\u00e9rcoles regres\u00f3 Susana Gim\u00e9nez desde Punta del Este y se queda hasta los primeros d\u00edas de octubre"},"content":{"rendered":"\n<p><strong>Susana Gim\u00e9nez<\/strong>\u00a0regres\u00f3 a la Argentina luego de una larga estad\u00eda en su chacra La Mary, ubicada en Punta del Este, la ciudad costera de Uruguay. Ese fue el lugar en el que la diva pas\u00f3 buena parte de su confinamiento y tambi\u00e9n en donde transit\u00f3 su recuperaci\u00f3n de un fuerte cuadro de coronavirus.<\/p>\n\n\n\n<div class=\"wp-block-image is-style-default\"><figure class=\"aligncenter size-medium\"><img loading=\"lazy\" decoding=\"async\" width=\"318\" height=\"460\" src=\"http:\/\/infoecos.com.ar\/wp-content\/uploads\/2021\/08\/susanagimenez-318x460.jpg\" alt=\"\" class=\"wp-image-84286\" srcset=\"https:\/\/infoecos.com.ar\/wp-content\/uploads\/2021\/08\/susanagimenez-318x460.jpg 318w, https:\/\/infoecos.com.ar\/wp-content\/uploads\/2021\/08\/susanagimenez-635x920.jpg 635w, https:\/\/infoecos.com.ar\/wp-content\/uploads\/2021\/08\/susanagimenez.jpg 768w\" sizes=\"(max-width: 318px) 100vw, 318px\" \/><\/figure><\/div>\n\n\n\n<p>Lleg\u00f3 al pa\u00eds a las 16.30,\u00a0<strong>arribando al Aeroparque Internacional Jorge Newbery tras un viaje realizado en un avi\u00f3n privado<\/strong>. Los testigos de su llegada vieron que la conductora estuvo acompa\u00f1ada por uno de sus cachorros.<\/p>\n\n\n\n<div class=\"wp-block-image is-style-default\"><figure class=\"aligncenter size-medium\"><img loading=\"lazy\" decoding=\"async\" width=\"460\" height=\"259\" src=\"http:\/\/infoecos.com.ar\/wp-content\/uploads\/2021\/08\/susanagimenez1-460x259.png\" alt=\"\" class=\"wp-image-84287\" srcset=\"https:\/\/infoecos.com.ar\/wp-content\/uploads\/2021\/08\/susanagimenez1-460x259.png 460w, https:\/\/infoecos.com.ar\/wp-content\/uploads\/2021\/08\/susanagimenez1-768x432.png 768w, https:\/\/infoecos.com.ar\/wp-content\/uploads\/2021\/08\/susanagimenez1.png 848w\" sizes=\"(max-width: 460px) 100vw, 460px\" \/><\/figure><\/div>\n\n\n\n<p>Su estad\u00eda en la Argentina no se extender\u00e1 por mucho tiempo: el pr\u00f3ximo 8 y 9 de octubre estar\u00e1 de nuevo en Punta del Este para ser parte del evento\u00a0<em>America Business Forum<\/em>, donde la homenajear\u00e1n por su prolongada y laureada carrera<\/p>\n","protected":false},"excerpt":{"rendered":"<p>Susana Gim\u00e9nez\u00a0regres\u00f3 a la Argentina luego de una larga estad\u00eda en su chacra La Mary,&#8230;<\/p>\n","protected":false},"author":2,"featured_media":84287,"comment_status":"closed","ping_status":"open","sticky":false,"template":"","format":"standard","meta":{"footnotes":""},"categories":[42],"tags":[4853],"class_list":["post-84285","post","type-post","status-publish","format-standard","has-post-thumbnail","hentry","category-inferior3","tag-confinamiento-y-cuadro-de-coronavirus"],"yoast_head":"<!-- This site is optimized with the Yoast SEO plugin v23.4 - https:\/\/yoast.com\/wordpress\/plugins\/seo\/ -->\n<title>Ayer mi\u00e9rcoles regres\u00f3 Susana Gim\u00e9nez desde Punta del Este y se queda hasta los primeros d\u00edas de octubre - Infoecos<\/title>\n<meta name=\"robots\" content=\"index, follow, max-snippet:-1, max-image-preview:large, max-video-preview:-1\" \/>\n<link rel=\"canonical\" href=\"https:\/\/infoecos.com.ar\/index.php\/ayer-miercoles-regreso-susana-gimenez-desde-punta-del-este-y-se-queda-hasta-los-primeros-dias-de-octubre\/\" \/>\n<meta property=\"og:locale\" content=\"es_ES\" \/>\n<meta property=\"og:type\" content=\"article\" \/>\n<meta property=\"og:title\" content=\"Ayer mi\u00e9rcoles regres\u00f3 Susana Gim\u00e9nez desde Punta del Este y se queda hasta los primeros d\u00edas de octubre - Infoecos\" \/>\n<meta property=\"og:description\" content=\"Susana Gim\u00e9nez\u00a0regres\u00f3 a la Argentina luego de una larga estad\u00eda en su chacra La Mary,...\" \/>\n<meta property=\"og:url\" content=\"https:\/\/infoecos.com.ar\/index.php\/ayer-miercoles-regreso-susana-gimenez-desde-punta-del-este-y-se-queda-hasta-los-primeros-dias-de-octubre\/\" \/>\n<meta property=\"og:site_name\" content=\"Infoecos\" \/>\n<meta property=\"article:publisher\" content=\"https:\/\/www.facebook.com\/profile.php?id=100063200290284\" \/>\n<meta property=\"article:published_time\" content=\"2021-08-26T08:04:27+00:00\" \/>\n<meta property=\"article:modified_time\" content=\"2021-08-26T08:04:30+00:00\" \/>\n<meta property=\"og:image\" content=\"https:\/\/infoecos.com.ar\/wp-content\/uploads\/2021\/08\/susanagimenez1.png\" \/>\n\t<meta property=\"og:image:width\" content=\"848\" \/>\n\t<meta property=\"og:image:height\" content=\"477\" \/>\n\t<meta property=\"og:image:type\" content=\"image\/png\" \/>\n<meta name=\"author\" content=\"Jorge Matheus\" \/>\n<meta name=\"twitter:card\" content=\"summary_large_image\" \/>\n<meta name=\"twitter:creator\" content=\"@infoecos\" \/>\n<meta name=\"twitter:site\" content=\"@infoecos\" \/>\n<meta name=\"twitter:label1\" content=\"Escrito por\" \/>\n\t<meta name=\"twitter:data1\" content=\"Jorge Matheus\" \/>\n\t<meta name=\"twitter:label2\" content=\"Tiempo de lectura\" \/>\n\t<meta name=\"twitter:data2\" content=\"1 minuto\" \/>\n<script type=\"application\/ld+json\" class=\"yoast-schema-graph\">{\"@context\":\"https:\/\/schema.org\",\"@graph\":[{\"@type\":\"Article\",\"@id\":\"https:\/\/infoecos.com.ar\/index.php\/ayer-miercoles-regreso-susana-gimenez-desde-punta-del-este-y-se-queda-hasta-los-primeros-dias-de-octubre\/#article\",\"isPartOf\":{\"@id\":\"https:\/\/infoecos.com.ar\/index.php\/ayer-miercoles-regreso-susana-gimenez-desde-punta-del-este-y-se-queda-hasta-los-primeros-dias-de-octubre\/\"},\"author\":{\"name\":\"Jorge Matheus\",\"@id\":\"https:\/\/infoecos.com.ar\/#\/schema\/person\/8f5ace5ce73b4b4aac4b7245aee6f191\"},\"headline\":\"Ayer mi\u00e9rcoles regres\u00f3 Susana Gim\u00e9nez desde Punta del Este y se queda hasta los primeros d\u00edas de octubre\",\"datePublished\":\"2021-08-26T08:04:27+00:00\",\"dateModified\":\"2021-08-26T08:04:30+00:00\",\"mainEntityOfPage\":{\"@id\":\"https:\/\/infoecos.com.ar\/index.php\/ayer-miercoles-regreso-susana-gimenez-desde-punta-del-este-y-se-queda-hasta-los-primeros-dias-de-octubre\/\"},\"wordCount\":160,\"publisher\":{\"@id\":\"https:\/\/infoecos.com.ar\/#organization\"},\"image\":{\"@id\":\"https:\/\/infoecos.com.ar\/index.php\/ayer-miercoles-regreso-susana-gimenez-desde-punta-del-este-y-se-queda-hasta-los-primeros-dias-de-octubre\/#primaryimage\"},\"thumbnailUrl\":\"https:\/\/infoecos.com.ar\/wp-content\/uploads\/2021\/08\/susanagimenez1.png\",\"keywords\":[\"CONFINAMIENTO Y CUADRO DE CORONAVIRUS\"],\"articleSection\":[\"Bloque inferior - 3\"],\"inLanguage\":\"es\"},{\"@type\":\"WebPage\",\"@id\":\"https:\/\/infoecos.com.ar\/index.php\/ayer-miercoles-regreso-susana-gimenez-desde-punta-del-este-y-se-queda-hasta-los-primeros-dias-de-octubre\/\",\"url\":\"https:\/\/infoecos.com.ar\/index.php\/ayer-miercoles-regreso-susana-gimenez-desde-punta-del-este-y-se-queda-hasta-los-primeros-dias-de-octubre\/\",\"name\":\"Ayer mi\u00e9rcoles regres\u00f3 Susana Gim\u00e9nez desde Punta del Este y se queda hasta los primeros d\u00edas de octubre - Infoecos\",\"isPartOf\":{\"@id\":\"https:\/\/infoecos.com.ar\/#website\"},\"primaryImageOfPage\":{\"@id\":\"https:\/\/infoecos.com.ar\/index.php\/ayer-miercoles-regreso-susana-gimenez-desde-punta-del-este-y-se-queda-hasta-los-primeros-dias-de-octubre\/#primaryimage\"},\"image\":{\"@id\":\"https:\/\/infoecos.com.ar\/index.php\/ayer-miercoles-regreso-susana-gimenez-desde-punta-del-este-y-se-queda-hasta-los-primeros-dias-de-octubre\/#primaryimage\"},\"thumbnailUrl\":\"https:\/\/infoecos.com.ar\/wp-content\/uploads\/2021\/08\/susanagimenez1.png\",\"datePublished\":\"2021-08-26T08:04:27+00:00\",\"dateModified\":\"2021-08-26T08:04:30+00:00\",\"breadcrumb\":{\"@id\":\"https:\/\/infoecos.com.ar\/index.php\/ayer-miercoles-regreso-susana-gimenez-desde-punta-del-este-y-se-queda-hasta-los-primeros-dias-de-octubre\/#breadcrumb\"},\"inLanguage\":\"es\",\"potentialAction\":[{\"@type\":\"ReadAction\",\"target\":[\"https:\/\/infoecos.com.ar\/index.php\/ayer-miercoles-regreso-susana-gimenez-desde-punta-del-este-y-se-queda-hasta-los-primeros-dias-de-octubre\/\"]}]},{\"@type\":\"ImageObject\",\"inLanguage\":\"es\",\"@id\":\"https:\/\/infoecos.com.ar\/index.php\/ayer-miercoles-regreso-susana-gimenez-desde-punta-del-este-y-se-queda-hasta-los-primeros-dias-de-octubre\/#primaryimage\",\"url\":\"https:\/\/infoecos.com.ar\/wp-content\/uploads\/2021\/08\/susanagimenez1.png\",\"contentUrl\":\"https:\/\/infoecos.com.ar\/wp-content\/uploads\/2021\/08\/susanagimenez1.png\",\"width\":848,\"height\":477},{\"@type\":\"BreadcrumbList\",\"@id\":\"https:\/\/infoecos.com.ar\/index.php\/ayer-miercoles-regreso-susana-gimenez-desde-punta-del-este-y-se-queda-hasta-los-primeros-dias-de-octubre\/#breadcrumb\",\"itemListElement\":[{\"@type\":\"ListItem\",\"position\":1,\"name\":\"Portada\",\"item\":\"https:\/\/infoecos.com.ar\/\"},{\"@type\":\"ListItem\",\"position\":2,\"name\":\"Ayer mi\u00e9rcoles regres\u00f3 Susana Gim\u00e9nez desde Punta del Este y se queda hasta los primeros d\u00edas de octubre\"}]},{\"@type\":\"WebSite\",\"@id\":\"https:\/\/infoecos.com.ar\/#website\",\"url\":\"https:\/\/infoecos.com.ar\/\",\"name\":\"Infoecos\",\"description\":\"Noticias de trenque lauquen y la zona\",\"publisher\":{\"@id\":\"https:\/\/infoecos.com.ar\/#organization\"},\"alternateName\":\"Noticias\",\"potentialAction\":[{\"@type\":\"SearchAction\",\"target\":{\"@type\":\"EntryPoint\",\"urlTemplate\":\"https:\/\/infoecos.com.ar\/?s={search_term_string}\"},\"query-input\":{\"@type\":\"PropertyValueSpecification\",\"valueRequired\":true,\"valueName\":\"search_term_string\"}}],\"inLanguage\":\"es\"},{\"@type\":\"Organization\",\"@id\":\"https:\/\/infoecos.com.ar\/#organization\",\"name\":\"Infoecos\",\"alternateName\":\"Noticias\",\"url\":\"https:\/\/infoecos.com.ar\/\",\"logo\":{\"@type\":\"ImageObject\",\"inLanguage\":\"es\",\"@id\":\"https:\/\/infoecos.com.ar\/#\/schema\/logo\/image\/\",\"url\":\"https:\/\/infoecos.com.ar\/wp-content\/uploads\/2024\/03\/cropped-logo.png\",\"contentUrl\":\"https:\/\/infoecos.com.ar\/wp-content\/uploads\/2024\/03\/cropped-logo.png\",\"width\":374,\"height\":90,\"caption\":\"Infoecos\"},\"image\":{\"@id\":\"https:\/\/infoecos.com.ar\/#\/schema\/logo\/image\/\"},\"sameAs\":[\"https:\/\/www.facebook.com\/profile.php?id=100063200290284\",\"https:\/\/x.com\/infoecos\"]},{\"@type\":\"Person\",\"@id\":\"https:\/\/infoecos.com.ar\/#\/schema\/person\/8f5ace5ce73b4b4aac4b7245aee6f191\",\"name\":\"Jorge Matheus\",\"url\":\"https:\/\/infoecos.com.ar\/index.php\/author\/jomatheus\/\"}]}<\/script>\n<!-- \/ Yoast SEO plugin. -->","yoast_head_json":{"title":"Ayer mi\u00e9rcoles regres\u00f3 Susana Gim\u00e9nez desde Punta del Este y se queda hasta los primeros d\u00edas de octubre - Infoecos","robots":{"index":"index","follow":"follow","max-snippet":"max-snippet:-1","max-image-preview":"max-image-preview:large","max-video-preview":"max-video-preview:-1"},"canonical":"https:\/\/infoecos.com.ar\/index.php\/ayer-miercoles-regreso-susana-gimenez-desde-punta-del-este-y-se-queda-hasta-los-primeros-dias-de-octubre\/","og_locale":"es_ES","og_type":"article","og_title":"Ayer mi\u00e9rcoles regres\u00f3 Susana Gim\u00e9nez desde Punta del Este y se queda hasta los primeros d\u00edas de octubre - Infoecos","og_description":"Susana Gim\u00e9nez\u00a0regres\u00f3 a la Argentina luego de una larga estad\u00eda en su chacra La Mary,...","og_url":"https:\/\/infoecos.com.ar\/index.php\/ayer-miercoles-regreso-susana-gimenez-desde-punta-del-este-y-se-queda-hasta-los-primeros-dias-de-octubre\/","og_site_name":"Infoecos","article_publisher":"https:\/\/www.facebook.com\/profile.php?id=100063200290284","article_published_time":"2021-08-26T08:04:27+00:00","article_modified_time":"2021-08-26T08:04:30+00:00","og_image":[{"width":848,"height":477,"url":"https:\/\/infoecos.com.ar\/wp-content\/uploads\/2021\/08\/susanagimenez1.png","type":"image\/png"}],"author":"Jorge Matheus","twitter_card":"summary_large_image","twitter_creator":"@infoecos","twitter_site":"@infoecos","twitter_misc":{"Escrito por":"Jorge Matheus","Tiempo de lectura":"1 minuto"},"schema":{"@context":"https:\/\/schema.org","@graph":[{"@type":"Article","@id":"https:\/\/infoecos.com.ar\/index.php\/ayer-miercoles-regreso-susana-gimenez-desde-punta-del-este-y-se-queda-hasta-los-primeros-dias-de-octubre\/#article","isPartOf":{"@id":"https:\/\/infoecos.com.ar\/index.php\/ayer-miercoles-regreso-susana-gimenez-desde-punta-del-este-y-se-queda-hasta-los-primeros-dias-de-octubre\/"},"author":{"name":"Jorge Matheus","@id":"https:\/\/infoecos.com.ar\/#\/schema\/person\/8f5ace5ce73b4b4aac4b7245aee6f191"},"headline":"Ayer mi\u00e9rcoles regres\u00f3 Susana Gim\u00e9nez desde Punta del Este y se queda hasta los primeros d\u00edas de octubre","datePublished":"2021-08-26T08:04:27+00:00","dateModified":"2021-08-26T08:04:30+00:00","mainEntityOfPage":{"@id":"https:\/\/infoecos.com.ar\/index.php\/ayer-miercoles-regreso-susana-gimenez-desde-punta-del-este-y-se-queda-hasta-los-primeros-dias-de-octubre\/"},"wordCount":160,"publisher":{"@id":"https:\/\/infoecos.com.ar\/#organization"},"image":{"@id":"https:\/\/infoecos.com.ar\/index.php\/ayer-miercoles-regreso-susana-gimenez-desde-punta-del-este-y-se-queda-hasta-los-primeros-dias-de-octubre\/#primaryimage"},"thumbnailUrl":"https:\/\/infoecos.com.ar\/wp-content\/uploads\/2021\/08\/susanagimenez1.png","keywords":["CONFINAMIENTO Y CUADRO DE CORONAVIRUS"],"articleSection":["Bloque inferior - 3"],"inLanguage":"es"},{"@type":"WebPage","@id":"https:\/\/infoecos.com.ar\/index.php\/ayer-miercoles-regreso-susana-gimenez-desde-punta-del-este-y-se-queda-hasta-los-primeros-dias-de-octubre\/","url":"https:\/\/infoecos.com.ar\/index.php\/ayer-miercoles-regreso-susana-gimenez-desde-punta-del-este-y-se-queda-hasta-los-primeros-dias-de-octubre\/","name":"Ayer mi\u00e9rcoles regres\u00f3 Susana Gim\u00e9nez desde Punta del Este y se queda hasta los primeros d\u00edas de octubre - Infoecos","isPartOf":{"@id":"https:\/\/infoecos.com.ar\/#website"},"primaryImageOfPage":{"@id":"https:\/\/infoecos.com.ar\/index.php\/ayer-miercoles-regreso-susana-gimenez-desde-punta-del-este-y-se-queda-hasta-los-primeros-dias-de-octubre\/#primaryimage"},"image":{"@id":"https:\/\/infoecos.com.ar\/index.php\/ayer-miercoles-regreso-susana-gimenez-desde-punta-del-este-y-se-queda-hasta-los-primeros-dias-de-octubre\/#primaryimage"},"thumbnailUrl":"https:\/\/infoecos.com.ar\/wp-content\/uploads\/2021\/08\/susanagimenez1.png","datePublished":"2021-08-26T08:04:27+00:00","dateModified":"2021-08-26T08:04:30+00:00","breadcrumb":{"@id":"https:\/\/infoecos.com.ar\/index.php\/ayer-miercoles-regreso-susana-gimenez-desde-punta-del-este-y-se-queda-hasta-los-primeros-dias-de-octubre\/#breadcrumb"},"inLanguage":"es","potentialAction":[{"@type":"ReadAction","target":["https:\/\/infoecos.com.ar\/index.php\/ayer-miercoles-regreso-susana-gimenez-desde-punta-del-este-y-se-queda-hasta-los-primeros-dias-de-octubre\/"]}]},{"@type":"ImageObject","inLanguage":"es","@id":"https:\/\/infoecos.com.ar\/index.php\/ayer-miercoles-regreso-susana-gimenez-desde-punta-del-este-y-se-queda-hasta-los-primeros-dias-de-octubre\/#primaryimage","url":"https:\/\/infoecos.com.ar\/wp-content\/uploads\/2021\/08\/susanagimenez1.png","contentUrl":"https:\/\/infoecos.com.ar\/wp-content\/uploads\/2021\/08\/susanagimenez1.png","width":848,"height":477},{"@type":"BreadcrumbList","@id":"https:\/\/infoecos.com.ar\/index.php\/ayer-miercoles-regreso-susana-gimenez-desde-punta-del-este-y-se-queda-hasta-los-primeros-dias-de-octubre\/#breadcrumb","itemListElement":[{"@type":"ListItem","position":1,"name":"Portada","item":"https:\/\/infoecos.com.ar\/"},{"@type":"ListItem","position":2,"name":"Ayer mi\u00e9rcoles regres\u00f3 Susana Gim\u00e9nez desde Punta del Este y se queda hasta los primeros d\u00edas de octubre"}]},{"@type":"WebSite","@id":"https:\/\/infoecos.com.ar\/#website","url":"https:\/\/infoecos.com.ar\/","name":"Infoecos","description":"Noticias de trenque lauquen y la zona","publisher":{"@id":"https:\/\/infoecos.com.ar\/#organization"},"alternateName":"Noticias","potentialAction":[{"@type":"SearchAction","target":{"@type":"EntryPoint","urlTemplate":"https:\/\/infoecos.com.ar\/?s={search_term_string}"},"query-input":{"@type":"PropertyValueSpecification","valueRequired":true,"valueName":"search_term_string"}}],"inLanguage":"es"},{"@type":"Organization","@id":"https:\/\/infoecos.com.ar\/#organization","name":"Infoecos","alternateName":"Noticias","url":"https:\/\/infoecos.com.ar\/","logo":{"@type":"ImageObject","inLanguage":"es","@id":"https:\/\/infoecos.com.ar\/#\/schema\/logo\/image\/","url":"https:\/\/infoecos.com.ar\/wp-content\/uploads\/2024\/03\/cropped-logo.png","contentUrl":"https:\/\/infoecos.com.ar\/wp-content\/uploads\/2024\/03\/cropped-logo.png","width":374,"height":90,"caption":"Infoecos"},"image":{"@id":"https:\/\/infoecos.com.ar\/#\/schema\/logo\/image\/"},"sameAs":["https:\/\/www.facebook.com\/profile.php?id=100063200290284","https:\/\/x.com\/infoecos"]},{"@type":"Person","@id":"https:\/\/infoecos.com.ar\/#\/schema\/person\/8f5ace5ce73b4b4aac4b7245aee6f191","name":"Jorge Matheus","url":"https:\/\/infoecos.com.ar\/index.php\/author\/jomatheus\/"}]}},"featured_image_urls":{"full":["https:\/\/infoecos.com.ar\/wp-content\/uploads\/2021\/08\/susanagimenez1.png",848,477,false],"thumbnail":["https:\/\/infoecos.com.ar\/wp-content\/uploads\/2021\/08\/susanagimenez1-150x150.png",150,150,true],"medium":["https:\/\/infoecos.com.ar\/wp-content\/uploads\/2021\/08\/susanagimenez1-460x259.png",460,259,true],"medium_large":["https:\/\/infoecos.com.ar\/wp-content\/uploads\/2021\/08\/susanagimenez1-768x432.png",640,360,true],"large":["https:\/\/infoecos.com.ar\/wp-content\/uploads\/2021\/08\/susanagimenez1.png",640,360,false],"1536x1536":["https:\/\/infoecos.com.ar\/wp-content\/uploads\/2021\/08\/susanagimenez1.png",848,477,false],"2048x2048":["https:\/\/infoecos.com.ar\/wp-content\/uploads\/2021\/08\/susanagimenez1.png",848,477,false],"covernews-slider-full":["https:\/\/infoecos.com.ar\/wp-content\/uploads\/2021\/08\/susanagimenez1.png",848,477,false],"covernews-slider-center":["https:\/\/infoecos.com.ar\/wp-content\/uploads\/2021\/08\/susanagimenez1.png",800,450,false],"covernews-featured":["https:\/\/infoecos.com.ar\/wp-content\/uploads\/2021\/08\/susanagimenez1.png",848,477,false],"covernews-medium":["https:\/\/infoecos.com.ar\/wp-content\/uploads\/2021\/08\/susanagimenez1-720x380.png",540,285,true],"covernews-medium-square":["https:\/\/infoecos.com.ar\/wp-content\/uploads\/2021\/08\/susanagimenez1-675x450.png",375,250,true]},"author_info":{"info":["Jorge Matheus"]},"category_info":"<a href=\"https:\/\/infoecos.com.ar\/index.php\/category\/inferior3\/\" rel=\"category tag\">Bloque inferior - 3<\/a>","tag_info":"Bloque inferior - 3","comment_count":"0","_links":{"self":[{"href":"https:\/\/infoecos.com.ar\/index.php\/wp-json\/wp\/v2\/posts\/84285"}],"collection":[{"href":"https:\/\/infoecos.com.ar\/index.php\/wp-json\/wp\/v2\/posts"}],"about":[{"href":"https:\/\/infoecos.com.ar\/index.php\/wp-json\/wp\/v2\/types\/post"}],"author":[{"embeddable":true,"href":"https:\/\/infoecos.com.ar\/index.php\/wp-json\/wp\/v2\/users\/2"}],"replies":[{"embeddable":true,"href":"https:\/\/infoecos.com.ar\/index.php\/wp-json\/wp\/v2\/comments?post=84285"}],"version-history":[{"count":1,"href":"https:\/\/infoecos.com.ar\/index.php\/wp-json\/wp\/v2\/posts\/84285\/revisions"}],"predecessor-version":[{"id":84288,"href":"https:\/\/infoecos.com.ar\/index.php\/wp-json\/wp\/v2\/posts\/84285\/revisions\/84288"}],"wp:featuredmedia":[{"embeddable":true,"href":"https:\/\/infoecos.com.ar\/index.php\/wp-json\/wp\/v2\/media\/84287"}],"wp:attachment":[{"href":"https:\/\/infoecos.com.ar\/index.php\/wp-json\/wp\/v2\/media?parent=84285"}],"wp:term":[{"taxonomy":"category","embeddable":true,"href":"https:\/\/infoecos.com.ar\/index.php\/wp-json\/wp\/v2\/categories?post=84285"},{"taxonomy":"post_tag","embeddable":true,"href":"https:\/\/infoecos.com.ar\/index.php\/wp-json\/wp\/v2\/tags?post=84285"}],"curies":[{"name":"wp","href":"https:\/\/api.w.org\/{rel}","templated":true}]}}