{"id":84336,"date":"2021-08-27T03:35:20","date_gmt":"2021-08-27T06:35:20","guid":{"rendered":"http:\/\/infoecos.com.ar\/?p=84336"},"modified":"2021-08-27T03:35:24","modified_gmt":"2021-08-27T06:35:24","slug":"se-encuentra-aislado-el-intendente-de-bahia-blanca-y-hoy-se-realizara-una-prueba-de-pcr","status":"publish","type":"post","link":"https:\/\/infoecos.com.ar\/index.php\/se-encuentra-aislado-el-intendente-de-bahia-blanca-y-hoy-se-realizara-una-prueba-de-pcr\/","title":{"rendered":"Se encuentra aislado el intendente de Bah\u00eda Blanca y hoy se realizar\u00e1 una prueba de PCR"},"content":{"rendered":"\n<p class=\"wp-block-paragraph\">El intendente\u00a0municipal de Bah\u00eda Blanca, H\u00e9ctor Gay, se realizar\u00e1 hoy una prueba PCR, tras constatarse que comparti\u00f3 vuelo con el primer paciente contagiado con la variante del delta del COVID-19 en esa ciudad. <\/p>\n\n\n\n<p class=\"wp-block-paragraph\">Seg\u00fan se inform\u00f3, el jefe comunal fue notificado formalmente en el mediod\u00eda de ayer y se aisl\u00f3 de manera preventiva con los controles necesarios.<\/p>\n\n\n\n<div class=\"wp-block-image is-style-default\"><figure class=\"aligncenter size-large\"><img decoding=\"async\" src=\"http:\/\/infoecos.com.ar\/wp-content\/uploads\/descarga-3.jpg\" alt=\"\" class=\"wp-image-28912\"\/><figcaption>Gay, H\u00e9ctor intendente Bah\u00eda Blanca<\/figcaption><\/figure><\/div>\n\n\n\n<p class=\"wp-block-paragraph\">Desde el \u00e1rea de Epidemiolog\u00eda resaltaron que la medida es excepcional por tratarse de la nueva variante y confirmaron que se est\u00e1 notificando a todos los pasajeros que viajaron en el mismo vuelo que la persona de nacionalidad filipina que dio positivo este jueves.<\/p>\n\n\n\n<p class=\"wp-block-paragraph\">El intendente, que ya recibi\u00f3 las dos dosis de la vacuna Sputnik V, se encuentra asintom\u00e1tico y se mantendr\u00e1 aislado hasta tanto no est\u00e9 el resultado de la prueba PCR. En caso de dar negativo retomar\u00e1 autom\u00e1ticamente con sus actividades.<\/p>\n","protected":false},"excerpt":{"rendered":"<p>Desde el \u00e1rea de Epidemiolog\u00eda resaltaron que la medida es excepcional por tratarse de la nueva variante y confirmaron que se est\u00e1 notificando a todos los pasajeros que viajaron en el mismo vuelo que la persona de nacionalidad filipina que dio positivo<\/p>\n","protected":false},"author":2,"featured_media":28912,"comment_status":"closed","ping_status":"open","sticky":false,"template":"","format":"standard","meta":{"footnotes":""},"categories":[46],"tags":[4865],"class_list":["post-84336","post","type-post","status-publish","format-standard","has-post-thumbnail","hentry","category-c2nota2","tag-viajo-en-el-mismo-avion-que-un-portador-de-la-variante-delta"],"featured_image_urls":{"full":"","thumbnail":"","medium":"","medium_large":"","large":"","1536x1536":"","2048x2048":"","covernews-slider-full":"","covernews-slider-center":"","covernews-featured":"","covernews-medium":"","covernews-medium-square":""},"author_info":{"info":["Jorge Matheus"]},"category_info":"<a href=\"https:\/\/infoecos.com.ar\/index.php\/category\/c2nota2\/\" rel=\"category tag\">C2 N2<\/a>","tag_info":"C2 N2","comment_count":"0","_links":{"self":[{"href":"https:\/\/infoecos.com.ar\/index.php\/wp-json\/wp\/v2\/posts\/84336","targetHints":{"allow":["GET"]}}],"collection":[{"href":"https:\/\/infoecos.com.ar\/index.php\/wp-json\/wp\/v2\/posts"}],"about":[{"href":"https:\/\/infoecos.com.ar\/index.php\/wp-json\/wp\/v2\/types\/post"}],"author":[{"embeddable":true,"href":"https:\/\/infoecos.com.ar\/index.php\/wp-json\/wp\/v2\/users\/2"}],"replies":[{"embeddable":true,"href":"https:\/\/infoecos.com.ar\/index.php\/wp-json\/wp\/v2\/comments?post=84336"}],"version-history":[{"count":1,"href":"https:\/\/infoecos.com.ar\/index.php\/wp-json\/wp\/v2\/posts\/84336\/revisions"}],"predecessor-version":[{"id":84337,"href":"https:\/\/infoecos.com.ar\/index.php\/wp-json\/wp\/v2\/posts\/84336\/revisions\/84337"}],"wp:attachment":[{"href":"https:\/\/infoecos.com.ar\/index.php\/wp-json\/wp\/v2\/media?parent=84336"}],"wp:term":[{"taxonomy":"category","embeddable":true,"href":"https:\/\/infoecos.com.ar\/index.php\/wp-json\/wp\/v2\/categories?post=84336"},{"taxonomy":"post_tag","embeddable":true,"href":"https:\/\/infoecos.com.ar\/index.php\/wp-json\/wp\/v2\/tags?post=84336"}],"curies":[{"name":"wp","href":"https:\/\/api.w.org\/{rel}","templated":true}]}}