{"id":84341,"date":"2021-08-27T03:58:02","date_gmt":"2021-08-27T06:58:02","guid":{"rendered":"http:\/\/infoecos.com.ar\/?p=84341"},"modified":"2021-08-28T07:46:39","modified_gmt":"2021-08-28T10:46:39","slug":"postergaron-la-licitacion-para-la-reparacion-de-la-ruta-nacional-numero-33-dentro-del-distrito-de-general-villegas","status":"publish","type":"post","link":"https:\/\/infoecos.com.ar\/index.php\/postergaron-la-licitacion-para-la-reparacion-de-la-ruta-nacional-numero-33-dentro-del-distrito-de-general-villegas\/","title":{"rendered":"Postergaron la licitaci\u00f3n para la reparaci\u00f3n de la Ruta Nacional n\u00famero 33 dentro del distrito de General Villegas"},"content":{"rendered":"\n<p class=\"wp-block-paragraph\">Postergaron la licitaci\u00f3n para la reparaci\u00f3n de la Ruta Nacional n\u00famero 33. Lo anunci\u00f3 el gerente ejecutivo de Regiones y Distritos de Vialidad Nacional, Patricio Garc\u00eda al diario <strong>Actualidad<\/strong> (diarioactualidad.com) de General Villegas.<\/p>\n\n\n\n<div class=\"wp-block-image is-style-default\"><figure class=\"aligncenter size-medium\"><img decoding=\"async\" src=\"http:\/\/infoecos.com.ar\/wp-content\/uploads\/garciapa-460x345.jpg\" alt=\"\" class=\"wp-image-16345\"\/><figcaption>Garc\u00eda, Patricio <\/figcaption><\/figure><\/div>\n\n\n\n<p class=\"wp-block-paragraph\">Garc\u00eda agreg\u00f3 que de acuerdo a las explicaciones oficiales \u00ablos motivos son de \u00edndole t\u00e9cnico \u2013 administrativo y son bastante comunes estas postergaciones, generalmente a pedido de las empresas que participan de las licitaciones, porque les falta completar alguna documentaci\u00f3n. En este caso tendr\u00eda que ver con un tema presupuestario, del orden del 8 o 10 por ciento con respecto al monto original\u00bb.<\/p>\n\n\n\n<p class=\"wp-block-paragraph\">De acuerdo a la misma fuente, la nueva fecha de apertura de los sobres de licitaci\u00f3n podr\u00eda tener fecha en un plazo de, al menos, 30 d\u00edas.<\/p>\n\n\n\n<p class=\"wp-block-paragraph\">La inversi\u00f3n ser\u00e1 superior a los $2.800 millones. La repavimentaci\u00f3n integral de la Ruta Nacional 33 se complementar\u00e1 con una obra de conservaci\u00f3n entre Trenque Lauquen y General Villegas.<\/p>\n\n\n\n<p class=\"wp-block-paragraph\">Los trabajos se desarrollar\u00e1n a lo largo de un segmento de 97 kil\u00f3metros e incluir\u00e1n la repavimentaci\u00f3n de la calzada en todo el tramo y la construcci\u00f3n de nuevas banquinas pavimentadas en distintos accesos -como el de Piedritas y el de Ca\u00f1ada Seca- entre otros trabajos. La longitud total de banquinas a pavimentar es de 8 kil\u00f3metros.<\/p>\n","protected":false},"excerpt":{"rendered":"<p>Se comunic\u00f3 con el diario Actualidad de General Villegas. La nueva fecha podr\u00eda ser dentro de los pr\u00f3ximos 30 d\u00edas<\/p>\n","protected":false},"author":2,"featured_media":16345,"comment_status":"closed","ping_status":"open","sticky":false,"template":"","format":"standard","meta":{"footnotes":""},"categories":[1331],"tags":[4870],"class_list":["post-84341","post","type-post","status-publish","format-standard","has-post-thumbnail","hentry","category-inferior11","tag-hablo-patricio-garcia-con-diario-actualidad"],"featured_image_urls":{"full":"","thumbnail":"","medium":"","medium_large":"","large":"","1536x1536":"","2048x2048":"","covernews-slider-full":"","covernews-slider-center":"","covernews-featured":"","covernews-medium":"","covernews-medium-square":""},"author_info":{"info":["Jorge Matheus"]},"category_info":"<a href=\"https:\/\/infoecos.com.ar\/index.php\/category\/inferior11\/\" rel=\"category tag\">Bloque inferior - 11<\/a>","tag_info":"Bloque inferior - 11","comment_count":"0","_links":{"self":[{"href":"https:\/\/infoecos.com.ar\/index.php\/wp-json\/wp\/v2\/posts\/84341","targetHints":{"allow":["GET"]}}],"collection":[{"href":"https:\/\/infoecos.com.ar\/index.php\/wp-json\/wp\/v2\/posts"}],"about":[{"href":"https:\/\/infoecos.com.ar\/index.php\/wp-json\/wp\/v2\/types\/post"}],"author":[{"embeddable":true,"href":"https:\/\/infoecos.com.ar\/index.php\/wp-json\/wp\/v2\/users\/2"}],"replies":[{"embeddable":true,"href":"https:\/\/infoecos.com.ar\/index.php\/wp-json\/wp\/v2\/comments?post=84341"}],"version-history":[{"count":1,"href":"https:\/\/infoecos.com.ar\/index.php\/wp-json\/wp\/v2\/posts\/84341\/revisions"}],"predecessor-version":[{"id":84342,"href":"https:\/\/infoecos.com.ar\/index.php\/wp-json\/wp\/v2\/posts\/84341\/revisions\/84342"}],"wp:attachment":[{"href":"https:\/\/infoecos.com.ar\/index.php\/wp-json\/wp\/v2\/media?parent=84341"}],"wp:term":[{"taxonomy":"category","embeddable":true,"href":"https:\/\/infoecos.com.ar\/index.php\/wp-json\/wp\/v2\/categories?post=84341"},{"taxonomy":"post_tag","embeddable":true,"href":"https:\/\/infoecos.com.ar\/index.php\/wp-json\/wp\/v2\/tags?post=84341"}],"curies":[{"name":"wp","href":"https:\/\/api.w.org\/{rel}","templated":true}]}}