{"id":84361,"date":"2021-08-27T05:14:51","date_gmt":"2021-08-27T08:14:51","guid":{"rendered":"http:\/\/infoecos.com.ar\/?p=84361"},"modified":"2021-08-28T07:47:46","modified_gmt":"2021-08-28T10:47:46","slug":"los-autoconvocados-de-general-villegas-pusieron-el-grito-en-el-cielo-por-la-postergacion-de-la-licitacion","status":"publish","type":"post","link":"https:\/\/infoecos.com.ar\/index.php\/los-autoconvocados-de-general-villegas-pusieron-el-grito-en-el-cielo-por-la-postergacion-de-la-licitacion\/","title":{"rendered":"Los autoconvocados de General Villegas pusieron el \u00abgrito en el cielo\u00bb por la postergaci\u00f3n de la licitaci\u00f3n"},"content":{"rendered":"\n<p>Los autoconvocados de General Villegas pusieron el \u00abgrito en el cielo\u00bb ante la postergaci\u00f3n de la licitaci\u00f3n para reparar la Ruta Nacional 33.<\/p>\n\n\n\n<p>\u00abEl Estado Nacional vuelve a darle la espalda a los vecinos, y sin tapujos suspende una licitaci\u00f3n tan esperada por la comunidad\u00bb, dijo el presidente de la Rural de Villegas,&nbsp;Daniel Colombo.<\/p>\n\n\n\n<div class=\"wp-block-image is-style-default\"><figure class=\"aligncenter size-medium\"><img loading=\"lazy\" decoding=\"async\" width=\"460\" height=\"328\" src=\"http:\/\/infoecos.com.ar\/wp-content\/uploads\/2021\/08\/autoconvodadosruta33-460x328.jpg\" alt=\"\" class=\"wp-image-84362\" srcset=\"https:\/\/infoecos.com.ar\/wp-content\/uploads\/2021\/08\/autoconvodadosruta33-460x328.jpg 460w, https:\/\/infoecos.com.ar\/wp-content\/uploads\/2021\/08\/autoconvodadosruta33-920x655.jpg 920w, https:\/\/infoecos.com.ar\/wp-content\/uploads\/2021\/08\/autoconvodadosruta33-768x547.jpg 768w, https:\/\/infoecos.com.ar\/wp-content\/uploads\/2021\/08\/autoconvodadosruta33.jpg 980w\" sizes=\"(max-width: 460px) 100vw, 460px\" \/><\/figure><\/div>\n\n\n\n<p>\u00abEl Ministerio de Obras P\u00fablicas decidi\u00f3, a menos de 24 horas de realizarse, suspender la tan ansiada apertura de sobres para la licitaci\u00f3n de la reparaci\u00f3n integral de la Ruta Nacional 33\u00bb, se\u00f1al\u00f3 al sitio Infonoroeste de la ciudad de Jun\u00edn.<\/p>\n\n\n\n<p>\u00abDesde los Autoconvocados repudiamos firmemente el nefasto accionar de las autoridades competentes, quienes demuestran as\u00ed su nulo inter\u00e9s por mejorar la calidad de vida de los ciudadanos\u00bb, complet\u00f3.<\/p>\n\n\n\n<p>Los Autoconvocados convocaron para este s\u00e1bado a una reuni\u00f3n, desde las 15 horas, en la Sociedad Rural de General Villegas. El objetivo es definir el plan de acci\u00f3n a corto y mediano plazo. <\/p>\n\n\n\n<p>Se\u00f1alaron en un comunicado que \u00abel fin de semana resultar\u00e1 fundamental de cara al futuro del corredor nacional m\u00e1s importante de nuestra Rep\u00fablica Argentina y desde los Autoconvocados por la Ruta Nacional 33 estaremos a la altura de las circunstancias\u00bb.<\/p>\n","protected":false},"excerpt":{"rendered":"<p>Desde las 15 horas, en la Sociedad Rural de General Villegas. El objetivo es definir el plan de acci\u00f3n a corto y mediano plazo<\/p>\n","protected":false},"author":2,"featured_media":57837,"comment_status":"closed","ping_status":"open","sticky":false,"template":"","format":"standard","meta":{"footnotes":""},"categories":[1332],"tags":[4869],"class_list":["post-84361","post","type-post","status-publish","format-standard","has-post-thumbnail","hentry","category-inferior12","tag-declaraciones-de-colombo-y-comunicado-de-la-entidad"],"yoast_head":"<!-- This site is optimized with the Yoast SEO plugin v23.4 - https:\/\/yoast.com\/wordpress\/plugins\/seo\/ -->\n<title>Los autoconvocados de General Villegas pusieron el &quot;grito en el cielo&quot; por la postergaci\u00f3n de la licitaci\u00f3n - Infoecos<\/title>\n<meta name=\"robots\" content=\"index, follow, max-snippet:-1, max-image-preview:large, max-video-preview:-1\" \/>\n<link rel=\"canonical\" href=\"https:\/\/infoecos.com.ar\/index.php\/los-autoconvocados-de-general-villegas-pusieron-el-grito-en-el-cielo-por-la-postergacion-de-la-licitacion\/\" \/>\n<meta property=\"og:locale\" content=\"es_ES\" \/>\n<meta property=\"og:type\" content=\"article\" \/>\n<meta property=\"og:title\" content=\"Los autoconvocados de General Villegas pusieron el &quot;grito en el cielo&quot; por la postergaci\u00f3n de la licitaci\u00f3n - Infoecos\" \/>\n<meta property=\"og:description\" content=\"Desde las 15 horas, en la Sociedad Rural de General Villegas. El objetivo es definir el plan de acci\u00f3n a corto y mediano plazo\" \/>\n<meta property=\"og:url\" content=\"https:\/\/infoecos.com.ar\/index.php\/los-autoconvocados-de-general-villegas-pusieron-el-grito-en-el-cielo-por-la-postergacion-de-la-licitacion\/\" \/>\n<meta property=\"og:site_name\" content=\"Infoecos\" \/>\n<meta property=\"article:publisher\" content=\"https:\/\/www.facebook.com\/profile.php?id=100063200290284\" \/>\n<meta property=\"article:published_time\" content=\"2021-08-27T08:14:51+00:00\" \/>\n<meta property=\"article:modified_time\" content=\"2021-08-28T10:47:46+00:00\" \/>\n<meta property=\"og:image\" content=\"https:\/\/infoecos.com.ar\/wp-content\/uploads\/PSX_20200204_175520.jpg\" \/>\n\t<meta property=\"og:image:width\" content=\"579\" \/>\n\t<meta property=\"og:image:height\" content=\"312\" \/>\n\t<meta property=\"og:image:type\" content=\"image\/jpeg\" \/>\n<meta name=\"author\" content=\"Jorge Matheus\" \/>\n<meta name=\"twitter:card\" content=\"summary_large_image\" \/>\n<meta name=\"twitter:creator\" content=\"@infoecos\" \/>\n<meta name=\"twitter:site\" content=\"@infoecos\" \/>\n<meta name=\"twitter:label1\" content=\"Escrito por\" \/>\n\t<meta name=\"twitter:data1\" content=\"Jorge Matheus\" \/>\n\t<meta name=\"twitter:label2\" content=\"Tiempo de lectura\" \/>\n\t<meta name=\"twitter:data2\" content=\"1 minuto\" \/>\n<script type=\"application\/ld+json\" class=\"yoast-schema-graph\">{\"@context\":\"https:\/\/schema.org\",\"@graph\":[{\"@type\":\"Article\",\"@id\":\"https:\/\/infoecos.com.ar\/index.php\/los-autoconvocados-de-general-villegas-pusieron-el-grito-en-el-cielo-por-la-postergacion-de-la-licitacion\/#article\",\"isPartOf\":{\"@id\":\"https:\/\/infoecos.com.ar\/index.php\/los-autoconvocados-de-general-villegas-pusieron-el-grito-en-el-cielo-por-la-postergacion-de-la-licitacion\/\"},\"author\":{\"name\":\"Jorge Matheus\",\"@id\":\"https:\/\/infoecos.com.ar\/#\/schema\/person\/8f5ace5ce73b4b4aac4b7245aee6f191\"},\"headline\":\"Los autoconvocados de General Villegas pusieron el \u00abgrito en el cielo\u00bb por la postergaci\u00f3n de la licitaci\u00f3n\",\"datePublished\":\"2021-08-27T08:14:51+00:00\",\"dateModified\":\"2021-08-28T10:47:46+00:00\",\"mainEntityOfPage\":{\"@id\":\"https:\/\/infoecos.com.ar\/index.php\/los-autoconvocados-de-general-villegas-pusieron-el-grito-en-el-cielo-por-la-postergacion-de-la-licitacion\/\"},\"wordCount\":227,\"publisher\":{\"@id\":\"https:\/\/infoecos.com.ar\/#organization\"},\"image\":{\"@id\":\"https:\/\/infoecos.com.ar\/index.php\/los-autoconvocados-de-general-villegas-pusieron-el-grito-en-el-cielo-por-la-postergacion-de-la-licitacion\/#primaryimage\"},\"thumbnailUrl\":\"\",\"keywords\":[\"DECLARACIONES DE COLOMBO Y COMUNICADO DE LA ENTIDAD\"],\"articleSection\":[\"Bloque inferior - 12\"],\"inLanguage\":\"es\"},{\"@type\":\"WebPage\",\"@id\":\"https:\/\/infoecos.com.ar\/index.php\/los-autoconvocados-de-general-villegas-pusieron-el-grito-en-el-cielo-por-la-postergacion-de-la-licitacion\/\",\"url\":\"https:\/\/infoecos.com.ar\/index.php\/los-autoconvocados-de-general-villegas-pusieron-el-grito-en-el-cielo-por-la-postergacion-de-la-licitacion\/\",\"name\":\"Los autoconvocados de General Villegas pusieron el \\\"grito en el cielo\\\" por la postergaci\u00f3n de la licitaci\u00f3n - Infoecos\",\"isPartOf\":{\"@id\":\"https:\/\/infoecos.com.ar\/#website\"},\"primaryImageOfPage\":{\"@id\":\"https:\/\/infoecos.com.ar\/index.php\/los-autoconvocados-de-general-villegas-pusieron-el-grito-en-el-cielo-por-la-postergacion-de-la-licitacion\/#primaryimage\"},\"image\":{\"@id\":\"https:\/\/infoecos.com.ar\/index.php\/los-autoconvocados-de-general-villegas-pusieron-el-grito-en-el-cielo-por-la-postergacion-de-la-licitacion\/#primaryimage\"},\"thumbnailUrl\":\"\",\"datePublished\":\"2021-08-27T08:14:51+00:00\",\"dateModified\":\"2021-08-28T10:47:46+00:00\",\"breadcrumb\":{\"@id\":\"https:\/\/infoecos.com.ar\/index.php\/los-autoconvocados-de-general-villegas-pusieron-el-grito-en-el-cielo-por-la-postergacion-de-la-licitacion\/#breadcrumb\"},\"inLanguage\":\"es\",\"potentialAction\":[{\"@type\":\"ReadAction\",\"target\":[\"https:\/\/infoecos.com.ar\/index.php\/los-autoconvocados-de-general-villegas-pusieron-el-grito-en-el-cielo-por-la-postergacion-de-la-licitacion\/\"]}]},{\"@type\":\"ImageObject\",\"inLanguage\":\"es\",\"@id\":\"https:\/\/infoecos.com.ar\/index.php\/los-autoconvocados-de-general-villegas-pusieron-el-grito-en-el-cielo-por-la-postergacion-de-la-licitacion\/#primaryimage\",\"url\":\"\",\"contentUrl\":\"\"},{\"@type\":\"BreadcrumbList\",\"@id\":\"https:\/\/infoecos.com.ar\/index.php\/los-autoconvocados-de-general-villegas-pusieron-el-grito-en-el-cielo-por-la-postergacion-de-la-licitacion\/#breadcrumb\",\"itemListElement\":[{\"@type\":\"ListItem\",\"position\":1,\"name\":\"Portada\",\"item\":\"https:\/\/infoecos.com.ar\/\"},{\"@type\":\"ListItem\",\"position\":2,\"name\":\"Los autoconvocados de General Villegas pusieron el \u00abgrito en el cielo\u00bb por la postergaci\u00f3n de la licitaci\u00f3n\"}]},{\"@type\":\"WebSite\",\"@id\":\"https:\/\/infoecos.com.ar\/#website\",\"url\":\"https:\/\/infoecos.com.ar\/\",\"name\":\"Infoecos\",\"description\":\"Noticias de trenque lauquen y la zona\",\"publisher\":{\"@id\":\"https:\/\/infoecos.com.ar\/#organization\"},\"alternateName\":\"Noticias\",\"potentialAction\":[{\"@type\":\"SearchAction\",\"target\":{\"@type\":\"EntryPoint\",\"urlTemplate\":\"https:\/\/infoecos.com.ar\/?s={search_term_string}\"},\"query-input\":{\"@type\":\"PropertyValueSpecification\",\"valueRequired\":true,\"valueName\":\"search_term_string\"}}],\"inLanguage\":\"es\"},{\"@type\":\"Organization\",\"@id\":\"https:\/\/infoecos.com.ar\/#organization\",\"name\":\"Infoecos\",\"alternateName\":\"Noticias\",\"url\":\"https:\/\/infoecos.com.ar\/\",\"logo\":{\"@type\":\"ImageObject\",\"inLanguage\":\"es\",\"@id\":\"https:\/\/infoecos.com.ar\/#\/schema\/logo\/image\/\",\"url\":\"https:\/\/infoecos.com.ar\/wp-content\/uploads\/2024\/03\/cropped-logo.png\",\"contentUrl\":\"https:\/\/infoecos.com.ar\/wp-content\/uploads\/2024\/03\/cropped-logo.png\",\"width\":374,\"height\":90,\"caption\":\"Infoecos\"},\"image\":{\"@id\":\"https:\/\/infoecos.com.ar\/#\/schema\/logo\/image\/\"},\"sameAs\":[\"https:\/\/www.facebook.com\/profile.php?id=100063200290284\",\"https:\/\/x.com\/infoecos\"]},{\"@type\":\"Person\",\"@id\":\"https:\/\/infoecos.com.ar\/#\/schema\/person\/8f5ace5ce73b4b4aac4b7245aee6f191\",\"name\":\"Jorge Matheus\",\"url\":\"https:\/\/infoecos.com.ar\/index.php\/author\/jomatheus\/\"}]}<\/script>\n<!-- \/ Yoast SEO plugin. -->","yoast_head_json":{"title":"Los autoconvocados de General Villegas pusieron el \"grito en el cielo\" por la postergaci\u00f3n de la licitaci\u00f3n - Infoecos","robots":{"index":"index","follow":"follow","max-snippet":"max-snippet:-1","max-image-preview":"max-image-preview:large","max-video-preview":"max-video-preview:-1"},"canonical":"https:\/\/infoecos.com.ar\/index.php\/los-autoconvocados-de-general-villegas-pusieron-el-grito-en-el-cielo-por-la-postergacion-de-la-licitacion\/","og_locale":"es_ES","og_type":"article","og_title":"Los autoconvocados de General Villegas pusieron el \"grito en el cielo\" por la postergaci\u00f3n de la licitaci\u00f3n - Infoecos","og_description":"Desde las 15 horas, en la Sociedad Rural de General Villegas. El objetivo es definir el plan de acci\u00f3n a corto y mediano plazo","og_url":"https:\/\/infoecos.com.ar\/index.php\/los-autoconvocados-de-general-villegas-pusieron-el-grito-en-el-cielo-por-la-postergacion-de-la-licitacion\/","og_site_name":"Infoecos","article_publisher":"https:\/\/www.facebook.com\/profile.php?id=100063200290284","article_published_time":"2021-08-27T08:14:51+00:00","article_modified_time":"2021-08-28T10:47:46+00:00","og_image":[{"width":579,"height":312,"url":"https:\/\/infoecos.com.ar\/wp-content\/uploads\/PSX_20200204_175520.jpg","type":"image\/jpeg"}],"author":"Jorge Matheus","twitter_card":"summary_large_image","twitter_creator":"@infoecos","twitter_site":"@infoecos","twitter_misc":{"Escrito por":"Jorge Matheus","Tiempo de lectura":"1 minuto"},"schema":{"@context":"https:\/\/schema.org","@graph":[{"@type":"Article","@id":"https:\/\/infoecos.com.ar\/index.php\/los-autoconvocados-de-general-villegas-pusieron-el-grito-en-el-cielo-por-la-postergacion-de-la-licitacion\/#article","isPartOf":{"@id":"https:\/\/infoecos.com.ar\/index.php\/los-autoconvocados-de-general-villegas-pusieron-el-grito-en-el-cielo-por-la-postergacion-de-la-licitacion\/"},"author":{"name":"Jorge Matheus","@id":"https:\/\/infoecos.com.ar\/#\/schema\/person\/8f5ace5ce73b4b4aac4b7245aee6f191"},"headline":"Los autoconvocados de General Villegas pusieron el \u00abgrito en el cielo\u00bb por la postergaci\u00f3n de la licitaci\u00f3n","datePublished":"2021-08-27T08:14:51+00:00","dateModified":"2021-08-28T10:47:46+00:00","mainEntityOfPage":{"@id":"https:\/\/infoecos.com.ar\/index.php\/los-autoconvocados-de-general-villegas-pusieron-el-grito-en-el-cielo-por-la-postergacion-de-la-licitacion\/"},"wordCount":227,"publisher":{"@id":"https:\/\/infoecos.com.ar\/#organization"},"image":{"@id":"https:\/\/infoecos.com.ar\/index.php\/los-autoconvocados-de-general-villegas-pusieron-el-grito-en-el-cielo-por-la-postergacion-de-la-licitacion\/#primaryimage"},"thumbnailUrl":"","keywords":["DECLARACIONES DE COLOMBO Y COMUNICADO DE LA ENTIDAD"],"articleSection":["Bloque inferior - 12"],"inLanguage":"es"},{"@type":"WebPage","@id":"https:\/\/infoecos.com.ar\/index.php\/los-autoconvocados-de-general-villegas-pusieron-el-grito-en-el-cielo-por-la-postergacion-de-la-licitacion\/","url":"https:\/\/infoecos.com.ar\/index.php\/los-autoconvocados-de-general-villegas-pusieron-el-grito-en-el-cielo-por-la-postergacion-de-la-licitacion\/","name":"Los autoconvocados de General Villegas pusieron el \"grito en el cielo\" por la postergaci\u00f3n de la licitaci\u00f3n - Infoecos","isPartOf":{"@id":"https:\/\/infoecos.com.ar\/#website"},"primaryImageOfPage":{"@id":"https:\/\/infoecos.com.ar\/index.php\/los-autoconvocados-de-general-villegas-pusieron-el-grito-en-el-cielo-por-la-postergacion-de-la-licitacion\/#primaryimage"},"image":{"@id":"https:\/\/infoecos.com.ar\/index.php\/los-autoconvocados-de-general-villegas-pusieron-el-grito-en-el-cielo-por-la-postergacion-de-la-licitacion\/#primaryimage"},"thumbnailUrl":"","datePublished":"2021-08-27T08:14:51+00:00","dateModified":"2021-08-28T10:47:46+00:00","breadcrumb":{"@id":"https:\/\/infoecos.com.ar\/index.php\/los-autoconvocados-de-general-villegas-pusieron-el-grito-en-el-cielo-por-la-postergacion-de-la-licitacion\/#breadcrumb"},"inLanguage":"es","potentialAction":[{"@type":"ReadAction","target":["https:\/\/infoecos.com.ar\/index.php\/los-autoconvocados-de-general-villegas-pusieron-el-grito-en-el-cielo-por-la-postergacion-de-la-licitacion\/"]}]},{"@type":"ImageObject","inLanguage":"es","@id":"https:\/\/infoecos.com.ar\/index.php\/los-autoconvocados-de-general-villegas-pusieron-el-grito-en-el-cielo-por-la-postergacion-de-la-licitacion\/#primaryimage","url":"","contentUrl":""},{"@type":"BreadcrumbList","@id":"https:\/\/infoecos.com.ar\/index.php\/los-autoconvocados-de-general-villegas-pusieron-el-grito-en-el-cielo-por-la-postergacion-de-la-licitacion\/#breadcrumb","itemListElement":[{"@type":"ListItem","position":1,"name":"Portada","item":"https:\/\/infoecos.com.ar\/"},{"@type":"ListItem","position":2,"name":"Los autoconvocados de General Villegas pusieron el \u00abgrito en el cielo\u00bb por la postergaci\u00f3n de la licitaci\u00f3n"}]},{"@type":"WebSite","@id":"https:\/\/infoecos.com.ar\/#website","url":"https:\/\/infoecos.com.ar\/","name":"Infoecos","description":"Noticias de trenque lauquen y la zona","publisher":{"@id":"https:\/\/infoecos.com.ar\/#organization"},"alternateName":"Noticias","potentialAction":[{"@type":"SearchAction","target":{"@type":"EntryPoint","urlTemplate":"https:\/\/infoecos.com.ar\/?s={search_term_string}"},"query-input":{"@type":"PropertyValueSpecification","valueRequired":true,"valueName":"search_term_string"}}],"inLanguage":"es"},{"@type":"Organization","@id":"https:\/\/infoecos.com.ar\/#organization","name":"Infoecos","alternateName":"Noticias","url":"https:\/\/infoecos.com.ar\/","logo":{"@type":"ImageObject","inLanguage":"es","@id":"https:\/\/infoecos.com.ar\/#\/schema\/logo\/image\/","url":"https:\/\/infoecos.com.ar\/wp-content\/uploads\/2024\/03\/cropped-logo.png","contentUrl":"https:\/\/infoecos.com.ar\/wp-content\/uploads\/2024\/03\/cropped-logo.png","width":374,"height":90,"caption":"Infoecos"},"image":{"@id":"https:\/\/infoecos.com.ar\/#\/schema\/logo\/image\/"},"sameAs":["https:\/\/www.facebook.com\/profile.php?id=100063200290284","https:\/\/x.com\/infoecos"]},{"@type":"Person","@id":"https:\/\/infoecos.com.ar\/#\/schema\/person\/8f5ace5ce73b4b4aac4b7245aee6f191","name":"Jorge Matheus","url":"https:\/\/infoecos.com.ar\/index.php\/author\/jomatheus\/"}]}},"featured_image_urls":{"full":"","thumbnail":"","medium":"","medium_large":"","large":"","1536x1536":"","2048x2048":"","covernews-slider-full":"","covernews-slider-center":"","covernews-featured":"","covernews-medium":"","covernews-medium-square":""},"author_info":{"info":["Jorge Matheus"]},"category_info":"<a href=\"https:\/\/infoecos.com.ar\/index.php\/category\/inferior12\/\" rel=\"category tag\">Bloque inferior - 12<\/a>","tag_info":"Bloque inferior - 12","comment_count":"0","_links":{"self":[{"href":"https:\/\/infoecos.com.ar\/index.php\/wp-json\/wp\/v2\/posts\/84361"}],"collection":[{"href":"https:\/\/infoecos.com.ar\/index.php\/wp-json\/wp\/v2\/posts"}],"about":[{"href":"https:\/\/infoecos.com.ar\/index.php\/wp-json\/wp\/v2\/types\/post"}],"author":[{"embeddable":true,"href":"https:\/\/infoecos.com.ar\/index.php\/wp-json\/wp\/v2\/users\/2"}],"replies":[{"embeddable":true,"href":"https:\/\/infoecos.com.ar\/index.php\/wp-json\/wp\/v2\/comments?post=84361"}],"version-history":[{"count":2,"href":"https:\/\/infoecos.com.ar\/index.php\/wp-json\/wp\/v2\/posts\/84361\/revisions"}],"predecessor-version":[{"id":84536,"href":"https:\/\/infoecos.com.ar\/index.php\/wp-json\/wp\/v2\/posts\/84361\/revisions\/84536"}],"wp:featuredmedia":[{"embeddable":true,"href":"https:\/\/infoecos.com.ar\/index.php\/wp-json\/"}],"wp:attachment":[{"href":"https:\/\/infoecos.com.ar\/index.php\/wp-json\/wp\/v2\/media?parent=84361"}],"wp:term":[{"taxonomy":"category","embeddable":true,"href":"https:\/\/infoecos.com.ar\/index.php\/wp-json\/wp\/v2\/categories?post=84361"},{"taxonomy":"post_tag","embeddable":true,"href":"https:\/\/infoecos.com.ar\/index.php\/wp-json\/wp\/v2\/tags?post=84361"}],"curies":[{"name":"wp","href":"https:\/\/api.w.org\/{rel}","templated":true}]}}