{"id":84378,"date":"2021-08-27T06:05:22","date_gmt":"2021-08-27T09:05:22","guid":{"rendered":"http:\/\/infoecos.com.ar\/?p=84378"},"modified":"2021-08-27T06:05:23","modified_gmt":"2021-08-27T09:05:23","slug":"messi-y-neymar-viajarian-a-reims-no-se-sabe-si-seran-convocados-para-jugar","status":"publish","type":"post","link":"https:\/\/infoecos.com.ar\/index.php\/messi-y-neymar-viajarian-a-reims-no-se-sabe-si-seran-convocados-para-jugar\/","title":{"rendered":"Messi y Neymar viajar\u00edan a Reims: no se sabe si ser\u00e1n convocados para jugar"},"content":{"rendered":"\n<p class=\"wp-block-paragraph\"><strong>Posible debut de Lionel Messi en PSG.<\/strong>\u00a0<\/p>\n\n\n\n<p class=\"wp-block-paragraph\">Leo transita, informa TyCSports.com los d\u00edas finales de su puesta a punto y podr\u00eda aparecer en cancha por primera vez el pr\u00f3ximo fin de semana, ante el\u00a0<strong>Reims por la cuarta fecha de la Ligue 1<\/strong>. <\/p>\n\n\n\n<div class=\"wp-block-image is-style-default\"><figure class=\"aligncenter size-medium\"><img loading=\"lazy\" decoding=\"async\" width=\"460\" height=\"307\" src=\"http:\/\/infoecos.com.ar\/wp-content\/uploads\/2021\/08\/messiyneymar-460x307.jpg\" alt=\"\" class=\"wp-image-84379\" srcset=\"https:\/\/infoecos.com.ar\/wp-content\/uploads\/2021\/08\/messiyneymar-460x307.jpg 460w, https:\/\/infoecos.com.ar\/wp-content\/uploads\/2021\/08\/messiyneymar-768x512.jpg 768w, https:\/\/infoecos.com.ar\/wp-content\/uploads\/2021\/08\/messiyneymar-675x450.jpg 675w, https:\/\/infoecos.com.ar\/wp-content\/uploads\/2021\/08\/messiyneymar.jpg 862w\" sizes=\"auto, (max-width: 460px) 100vw, 460px\" \/><\/figure><\/div>\n\n\n\n<p class=\"wp-block-paragraph\">Seg\u00fan el diario franc\u00e9s L&#8217;Equipe, no lo har\u00eda solo:<strong>\u00a0se espera que tanto Messi como Neymar viajen a la ciudad de Reims para estar entre los convocados del duelo que se disputar\u00e1 el domingo a las 15.45.<\/strong><\/p>\n","protected":false},"excerpt":{"rendered":"<p>Leo transita, informa TyCSports.com los d\u00edas finales de su puesta a punto y podr\u00eda aparecer en cancha por primera vez el pr\u00f3ximo fin de semana, ante el Reims por la cuarta fecha de la Ligue 1<\/p>\n","protected":false},"author":2,"featured_media":84379,"comment_status":"closed","ping_status":"open","sticky":false,"template":"","format":"standard","meta":{"footnotes":""},"categories":[200],"tags":[4866],"class_list":["post-84378","post","type-post","status-publish","format-standard","has-post-thumbnail","hentry","category-inferior8","tag-iecosdeportes"],"featured_image_urls":{"full":["https:\/\/infoecos.com.ar\/wp-content\/uploads\/2021\/08\/messiyneymar.jpg",862,575,false],"thumbnail":["https:\/\/infoecos.com.ar\/wp-content\/uploads\/2021\/08\/messiyneymar-150x150.jpg",150,150,true],"medium":["https:\/\/infoecos.com.ar\/wp-content\/uploads\/2021\/08\/messiyneymar-460x307.jpg",460,307,true],"medium_large":["https:\/\/infoecos.com.ar\/wp-content\/uploads\/2021\/08\/messiyneymar-768x512.jpg",640,427,true],"large":["https:\/\/infoecos.com.ar\/wp-content\/uploads\/2021\/08\/messiyneymar.jpg",640,427,false],"1536x1536":["https:\/\/infoecos.com.ar\/wp-content\/uploads\/2021\/08\/messiyneymar.jpg",862,575,false],"2048x2048":["https:\/\/infoecos.com.ar\/wp-content\/uploads\/2021\/08\/messiyneymar.jpg",862,575,false],"covernews-slider-full":["https:\/\/infoecos.com.ar\/wp-content\/uploads\/2021\/08\/messiyneymar.jpg",862,575,false],"covernews-slider-center":["https:\/\/infoecos.com.ar\/wp-content\/uploads\/2021\/08\/messiyneymar.jpg",750,500,false],"covernews-featured":["https:\/\/infoecos.com.ar\/wp-content\/uploads\/2021\/08\/messiyneymar.jpg",862,575,false],"covernews-medium":["https:\/\/infoecos.com.ar\/wp-content\/uploads\/2021\/08\/messiyneymar-720x380.jpg",540,285,true],"covernews-medium-square":["https:\/\/infoecos.com.ar\/wp-content\/uploads\/2021\/08\/messiyneymar-675x450.jpg",375,250,true]},"author_info":{"info":["Jorge Matheus"]},"category_info":"<a href=\"https:\/\/infoecos.com.ar\/index.php\/category\/inferior8\/\" rel=\"category tag\">Bloque inferior - 8<\/a>","tag_info":"Bloque inferior - 8","comment_count":"0","_links":{"self":[{"href":"https:\/\/infoecos.com.ar\/index.php\/wp-json\/wp\/v2\/posts\/84378","targetHints":{"allow":["GET"]}}],"collection":[{"href":"https:\/\/infoecos.com.ar\/index.php\/wp-json\/wp\/v2\/posts"}],"about":[{"href":"https:\/\/infoecos.com.ar\/index.php\/wp-json\/wp\/v2\/types\/post"}],"author":[{"embeddable":true,"href":"https:\/\/infoecos.com.ar\/index.php\/wp-json\/wp\/v2\/users\/2"}],"replies":[{"embeddable":true,"href":"https:\/\/infoecos.com.ar\/index.php\/wp-json\/wp\/v2\/comments?post=84378"}],"version-history":[{"count":1,"href":"https:\/\/infoecos.com.ar\/index.php\/wp-json\/wp\/v2\/posts\/84378\/revisions"}],"predecessor-version":[{"id":84380,"href":"https:\/\/infoecos.com.ar\/index.php\/wp-json\/wp\/v2\/posts\/84378\/revisions\/84380"}],"wp:featuredmedia":[{"embeddable":true,"href":"https:\/\/infoecos.com.ar\/index.php\/wp-json\/wp\/v2\/media\/84379"}],"wp:attachment":[{"href":"https:\/\/infoecos.com.ar\/index.php\/wp-json\/wp\/v2\/media?parent=84378"}],"wp:term":[{"taxonomy":"category","embeddable":true,"href":"https:\/\/infoecos.com.ar\/index.php\/wp-json\/wp\/v2\/categories?post=84378"},{"taxonomy":"post_tag","embeddable":true,"href":"https:\/\/infoecos.com.ar\/index.php\/wp-json\/wp\/v2\/tags?post=84378"}],"curies":[{"name":"wp","href":"https:\/\/api.w.org\/{rel}","templated":true}]}}