{"id":84426,"date":"2021-08-27T17:42:02","date_gmt":"2021-08-27T20:42:02","guid":{"rendered":"http:\/\/infoecos.com.ar\/?p=84426"},"modified":"2021-08-27T17:42:03","modified_gmt":"2021-08-27T20:42:03","slug":"71-casos-activos-se-reportaron-este-viernes-en-trenque-lauquen-donde-continua-una-fuerte-tendencia-a-la-baja","status":"publish","type":"post","link":"https:\/\/infoecos.com.ar\/index.php\/71-casos-activos-se-reportaron-este-viernes-en-trenque-lauquen-donde-continua-una-fuerte-tendencia-a-la-baja\/","title":{"rendered":"71 casos activos se reportaron este viernes en Trenque Lauquen donde contin\u00faa una fuerte tendencia a la baja"},"content":{"rendered":"\n<p class=\"wp-block-paragraph\">La subsecretar\u00eda de Salud municipal de Trenque Lauquen inform\u00f3 este viernes que los casos activos de Covid-19 en el distrito son 75 luego de que se reportaran cuatro (4) nuevos casos positivos, la reasignaci\u00f3n de dos (2) casos en el d\u00eda de la fecha, 22 personas recuperadas m\u00e1s y 96 casos descartados, quedando, adem\u00e1s, 43 casos sospechosos y 85 personas en aislamiento.<\/p>\n\n\n\n<div class=\"wp-block-image is-style-default\"><figure class=\"aligncenter size-medium\"><img loading=\"lazy\" decoding=\"async\" width=\"460\" height=\"434\" src=\"http:\/\/infoecos.com.ar\/wp-content\/uploads\/2021\/08\/reporteviernes-3-460x434.jpg\" alt=\"\" class=\"wp-image-84427\" srcset=\"https:\/\/infoecos.com.ar\/wp-content\/uploads\/2021\/08\/reporteviernes-3-460x434.jpg 460w, https:\/\/infoecos.com.ar\/wp-content\/uploads\/2021\/08\/reporteviernes-3-768x725.jpg 768w, https:\/\/infoecos.com.ar\/wp-content\/uploads\/2021\/08\/reporteviernes-3.jpg 800w\" sizes=\"auto, (max-width: 460px) 100vw, 460px\" \/><\/figure><\/div>\n\n\n\n<p class=\"wp-block-paragraph\">Dos (2) casos fueron diagnosticados por hisopado y los dos (2) restantes por nexo o criterio epidemiol\u00f3gico seg\u00fan protocolo actualizado vigente y todos corresponden a Trenque Lauquen, y de los 75 casos activos, 70 corresponden a la ciudad cabecera, tres (3) a Treinta de Agosto, uno (1) a Beruti y uno (1) a Girod\u00edas: nueve (9) permanecen internados en el Hospital Municipal y 66 est\u00e1n en sus domicilios particulares.<\/p>\n\n\n\n<p class=\"wp-block-paragraph\">De las 22 personas recuperadas en la fecha, 21 son de Trenque Lauquen y una (1) de Treinta de Agosto y ahora suman 10.026 las que recibieron el alta desde marzo del a\u00f1o pasado (dos casos fueron reasignados en el d\u00eda de la fecha), mientras que en el mismo per\u00edodo se descartaron 18.787 casos, incluidos los 96 de las \u00faltimas 24 horas, 88 de la ciudad cabecera y ocho (8) de Treinta de Agosto.<\/p>\n\n\n\n<p class=\"wp-block-paragraph\">Entre los 43 casos sospechosos que quedan, 37 corresponden a Trenque Lauquen y seis (6) a Treinta de Agosto y de las 85 personas en aislamiento, hay 82 en la ciudad cabecera, dos (2) en Treinta de Agosto y uno (1) en Beruti.<\/p>\n\n\n\n<div class=\"wp-block-image is-style-default\"><figure class=\"aligncenter size-medium\"><img loading=\"lazy\" decoding=\"async\" width=\"460\" height=\"460\" src=\"http:\/\/infoecos.com.ar\/wp-content\/uploads\/2021\/08\/camashospital-6-460x460.jpg\" alt=\"\" class=\"wp-image-84428\" srcset=\"https:\/\/infoecos.com.ar\/wp-content\/uploads\/2021\/08\/camashospital-6-460x460.jpg 460w, https:\/\/infoecos.com.ar\/wp-content\/uploads\/2021\/08\/camashospital-6-920x920.jpg 920w, https:\/\/infoecos.com.ar\/wp-content\/uploads\/2021\/08\/camashospital-6-150x150.jpg 150w, https:\/\/infoecos.com.ar\/wp-content\/uploads\/2021\/08\/camashospital-6-768x769.jpg 768w, https:\/\/infoecos.com.ar\/wp-content\/uploads\/2021\/08\/camashospital-6-1024x1025.jpg 1024w, https:\/\/infoecos.com.ar\/wp-content\/uploads\/2021\/08\/camashospital-6.jpg 1279w\" sizes=\"auto, (max-width: 460px) 100vw, 460px\" \/><\/figure><\/div>\n","protected":false},"excerpt":{"rendered":"<p>De los 75 casos activos, 70 corresponden a la ciudad cabecera, tres (3) a Treinta de Agosto, uno (1) a Beruti y uno (1) a Girod\u00edas<\/p>\n","protected":false},"author":2,"featured_media":60374,"comment_status":"closed","ping_status":"open","sticky":false,"template":"","format":"standard","meta":{"footnotes":""},"categories":[28],"tags":[4878],"class_list":["post-84426","post","type-post","status-publish","format-standard","has-post-thumbnail","hentry","category-c1nota1","tag-hay-14-internados-en-el-hospital-en-area-covid"],"featured_image_urls":{"full":["https:\/\/infoecos.com.ar\/wp-content\/uploads\/tl45guardiahospital-2.jpg",912,608,false],"thumbnail":["https:\/\/infoecos.com.ar\/wp-content\/uploads\/tl45guardiahospital-2-150x150.jpg",150,150,true],"medium":["https:\/\/infoecos.com.ar\/wp-content\/uploads\/tl45guardiahospital-2-460x307.jpg",460,307,true],"medium_large":["https:\/\/infoecos.com.ar\/wp-content\/uploads\/tl45guardiahospital-2-768x512.jpg",640,427,true],"large":["https:\/\/infoecos.com.ar\/wp-content\/uploads\/tl45guardiahospital-2.jpg",640,427,false],"1536x1536":["https:\/\/infoecos.com.ar\/wp-content\/uploads\/tl45guardiahospital-2.jpg",912,608,false],"2048x2048":["https:\/\/infoecos.com.ar\/wp-content\/uploads\/tl45guardiahospital-2.jpg",912,608,false],"covernews-slider-full":["https:\/\/infoecos.com.ar\/wp-content\/uploads\/tl45guardiahospital-2.jpg",912,608,false],"covernews-slider-center":["https:\/\/infoecos.com.ar\/wp-content\/uploads\/tl45guardiahospital-2.jpg",750,500,false],"covernews-featured":["https:\/\/infoecos.com.ar\/wp-content\/uploads\/tl45guardiahospital-2.jpg",912,608,false],"covernews-medium":["https:\/\/infoecos.com.ar\/wp-content\/uploads\/tl45guardiahospital-2-720x380.jpg",540,285,true],"covernews-medium-square":["https:\/\/infoecos.com.ar\/wp-content\/uploads\/tl45guardiahospital-2-675x450.jpg",375,250,true]},"author_info":{"info":["Jorge Matheus"]},"category_info":"<a href=\"https:\/\/infoecos.com.ar\/index.php\/category\/c1nota1\/\" rel=\"category tag\">C1 N1<\/a>","tag_info":"C1 N1","comment_count":"0","_links":{"self":[{"href":"https:\/\/infoecos.com.ar\/index.php\/wp-json\/wp\/v2\/posts\/84426","targetHints":{"allow":["GET"]}}],"collection":[{"href":"https:\/\/infoecos.com.ar\/index.php\/wp-json\/wp\/v2\/posts"}],"about":[{"href":"https:\/\/infoecos.com.ar\/index.php\/wp-json\/wp\/v2\/types\/post"}],"author":[{"embeddable":true,"href":"https:\/\/infoecos.com.ar\/index.php\/wp-json\/wp\/v2\/users\/2"}],"replies":[{"embeddable":true,"href":"https:\/\/infoecos.com.ar\/index.php\/wp-json\/wp\/v2\/comments?post=84426"}],"version-history":[{"count":1,"href":"https:\/\/infoecos.com.ar\/index.php\/wp-json\/wp\/v2\/posts\/84426\/revisions"}],"predecessor-version":[{"id":84429,"href":"https:\/\/infoecos.com.ar\/index.php\/wp-json\/wp\/v2\/posts\/84426\/revisions\/84429"}],"wp:featuredmedia":[{"embeddable":true,"href":"https:\/\/infoecos.com.ar\/index.php\/wp-json\/wp\/v2\/media\/60374"}],"wp:attachment":[{"href":"https:\/\/infoecos.com.ar\/index.php\/wp-json\/wp\/v2\/media?parent=84426"}],"wp:term":[{"taxonomy":"category","embeddable":true,"href":"https:\/\/infoecos.com.ar\/index.php\/wp-json\/wp\/v2\/categories?post=84426"},{"taxonomy":"post_tag","embeddable":true,"href":"https:\/\/infoecos.com.ar\/index.php\/wp-json\/wp\/v2\/tags?post=84426"}],"curies":[{"name":"wp","href":"https:\/\/api.w.org\/{rel}","templated":true}]}}