{"id":84505,"date":"2021-08-28T06:31:52","date_gmt":"2021-08-28T09:31:52","guid":{"rendered":"http:\/\/infoecos.com.ar\/?p=84505"},"modified":"2021-08-28T06:33:03","modified_gmt":"2021-08-28T09:33:03","slug":"amenaza-terrorista-para-el-psg-donde-este-domingo-debutaria-lionel-messi","status":"publish","type":"post","link":"https:\/\/infoecos.com.ar\/index.php\/amenaza-terrorista-para-el-psg-donde-este-domingo-debutaria-lionel-messi\/","title":{"rendered":"Amenaza terrorista para el PSG donde este domingo debutar\u00eda Lionel Messi"},"content":{"rendered":"\n<p class=\"wp-block-paragraph\">El debut de&nbsp;Lionel Messi&nbsp;en&nbsp;PSG&nbsp;gener\u00f3 que se declare el estado de alerta producto de una amenaza terrorista que habr\u00eda surgido de una publicaci\u00f3n de la revista&nbsp;Charlie Hebdo. La Pulga podr\u00eda hacer su presentaci\u00f3n ante&nbsp;Reims, el domingo a las 15.45 y como visitante.<\/p>\n\n\n\n<div class=\"wp-block-image is-style-default\"><figure class=\"aligncenter size-medium\"><img loading=\"lazy\" decoding=\"async\" width=\"460\" height=\"257\" src=\"http:\/\/infoecos.com.ar\/wp-content\/uploads\/2021\/08\/MESSINEYMAR-460x257.jpg\" alt=\"\" class=\"wp-image-83797\" srcset=\"https:\/\/infoecos.com.ar\/wp-content\/uploads\/2021\/08\/MESSINEYMAR-460x257.jpg 460w, https:\/\/infoecos.com.ar\/wp-content\/uploads\/2021\/08\/MESSINEYMAR-920x515.jpg 920w, https:\/\/infoecos.com.ar\/wp-content\/uploads\/2021\/08\/MESSINEYMAR-768x430.jpg 768w, https:\/\/infoecos.com.ar\/wp-content\/uploads\/2021\/08\/MESSINEYMAR-1024x573.jpg 1024w, https:\/\/infoecos.com.ar\/wp-content\/uploads\/2021\/08\/MESSINEYMAR.jpg 1440w\" sizes=\"auto, (max-width: 460px) 100vw, 460px\" \/><\/figure><\/div>\n\n\n\n<p class=\"wp-block-paragraph\">Las alarmas sonaron debido a la tapa del n\u00famero 1.517, que incluye al rosarino.<em>&nbsp;\u201cTalibanes, es peor de lo que nos pens\u00e1bamos\u201d<\/em>, apareci\u00f3 escrito junto a una ilustraci\u00f3n con tres mujeres vestidas con una burka azul, el n\u00famero 30 y el nombre del futbolista que fue incorporado por el conjunto franc\u00e9s.<\/p>\n\n\n\n<p class=\"wp-block-paragraph\">Los medios de aquel pa\u00eds indicaron que se tratar\u00eda de una&nbsp;denuncia por la supuesta vinculaci\u00f3n de estados como Qatar con el financiamiento del terrorismo isl\u00e1mico. El presidente de PSG es Nasser Al-Khelaifi, cercano al emir de aquel pa\u00eds: de all\u00ed la entidad obtiene su principal capital econ\u00f3mico.<\/p>\n\n\n\n<p class=\"wp-block-paragraph\">Si bien todav\u00eda no fue confirmado por&nbsp;Mauricio Pochettino, est\u00e1 todo dado para que la Pulga haga su presentaci\u00f3n en su nuevo club. El l\u00edder con puntaje ideal luego de tres jornadas visitar\u00e1 a Reims, por la cuarta fecha, y el rosarino integrar\u00eda la lista de concentrados para el duelo del domingo a las 15.45.<\/p>\n","protected":false},"excerpt":{"rendered":"<p>Si bien todav\u00eda no fue confirmado por Mauricio Pochettino, est\u00e1 todo dado para que la Pulga haga su presentaci\u00f3n en su nuevo club<\/p>\n","protected":false},"author":2,"featured_media":83797,"comment_status":"closed","ping_status":"open","sticky":false,"template":"","format":"standard","meta":{"footnotes":""},"categories":[26],"tags":[4866],"class_list":["post-84505","post","type-post","status-publish","format-standard","has-post-thumbnail","hentry","category-inferior6","tag-iecosdeportes"],"featured_image_urls":{"full":["https:\/\/infoecos.com.ar\/wp-content\/uploads\/2021\/08\/MESSINEYMAR.jpg",1440,806,false],"thumbnail":["https:\/\/infoecos.com.ar\/wp-content\/uploads\/2021\/08\/MESSINEYMAR-150x150.jpg",150,150,true],"medium":["https:\/\/infoecos.com.ar\/wp-content\/uploads\/2021\/08\/MESSINEYMAR-460x257.jpg",460,257,true],"medium_large":["https:\/\/infoecos.com.ar\/wp-content\/uploads\/2021\/08\/MESSINEYMAR-768x430.jpg",640,358,true],"large":["https:\/\/infoecos.com.ar\/wp-content\/uploads\/2021\/08\/MESSINEYMAR-920x515.jpg",640,358,true],"1536x1536":["https:\/\/infoecos.com.ar\/wp-content\/uploads\/2021\/08\/MESSINEYMAR.jpg",1440,806,false],"2048x2048":["https:\/\/infoecos.com.ar\/wp-content\/uploads\/2021\/08\/MESSINEYMAR.jpg",1440,806,false],"covernews-slider-full":["https:\/\/infoecos.com.ar\/wp-content\/uploads\/2021\/08\/MESSINEYMAR.jpg",1115,624,false],"covernews-slider-center":["https:\/\/infoecos.com.ar\/wp-content\/uploads\/2021\/08\/MESSINEYMAR-936x806.jpg",581,500,true],"covernews-featured":["https:\/\/infoecos.com.ar\/wp-content\/uploads\/2021\/08\/MESSINEYMAR-1024x573.jpg",1024,573,true],"covernews-medium":["https:\/\/infoecos.com.ar\/wp-content\/uploads\/2021\/08\/MESSINEYMAR-720x380.jpg",540,285,true],"covernews-medium-square":["https:\/\/infoecos.com.ar\/wp-content\/uploads\/2021\/08\/MESSINEYMAR-675x450.jpg",375,250,true]},"author_info":{"info":["Jorge Matheus"]},"category_info":"<a href=\"https:\/\/infoecos.com.ar\/index.php\/category\/inferior6\/\" rel=\"category tag\">Bloque inferior - 6<\/a>","tag_info":"Bloque inferior - 6","comment_count":"0","_links":{"self":[{"href":"https:\/\/infoecos.com.ar\/index.php\/wp-json\/wp\/v2\/posts\/84505","targetHints":{"allow":["GET"]}}],"collection":[{"href":"https:\/\/infoecos.com.ar\/index.php\/wp-json\/wp\/v2\/posts"}],"about":[{"href":"https:\/\/infoecos.com.ar\/index.php\/wp-json\/wp\/v2\/types\/post"}],"author":[{"embeddable":true,"href":"https:\/\/infoecos.com.ar\/index.php\/wp-json\/wp\/v2\/users\/2"}],"replies":[{"embeddable":true,"href":"https:\/\/infoecos.com.ar\/index.php\/wp-json\/wp\/v2\/comments?post=84505"}],"version-history":[{"count":2,"href":"https:\/\/infoecos.com.ar\/index.php\/wp-json\/wp\/v2\/posts\/84505\/revisions"}],"predecessor-version":[{"id":84508,"href":"https:\/\/infoecos.com.ar\/index.php\/wp-json\/wp\/v2\/posts\/84505\/revisions\/84508"}],"wp:featuredmedia":[{"embeddable":true,"href":"https:\/\/infoecos.com.ar\/index.php\/wp-json\/wp\/v2\/media\/83797"}],"wp:attachment":[{"href":"https:\/\/infoecos.com.ar\/index.php\/wp-json\/wp\/v2\/media?parent=84505"}],"wp:term":[{"taxonomy":"category","embeddable":true,"href":"https:\/\/infoecos.com.ar\/index.php\/wp-json\/wp\/v2\/categories?post=84505"},{"taxonomy":"post_tag","embeddable":true,"href":"https:\/\/infoecos.com.ar\/index.php\/wp-json\/wp\/v2\/tags?post=84505"}],"curies":[{"name":"wp","href":"https:\/\/api.w.org\/{rel}","templated":true}]}}