{"id":84573,"date":"2021-08-30T08:10:28","date_gmt":"2021-08-30T11:10:28","guid":{"rendered":"http:\/\/infoecos.com.ar\/?p=84573"},"modified":"2021-08-31T07:33:09","modified_gmt":"2021-08-31T10:33:09","slug":"los-docentes-bonaerenses-aceptaron-la-propuesta-salarial-del-gobierno-provincial","status":"publish","type":"post","link":"https:\/\/infoecos.com.ar\/index.php\/los-docentes-bonaerenses-aceptaron-la-propuesta-salarial-del-gobierno-provincial\/","title":{"rendered":"Los docentes bonaerenses aceptaron la propuesta salarial del gobierno provincial"},"content":{"rendered":"\n<p class=\"wp-block-paragraph\">La&nbsp;Federaci\u00f3n de Educadores Bonaerenses (FEB), el&nbsp;Sindicato de Trabajadores de la Educaci\u00f3n (SUTEBA)&nbsp;y la&nbsp;Uni\u00f3n de Docentes Bonaerenses (UDOCBA)&nbsp;aceptaron en sendos plenarios de delegados la nueva propuesta de aumento salarial que le curs\u00f3 el gobierno de Axel Kicillof y que lleva el&nbsp;incremento al 45%<strong>&nbsp;<\/strong>en promedio en noviembre, con posibilidad de reabrirlo en diciembre,<\/p>\n\n\n\n<div class=\"wp-block-image is-style-default\"><figure class=\"aligncenter size-medium\"><img loading=\"lazy\" decoding=\"async\" width=\"460\" height=\"286\" src=\"http:\/\/infoecos.com.ar\/wp-content\/uploads\/2021\/02\/2021_02_26_AK_-Paritarias_La-PlataGBA_2891-460x286.jpg\" alt=\"\" class=\"wp-image-75039\" srcset=\"https:\/\/infoecos.com.ar\/wp-content\/uploads\/2021\/02\/2021_02_26_AK_-Paritarias_La-PlataGBA_2891-460x286.jpg 460w, https:\/\/infoecos.com.ar\/wp-content\/uploads\/2021\/02\/2021_02_26_AK_-Paritarias_La-PlataGBA_2891-920x572.jpg 920w, https:\/\/infoecos.com.ar\/wp-content\/uploads\/2021\/02\/2021_02_26_AK_-Paritarias_La-PlataGBA_2891-768x477.jpg 768w, https:\/\/infoecos.com.ar\/wp-content\/uploads\/2021\/02\/2021_02_26_AK_-Paritarias_La-PlataGBA_2891-1536x955.jpg 1536w, https:\/\/infoecos.com.ar\/wp-content\/uploads\/2021\/02\/2021_02_26_AK_-Paritarias_La-PlataGBA_2891-2048x1273.jpg 2048w, https:\/\/infoecos.com.ar\/wp-content\/uploads\/2021\/02\/2021_02_26_AK_-Paritarias_La-PlataGBA_2891-1024x637.jpg 1024w\" sizes=\"auto, (max-width: 460px) 100vw, 460px\" \/><\/figure><\/div>\n\n\n\n<p class=\"wp-block-paragraph\">Seg\u00fan un comunicado de FEB, la propuesta aprobada por el Congreso, que sesion\u00f3 de manera virtual, \u201cconsiste en un incremento a percibir en dos etapas (octubre y noviembre), la reapertura de la Paritaria en el mes de diciembre y el alcance a todos los jubilados\u201d.&nbsp;<\/p>\n\n\n\n<p class=\"wp-block-paragraph\">\u201cEl Congreso recogi\u00f3 el mandato de los docentes de la Provincia, que analizaron la propuesta en el d\u00eda de ayer y definieron su aprobaci\u00f3n\u201d explic\u00f3 la presidente de la FEB, Mirta Petrocini y agreg\u00f3 que \u201ces una propuesta que responde a nuestras principales demandas de incorporar dinero al b\u00e1sico y que todas las sumas lleguen a los jubilados\u201d.<\/p>\n\n\n\n<p class=\"wp-block-paragraph\">De acuerdo a los n\u00fameros que aport\u00f3 FEB, los docentes percibir\u00e1n a septiembre un 35,1% de incremento, como parte del aumento que ya estaba estipulado en el acuerdo anterior. En octubre, el salario promediar\u00eda un 39,61% de incremento; mientras que en noviembre, se alcanzar\u00e1 el 46% promedio en los salarios del sector.<\/p>\n","protected":false},"excerpt":{"rendered":"<p>En sendos plenarios de delegados la nueva propuesta de aumento salarial que le curs\u00f3 el gobierno de Axel Kicillof y que lleva el incremento al 45% en promedio en noviembre, con posibilidad de reabrirlo en diciembre<\/p>\n","protected":false},"author":2,"featured_media":75039,"comment_status":"closed","ping_status":"open","sticky":false,"template":"","format":"standard","meta":{"footnotes":""},"categories":[1331],"tags":[4899],"class_list":["post-84573","post","type-post","status-publish","format-standard","has-post-thumbnail","hentry","category-inferior11","tag-hubo-este-domingo-una-reunion-virtual"],"featured_image_urls":{"full":["https:\/\/infoecos.com.ar\/wp-content\/uploads\/2021\/02\/2021_02_26_AK_-Paritarias_La-PlataGBA_2891-scaled.jpg",2560,1592,false],"thumbnail":["https:\/\/infoecos.com.ar\/wp-content\/uploads\/2021\/02\/2021_02_26_AK_-Paritarias_La-PlataGBA_2891-150x150.jpg",150,150,true],"medium":["https:\/\/infoecos.com.ar\/wp-content\/uploads\/2021\/02\/2021_02_26_AK_-Paritarias_La-PlataGBA_2891-460x286.jpg",460,286,true],"medium_large":["https:\/\/infoecos.com.ar\/wp-content\/uploads\/2021\/02\/2021_02_26_AK_-Paritarias_La-PlataGBA_2891-768x477.jpg",640,398,true],"large":["https:\/\/infoecos.com.ar\/wp-content\/uploads\/2021\/02\/2021_02_26_AK_-Paritarias_La-PlataGBA_2891-920x572.jpg",640,398,true],"1536x1536":["https:\/\/infoecos.com.ar\/wp-content\/uploads\/2021\/02\/2021_02_26_AK_-Paritarias_La-PlataGBA_2891-1536x955.jpg",1536,955,true],"2048x2048":["https:\/\/infoecos.com.ar\/wp-content\/uploads\/2021\/02\/2021_02_26_AK_-Paritarias_La-PlataGBA_2891-2048x1273.jpg",2048,1273,true],"covernews-slider-full":["https:\/\/infoecos.com.ar\/wp-content\/uploads\/2021\/02\/2021_02_26_AK_-Paritarias_La-PlataGBA_2891-1536x1020.jpg",1077,715,true],"covernews-slider-center":["https:\/\/infoecos.com.ar\/wp-content\/uploads\/2021\/02\/2021_02_26_AK_-Paritarias_La-PlataGBA_2891-936x897.jpg",522,500,true],"covernews-featured":["https:\/\/infoecos.com.ar\/wp-content\/uploads\/2021\/02\/2021_02_26_AK_-Paritarias_La-PlataGBA_2891-1024x637.jpg",1024,637,true],"covernews-medium":["https:\/\/infoecos.com.ar\/wp-content\/uploads\/2021\/02\/2021_02_26_AK_-Paritarias_La-PlataGBA_2891-720x380.jpg",540,285,true],"covernews-medium-square":["https:\/\/infoecos.com.ar\/wp-content\/uploads\/2021\/02\/2021_02_26_AK_-Paritarias_La-PlataGBA_2891-675x450.jpg",375,250,true]},"author_info":{"info":["Jorge Matheus"]},"category_info":"<a href=\"https:\/\/infoecos.com.ar\/index.php\/category\/inferior11\/\" rel=\"category tag\">Bloque inferior - 11<\/a>","tag_info":"Bloque inferior - 11","comment_count":"0","_links":{"self":[{"href":"https:\/\/infoecos.com.ar\/index.php\/wp-json\/wp\/v2\/posts\/84573","targetHints":{"allow":["GET"]}}],"collection":[{"href":"https:\/\/infoecos.com.ar\/index.php\/wp-json\/wp\/v2\/posts"}],"about":[{"href":"https:\/\/infoecos.com.ar\/index.php\/wp-json\/wp\/v2\/types\/post"}],"author":[{"embeddable":true,"href":"https:\/\/infoecos.com.ar\/index.php\/wp-json\/wp\/v2\/users\/2"}],"replies":[{"embeddable":true,"href":"https:\/\/infoecos.com.ar\/index.php\/wp-json\/wp\/v2\/comments?post=84573"}],"version-history":[{"count":2,"href":"https:\/\/infoecos.com.ar\/index.php\/wp-json\/wp\/v2\/posts\/84573\/revisions"}],"predecessor-version":[{"id":84711,"href":"https:\/\/infoecos.com.ar\/index.php\/wp-json\/wp\/v2\/posts\/84573\/revisions\/84711"}],"wp:featuredmedia":[{"embeddable":true,"href":"https:\/\/infoecos.com.ar\/index.php\/wp-json\/wp\/v2\/media\/75039"}],"wp:attachment":[{"href":"https:\/\/infoecos.com.ar\/index.php\/wp-json\/wp\/v2\/media?parent=84573"}],"wp:term":[{"taxonomy":"category","embeddable":true,"href":"https:\/\/infoecos.com.ar\/index.php\/wp-json\/wp\/v2\/categories?post=84573"},{"taxonomy":"post_tag","embeddable":true,"href":"https:\/\/infoecos.com.ar\/index.php\/wp-json\/wp\/v2\/tags?post=84573"}],"curies":[{"name":"wp","href":"https:\/\/api.w.org\/{rel}","templated":true}]}}