{"id":84585,"date":"2021-08-30T08:52:45","date_gmt":"2021-08-30T11:52:45","guid":{"rendered":"http:\/\/infoecos.com.ar\/?p=84585"},"modified":"2021-08-31T07:30:59","modified_gmt":"2021-08-31T10:30:59","slug":"el-gobierno-bonaerense-informo-por-twitter-queel-96-40-del-personal-docente-y-no-docente-esta-vacunado","status":"publish","type":"post","link":"https:\/\/infoecos.com.ar\/index.php\/el-gobierno-bonaerense-informo-por-twitter-queel-96-40-del-personal-docente-y-no-docente-esta-vacunado\/","title":{"rendered":"El gobierno bonaerense inform\u00f3 por Twitter queel 96.40 % del personal docente y no docente est\u00e1 vacunado"},"content":{"rendered":"\n<p>El 96,40 por ciento del personal docente y no docente de la provincia de Buenos Aires est\u00e1 vacunado contra el coronavirus, seg\u00fan un nuevo informe sanitario que present\u00f3 este domingo el Gobierno bonaerense en el marco de la vuelta a la presencialidad en las escuelas.<\/p>\n\n\n\n<p>El informe difundido en Twitter precisa que en total 525.399 trabajadores y trabajadoras est\u00e1n inmunizadas sobre un total de 545.005 inscriptos.<\/p>\n\n\n\n<div class=\"wp-block-image is-style-default\"><figure class=\"aligncenter size-large\"><img loading=\"lazy\" decoding=\"async\" width=\"640\" height=\"426\" src=\"http:\/\/infoecos.com.ar\/wp-content\/uploads\/2021\/05\/vacunacionpehuajo.jpg\" alt=\"\" class=\"wp-image-77887\" srcset=\"https:\/\/infoecos.com.ar\/wp-content\/uploads\/2021\/05\/vacunacionpehuajo.jpg 640w, https:\/\/infoecos.com.ar\/wp-content\/uploads\/2021\/05\/vacunacionpehuajo-460x306.jpg 460w\" sizes=\"(max-width: 640px) 100vw, 640px\" \/><\/figure><\/div>\n\n\n\n<p>Adem\u00e1s, detalla que el porcentaje de vacunados que superan los 60 a\u00f1os alcanza el 97,95 por ciento, lo que representa que 2.545.284 est\u00e1n inmunizados sobre un total de 2.639.411 inscriptos.<\/p>\n\n\n\n<p>Por su parte, el 94,98 por ciento de las personas en la franja etaria de 18 a 59 a\u00f1os con comorbilidades ya recibieron al menos la primera dosis de la vacuna, lo que significa que 2.272.830 bonaerenses fueron inoculados sobre un total de 2.392.881 que se anotaron.<\/p>\n\n\n\n<p>El reporte tambi\u00e9n resalta que 4.407.902 est\u00e1n vacunados (88,37 por ciento) en esa franja etaria, pero sin factores de riesgo.<\/p>\n\n\n\n<p>Por otra parte, fueron vacunados 135.910 sobre 185.838 j\u00f3venes de 12 a 17 a\u00f1os con factores de riesgo, lo que implica un 73,13 por ciento.<\/p>\n\n\n\n<p>Por \u00faltimo, la cantidad de inmunizados en el sector del personal de seguridad es de 89,73 por ciento (192.400 sobre 214.412 inscriptos).<\/p>\n","protected":false},"excerpt":{"rendered":"<p>Detalla que el porcentaje de vacunados que superan los 60 a\u00f1os alcanza el 97,95 por ciento, lo que representa que 2.545.284 est\u00e1n inmunizados sobre un total de 2.639.411 inscriptos<\/p>\n","protected":false},"author":2,"featured_media":77887,"comment_status":"closed","ping_status":"open","sticky":false,"template":"","format":"standard","meta":{"footnotes":""},"categories":[1323],"tags":[4903],"class_list":["post-84585","post","type-post","status-publish","format-standard","has-post-thumbnail","hentry","category-c2nota5","tag-contra-el-coronavirus"],"yoast_head":"<!-- This site is optimized with the Yoast SEO plugin v23.4 - https:\/\/yoast.com\/wordpress\/plugins\/seo\/ -->\n<title>El gobierno bonaerense inform\u00f3 por Twitter queel 96.40 % del personal docente y no docente est\u00e1 vacunado - Infoecos<\/title>\n<meta name=\"robots\" content=\"index, follow, max-snippet:-1, max-image-preview:large, max-video-preview:-1\" \/>\n<link rel=\"canonical\" href=\"https:\/\/infoecos.com.ar\/index.php\/el-gobierno-bonaerense-informo-por-twitter-queel-96-40-del-personal-docente-y-no-docente-esta-vacunado\/\" \/>\n<meta property=\"og:locale\" content=\"es_ES\" \/>\n<meta property=\"og:type\" content=\"article\" \/>\n<meta property=\"og:title\" content=\"El gobierno bonaerense inform\u00f3 por Twitter queel 96.40 % del personal docente y no docente est\u00e1 vacunado - Infoecos\" \/>\n<meta property=\"og:description\" content=\"Detalla que el porcentaje de vacunados que superan los 60 a\u00f1os alcanza el 97,95 por ciento, lo que representa que 2.545.284 est\u00e1n inmunizados sobre un total de 2.639.411 inscriptos\" \/>\n<meta property=\"og:url\" content=\"https:\/\/infoecos.com.ar\/index.php\/el-gobierno-bonaerense-informo-por-twitter-queel-96-40-del-personal-docente-y-no-docente-esta-vacunado\/\" \/>\n<meta property=\"og:site_name\" content=\"Infoecos\" \/>\n<meta property=\"article:publisher\" content=\"https:\/\/www.facebook.com\/profile.php?id=100063200290284\" \/>\n<meta property=\"article:published_time\" content=\"2021-08-30T11:52:45+00:00\" \/>\n<meta property=\"article:modified_time\" content=\"2021-08-31T10:30:59+00:00\" \/>\n<meta property=\"og:image\" content=\"https:\/\/infoecos.com.ar\/wp-content\/uploads\/2021\/05\/vacunacionpehuajo.jpg\" \/>\n\t<meta property=\"og:image:width\" content=\"640\" \/>\n\t<meta property=\"og:image:height\" content=\"426\" \/>\n\t<meta property=\"og:image:type\" content=\"image\/jpeg\" \/>\n<meta name=\"author\" content=\"Jorge Matheus\" \/>\n<meta name=\"twitter:card\" content=\"summary_large_image\" \/>\n<meta name=\"twitter:creator\" content=\"@infoecos\" \/>\n<meta name=\"twitter:site\" content=\"@infoecos\" \/>\n<meta name=\"twitter:label1\" content=\"Escrito por\" \/>\n\t<meta name=\"twitter:data1\" content=\"Jorge Matheus\" \/>\n\t<meta name=\"twitter:label2\" content=\"Tiempo de lectura\" \/>\n\t<meta name=\"twitter:data2\" content=\"1 minuto\" \/>\n<script type=\"application\/ld+json\" class=\"yoast-schema-graph\">{\"@context\":\"https:\/\/schema.org\",\"@graph\":[{\"@type\":\"Article\",\"@id\":\"https:\/\/infoecos.com.ar\/index.php\/el-gobierno-bonaerense-informo-por-twitter-queel-96-40-del-personal-docente-y-no-docente-esta-vacunado\/#article\",\"isPartOf\":{\"@id\":\"https:\/\/infoecos.com.ar\/index.php\/el-gobierno-bonaerense-informo-por-twitter-queel-96-40-del-personal-docente-y-no-docente-esta-vacunado\/\"},\"author\":{\"name\":\"Jorge Matheus\",\"@id\":\"https:\/\/infoecos.com.ar\/#\/schema\/person\/8f5ace5ce73b4b4aac4b7245aee6f191\"},\"headline\":\"El gobierno bonaerense inform\u00f3 por Twitter queel 96.40 % del personal docente y no docente est\u00e1 vacunado\",\"datePublished\":\"2021-08-30T11:52:45+00:00\",\"dateModified\":\"2021-08-31T10:30:59+00:00\",\"mainEntityOfPage\":{\"@id\":\"https:\/\/infoecos.com.ar\/index.php\/el-gobierno-bonaerense-informo-por-twitter-queel-96-40-del-personal-docente-y-no-docente-esta-vacunado\/\"},\"wordCount\":213,\"publisher\":{\"@id\":\"https:\/\/infoecos.com.ar\/#organization\"},\"image\":{\"@id\":\"https:\/\/infoecos.com.ar\/index.php\/el-gobierno-bonaerense-informo-por-twitter-queel-96-40-del-personal-docente-y-no-docente-esta-vacunado\/#primaryimage\"},\"thumbnailUrl\":\"https:\/\/infoecos.com.ar\/wp-content\/uploads\/2021\/05\/vacunacionpehuajo.jpg\",\"keywords\":[\"CONTRA EL CORONAVIRUS\"],\"articleSection\":[\"C2 N5\"],\"inLanguage\":\"es\"},{\"@type\":\"WebPage\",\"@id\":\"https:\/\/infoecos.com.ar\/index.php\/el-gobierno-bonaerense-informo-por-twitter-queel-96-40-del-personal-docente-y-no-docente-esta-vacunado\/\",\"url\":\"https:\/\/infoecos.com.ar\/index.php\/el-gobierno-bonaerense-informo-por-twitter-queel-96-40-del-personal-docente-y-no-docente-esta-vacunado\/\",\"name\":\"El gobierno bonaerense inform\u00f3 por Twitter queel 96.40 % del personal docente y no docente est\u00e1 vacunado - Infoecos\",\"isPartOf\":{\"@id\":\"https:\/\/infoecos.com.ar\/#website\"},\"primaryImageOfPage\":{\"@id\":\"https:\/\/infoecos.com.ar\/index.php\/el-gobierno-bonaerense-informo-por-twitter-queel-96-40-del-personal-docente-y-no-docente-esta-vacunado\/#primaryimage\"},\"image\":{\"@id\":\"https:\/\/infoecos.com.ar\/index.php\/el-gobierno-bonaerense-informo-por-twitter-queel-96-40-del-personal-docente-y-no-docente-esta-vacunado\/#primaryimage\"},\"thumbnailUrl\":\"https:\/\/infoecos.com.ar\/wp-content\/uploads\/2021\/05\/vacunacionpehuajo.jpg\",\"datePublished\":\"2021-08-30T11:52:45+00:00\",\"dateModified\":\"2021-08-31T10:30:59+00:00\",\"breadcrumb\":{\"@id\":\"https:\/\/infoecos.com.ar\/index.php\/el-gobierno-bonaerense-informo-por-twitter-queel-96-40-del-personal-docente-y-no-docente-esta-vacunado\/#breadcrumb\"},\"inLanguage\":\"es\",\"potentialAction\":[{\"@type\":\"ReadAction\",\"target\":[\"https:\/\/infoecos.com.ar\/index.php\/el-gobierno-bonaerense-informo-por-twitter-queel-96-40-del-personal-docente-y-no-docente-esta-vacunado\/\"]}]},{\"@type\":\"ImageObject\",\"inLanguage\":\"es\",\"@id\":\"https:\/\/infoecos.com.ar\/index.php\/el-gobierno-bonaerense-informo-por-twitter-queel-96-40-del-personal-docente-y-no-docente-esta-vacunado\/#primaryimage\",\"url\":\"https:\/\/infoecos.com.ar\/wp-content\/uploads\/2021\/05\/vacunacionpehuajo.jpg\",\"contentUrl\":\"https:\/\/infoecos.com.ar\/wp-content\/uploads\/2021\/05\/vacunacionpehuajo.jpg\",\"width\":640,\"height\":426},{\"@type\":\"BreadcrumbList\",\"@id\":\"https:\/\/infoecos.com.ar\/index.php\/el-gobierno-bonaerense-informo-por-twitter-queel-96-40-del-personal-docente-y-no-docente-esta-vacunado\/#breadcrumb\",\"itemListElement\":[{\"@type\":\"ListItem\",\"position\":1,\"name\":\"Portada\",\"item\":\"https:\/\/infoecos.com.ar\/\"},{\"@type\":\"ListItem\",\"position\":2,\"name\":\"El gobierno bonaerense inform\u00f3 por Twitter queel 96.40 % del personal docente y no docente est\u00e1 vacunado\"}]},{\"@type\":\"WebSite\",\"@id\":\"https:\/\/infoecos.com.ar\/#website\",\"url\":\"https:\/\/infoecos.com.ar\/\",\"name\":\"Infoecos\",\"description\":\"Noticias de trenque lauquen y la zona\",\"publisher\":{\"@id\":\"https:\/\/infoecos.com.ar\/#organization\"},\"alternateName\":\"Noticias\",\"potentialAction\":[{\"@type\":\"SearchAction\",\"target\":{\"@type\":\"EntryPoint\",\"urlTemplate\":\"https:\/\/infoecos.com.ar\/?s={search_term_string}\"},\"query-input\":{\"@type\":\"PropertyValueSpecification\",\"valueRequired\":true,\"valueName\":\"search_term_string\"}}],\"inLanguage\":\"es\"},{\"@type\":\"Organization\",\"@id\":\"https:\/\/infoecos.com.ar\/#organization\",\"name\":\"Infoecos\",\"alternateName\":\"Noticias\",\"url\":\"https:\/\/infoecos.com.ar\/\",\"logo\":{\"@type\":\"ImageObject\",\"inLanguage\":\"es\",\"@id\":\"https:\/\/infoecos.com.ar\/#\/schema\/logo\/image\/\",\"url\":\"https:\/\/infoecos.com.ar\/wp-content\/uploads\/2024\/03\/cropped-logo.png\",\"contentUrl\":\"https:\/\/infoecos.com.ar\/wp-content\/uploads\/2024\/03\/cropped-logo.png\",\"width\":374,\"height\":90,\"caption\":\"Infoecos\"},\"image\":{\"@id\":\"https:\/\/infoecos.com.ar\/#\/schema\/logo\/image\/\"},\"sameAs\":[\"https:\/\/www.facebook.com\/profile.php?id=100063200290284\",\"https:\/\/x.com\/infoecos\"]},{\"@type\":\"Person\",\"@id\":\"https:\/\/infoecos.com.ar\/#\/schema\/person\/8f5ace5ce73b4b4aac4b7245aee6f191\",\"name\":\"Jorge Matheus\",\"url\":\"https:\/\/infoecos.com.ar\/index.php\/author\/jomatheus\/\"}]}<\/script>\n<!-- \/ Yoast SEO plugin. -->","yoast_head_json":{"title":"El gobierno bonaerense inform\u00f3 por Twitter queel 96.40 % del personal docente y no docente est\u00e1 vacunado - Infoecos","robots":{"index":"index","follow":"follow","max-snippet":"max-snippet:-1","max-image-preview":"max-image-preview:large","max-video-preview":"max-video-preview:-1"},"canonical":"https:\/\/infoecos.com.ar\/index.php\/el-gobierno-bonaerense-informo-por-twitter-queel-96-40-del-personal-docente-y-no-docente-esta-vacunado\/","og_locale":"es_ES","og_type":"article","og_title":"El gobierno bonaerense inform\u00f3 por Twitter queel 96.40 % del personal docente y no docente est\u00e1 vacunado - Infoecos","og_description":"Detalla que el porcentaje de vacunados que superan los 60 a\u00f1os alcanza el 97,95 por ciento, lo que representa que 2.545.284 est\u00e1n inmunizados sobre un total de 2.639.411 inscriptos","og_url":"https:\/\/infoecos.com.ar\/index.php\/el-gobierno-bonaerense-informo-por-twitter-queel-96-40-del-personal-docente-y-no-docente-esta-vacunado\/","og_site_name":"Infoecos","article_publisher":"https:\/\/www.facebook.com\/profile.php?id=100063200290284","article_published_time":"2021-08-30T11:52:45+00:00","article_modified_time":"2021-08-31T10:30:59+00:00","og_image":[{"width":640,"height":426,"url":"https:\/\/infoecos.com.ar\/wp-content\/uploads\/2021\/05\/vacunacionpehuajo.jpg","type":"image\/jpeg"}],"author":"Jorge Matheus","twitter_card":"summary_large_image","twitter_creator":"@infoecos","twitter_site":"@infoecos","twitter_misc":{"Escrito por":"Jorge Matheus","Tiempo de lectura":"1 minuto"},"schema":{"@context":"https:\/\/schema.org","@graph":[{"@type":"Article","@id":"https:\/\/infoecos.com.ar\/index.php\/el-gobierno-bonaerense-informo-por-twitter-queel-96-40-del-personal-docente-y-no-docente-esta-vacunado\/#article","isPartOf":{"@id":"https:\/\/infoecos.com.ar\/index.php\/el-gobierno-bonaerense-informo-por-twitter-queel-96-40-del-personal-docente-y-no-docente-esta-vacunado\/"},"author":{"name":"Jorge Matheus","@id":"https:\/\/infoecos.com.ar\/#\/schema\/person\/8f5ace5ce73b4b4aac4b7245aee6f191"},"headline":"El gobierno bonaerense inform\u00f3 por Twitter queel 96.40 % del personal docente y no docente est\u00e1 vacunado","datePublished":"2021-08-30T11:52:45+00:00","dateModified":"2021-08-31T10:30:59+00:00","mainEntityOfPage":{"@id":"https:\/\/infoecos.com.ar\/index.php\/el-gobierno-bonaerense-informo-por-twitter-queel-96-40-del-personal-docente-y-no-docente-esta-vacunado\/"},"wordCount":213,"publisher":{"@id":"https:\/\/infoecos.com.ar\/#organization"},"image":{"@id":"https:\/\/infoecos.com.ar\/index.php\/el-gobierno-bonaerense-informo-por-twitter-queel-96-40-del-personal-docente-y-no-docente-esta-vacunado\/#primaryimage"},"thumbnailUrl":"https:\/\/infoecos.com.ar\/wp-content\/uploads\/2021\/05\/vacunacionpehuajo.jpg","keywords":["CONTRA EL CORONAVIRUS"],"articleSection":["C2 N5"],"inLanguage":"es"},{"@type":"WebPage","@id":"https:\/\/infoecos.com.ar\/index.php\/el-gobierno-bonaerense-informo-por-twitter-queel-96-40-del-personal-docente-y-no-docente-esta-vacunado\/","url":"https:\/\/infoecos.com.ar\/index.php\/el-gobierno-bonaerense-informo-por-twitter-queel-96-40-del-personal-docente-y-no-docente-esta-vacunado\/","name":"El gobierno bonaerense inform\u00f3 por Twitter queel 96.40 % del personal docente y no docente est\u00e1 vacunado - Infoecos","isPartOf":{"@id":"https:\/\/infoecos.com.ar\/#website"},"primaryImageOfPage":{"@id":"https:\/\/infoecos.com.ar\/index.php\/el-gobierno-bonaerense-informo-por-twitter-queel-96-40-del-personal-docente-y-no-docente-esta-vacunado\/#primaryimage"},"image":{"@id":"https:\/\/infoecos.com.ar\/index.php\/el-gobierno-bonaerense-informo-por-twitter-queel-96-40-del-personal-docente-y-no-docente-esta-vacunado\/#primaryimage"},"thumbnailUrl":"https:\/\/infoecos.com.ar\/wp-content\/uploads\/2021\/05\/vacunacionpehuajo.jpg","datePublished":"2021-08-30T11:52:45+00:00","dateModified":"2021-08-31T10:30:59+00:00","breadcrumb":{"@id":"https:\/\/infoecos.com.ar\/index.php\/el-gobierno-bonaerense-informo-por-twitter-queel-96-40-del-personal-docente-y-no-docente-esta-vacunado\/#breadcrumb"},"inLanguage":"es","potentialAction":[{"@type":"ReadAction","target":["https:\/\/infoecos.com.ar\/index.php\/el-gobierno-bonaerense-informo-por-twitter-queel-96-40-del-personal-docente-y-no-docente-esta-vacunado\/"]}]},{"@type":"ImageObject","inLanguage":"es","@id":"https:\/\/infoecos.com.ar\/index.php\/el-gobierno-bonaerense-informo-por-twitter-queel-96-40-del-personal-docente-y-no-docente-esta-vacunado\/#primaryimage","url":"https:\/\/infoecos.com.ar\/wp-content\/uploads\/2021\/05\/vacunacionpehuajo.jpg","contentUrl":"https:\/\/infoecos.com.ar\/wp-content\/uploads\/2021\/05\/vacunacionpehuajo.jpg","width":640,"height":426},{"@type":"BreadcrumbList","@id":"https:\/\/infoecos.com.ar\/index.php\/el-gobierno-bonaerense-informo-por-twitter-queel-96-40-del-personal-docente-y-no-docente-esta-vacunado\/#breadcrumb","itemListElement":[{"@type":"ListItem","position":1,"name":"Portada","item":"https:\/\/infoecos.com.ar\/"},{"@type":"ListItem","position":2,"name":"El gobierno bonaerense inform\u00f3 por Twitter queel 96.40 % del personal docente y no docente est\u00e1 vacunado"}]},{"@type":"WebSite","@id":"https:\/\/infoecos.com.ar\/#website","url":"https:\/\/infoecos.com.ar\/","name":"Infoecos","description":"Noticias de trenque lauquen y la zona","publisher":{"@id":"https:\/\/infoecos.com.ar\/#organization"},"alternateName":"Noticias","potentialAction":[{"@type":"SearchAction","target":{"@type":"EntryPoint","urlTemplate":"https:\/\/infoecos.com.ar\/?s={search_term_string}"},"query-input":{"@type":"PropertyValueSpecification","valueRequired":true,"valueName":"search_term_string"}}],"inLanguage":"es"},{"@type":"Organization","@id":"https:\/\/infoecos.com.ar\/#organization","name":"Infoecos","alternateName":"Noticias","url":"https:\/\/infoecos.com.ar\/","logo":{"@type":"ImageObject","inLanguage":"es","@id":"https:\/\/infoecos.com.ar\/#\/schema\/logo\/image\/","url":"https:\/\/infoecos.com.ar\/wp-content\/uploads\/2024\/03\/cropped-logo.png","contentUrl":"https:\/\/infoecos.com.ar\/wp-content\/uploads\/2024\/03\/cropped-logo.png","width":374,"height":90,"caption":"Infoecos"},"image":{"@id":"https:\/\/infoecos.com.ar\/#\/schema\/logo\/image\/"},"sameAs":["https:\/\/www.facebook.com\/profile.php?id=100063200290284","https:\/\/x.com\/infoecos"]},{"@type":"Person","@id":"https:\/\/infoecos.com.ar\/#\/schema\/person\/8f5ace5ce73b4b4aac4b7245aee6f191","name":"Jorge Matheus","url":"https:\/\/infoecos.com.ar\/index.php\/author\/jomatheus\/"}]}},"featured_image_urls":{"full":["https:\/\/infoecos.com.ar\/wp-content\/uploads\/2021\/05\/vacunacionpehuajo.jpg",640,426,false],"thumbnail":["https:\/\/infoecos.com.ar\/wp-content\/uploads\/2021\/05\/vacunacionpehuajo-150x150.jpg",150,150,true],"medium":["https:\/\/infoecos.com.ar\/wp-content\/uploads\/2021\/05\/vacunacionpehuajo-460x306.jpg",460,306,true],"medium_large":["https:\/\/infoecos.com.ar\/wp-content\/uploads\/2021\/05\/vacunacionpehuajo.jpg",640,426,false],"large":["https:\/\/infoecos.com.ar\/wp-content\/uploads\/2021\/05\/vacunacionpehuajo.jpg",640,426,false],"1536x1536":["https:\/\/infoecos.com.ar\/wp-content\/uploads\/2021\/05\/vacunacionpehuajo.jpg",640,426,false],"2048x2048":["https:\/\/infoecos.com.ar\/wp-content\/uploads\/2021\/05\/vacunacionpehuajo.jpg",640,426,false],"covernews-slider-full":["https:\/\/infoecos.com.ar\/wp-content\/uploads\/2021\/05\/vacunacionpehuajo.jpg",640,426,false],"covernews-slider-center":["https:\/\/infoecos.com.ar\/wp-content\/uploads\/2021\/05\/vacunacionpehuajo.jpg",640,426,false],"covernews-featured":["https:\/\/infoecos.com.ar\/wp-content\/uploads\/2021\/05\/vacunacionpehuajo.jpg",640,426,false],"covernews-medium":["https:\/\/infoecos.com.ar\/wp-content\/uploads\/2021\/05\/vacunacionpehuajo-640x380.jpg",540,321,true],"covernews-medium-square":["https:\/\/infoecos.com.ar\/wp-content\/uploads\/2021\/05\/vacunacionpehuajo.jpg",376,250,false]},"author_info":{"info":["Jorge Matheus"]},"category_info":"<a href=\"https:\/\/infoecos.com.ar\/index.php\/category\/c2nota5\/\" rel=\"category tag\">C2 N5<\/a>","tag_info":"C2 N5","comment_count":"0","_links":{"self":[{"href":"https:\/\/infoecos.com.ar\/index.php\/wp-json\/wp\/v2\/posts\/84585"}],"collection":[{"href":"https:\/\/infoecos.com.ar\/index.php\/wp-json\/wp\/v2\/posts"}],"about":[{"href":"https:\/\/infoecos.com.ar\/index.php\/wp-json\/wp\/v2\/types\/post"}],"author":[{"embeddable":true,"href":"https:\/\/infoecos.com.ar\/index.php\/wp-json\/wp\/v2\/users\/2"}],"replies":[{"embeddable":true,"href":"https:\/\/infoecos.com.ar\/index.php\/wp-json\/wp\/v2\/comments?post=84585"}],"version-history":[{"count":1,"href":"https:\/\/infoecos.com.ar\/index.php\/wp-json\/wp\/v2\/posts\/84585\/revisions"}],"predecessor-version":[{"id":84586,"href":"https:\/\/infoecos.com.ar\/index.php\/wp-json\/wp\/v2\/posts\/84585\/revisions\/84586"}],"wp:featuredmedia":[{"embeddable":true,"href":"https:\/\/infoecos.com.ar\/index.php\/wp-json\/wp\/v2\/media\/77887"}],"wp:attachment":[{"href":"https:\/\/infoecos.com.ar\/index.php\/wp-json\/wp\/v2\/media?parent=84585"}],"wp:term":[{"taxonomy":"category","embeddable":true,"href":"https:\/\/infoecos.com.ar\/index.php\/wp-json\/wp\/v2\/categories?post=84585"},{"taxonomy":"post_tag","embeddable":true,"href":"https:\/\/infoecos.com.ar\/index.php\/wp-json\/wp\/v2\/tags?post=84585"}],"curies":[{"name":"wp","href":"https:\/\/api.w.org\/{rel}","templated":true}]}}