{"id":84616,"date":"2021-08-30T18:55:39","date_gmt":"2021-08-30T21:55:39","guid":{"rendered":"http:\/\/infoecos.com.ar\/?p=84616"},"modified":"2021-08-31T07:01:34","modified_gmt":"2021-08-31T10:01:34","slug":"miguel-fernandez-salio-a-cubrirle-las-espaldas-al-delegado-de-30-de-agosto-no-hay-ningun-vecino-con-variante-delta","status":"publish","type":"post","link":"https:\/\/infoecos.com.ar\/index.php\/miguel-fernandez-salio-a-cubrirle-las-espaldas-al-delegado-de-30-de-agosto-no-hay-ningun-vecino-con-variante-delta\/","title":{"rendered":"Fern\u00e1ndez sali\u00f3 a cubrirle las espaldas al director del Ente Descentralizado: ning\u00fan vecino de 30 de Agosto con variante Delta"},"content":{"rendered":"\n<p>El intendente municipal de Trenque Lauquen, doctor Miguel Fern\u00e1ndez, en declaraciones que formul\u00f3 a otros medios period\u00edsticos se\u00f1al\u00f3 que no se \u00abha detectado ning\u00fan caso positivo de coronavirus de la variante Delta en 30 de Agosto\u00bb. <\/p>\n\n\n\n<p>De esta manera, el mandatario comunal \u00abdesminti\u00f3\u00bb al titular del Ente Descentralizado de esa ciudad del distrito, doctor Mul\u00e1n, que en un audio llegado a la redacci\u00f3n de Infoecos se le escucha manifestar que<strong> un vecino de la comunidad present\u00f3 neumon\u00eda bilateral y que esto exig\u00eda declarar el Estado de Reserva e incluso deja entrever que los actos que se realizaron este lunes no se iban a poder concretar<\/strong>. <\/p>\n\n\n\n<div class=\"wp-block-image is-style-default\"><figure class=\"aligncenter size-medium\"><img loading=\"lazy\" decoding=\"async\" width=\"460\" height=\"259\" src=\"http:\/\/infoecos.com.ar\/wp-content\/uploads\/2021\/08\/coronavbbc-460x259.jpg\" alt=\"\" class=\"wp-image-84541\" srcset=\"https:\/\/infoecos.com.ar\/wp-content\/uploads\/2021\/08\/coronavbbc-460x259.jpg 460w, https:\/\/infoecos.com.ar\/wp-content\/uploads\/2021\/08\/coronavbbc-768x432.jpg 768w, https:\/\/infoecos.com.ar\/wp-content\/uploads\/2021\/08\/coronavbbc.jpg 800w\" sizes=\"(max-width: 460px) 100vw, 460px\" \/><\/figure><\/div>\n\n\n\n<p>El mandatario comunal expres\u00f3 en declaraciones period\u00edsticas que se enviaron muestras durante este mes, como se hace siempre y que no se recibieron los resultados.<\/p>\n\n\n\n<p>En horas de la ma\u00f1ana de este lunes, Fern\u00e1ndez indic\u00f3 que la variante Delta es de alta contagiosidad y en 30 de Agosto los casos se disminuyeron dr\u00e1sticamente. <\/p>\n\n\n\n<p>Fern\u00e1ndez habl\u00f3 de un di\u00e1logo que Mul\u00e1n mantuvo con un representante art\u00edstico al que le hizo conocer la situaci\u00f3n. En el audio de referencia, el titular del Ente Descentralizado transmite la situaci\u00f3n a un se\u00f1or de nombre Pedro, lo que podr\u00eda interpretarse que se trata del titular de la Zona Sanitaria II, doctor Hern\u00e1ndez. <\/p>\n\n\n\n<p>De todas formas, el tema ya est\u00e1 superado y es evidente que debi\u00f3 ser el intendente qui\u00e9n tuvo que \u00abatajar\u00bb el descuido de un funcionario que goza de su clara confianza y que de acuerdo a los comentarios de muchos vecinos viene realizando una buena gesti\u00f3n.<\/p>\n","protected":false},"excerpt":{"rendered":"<p>En horas de la ma\u00f1ana de este lunes, Fern\u00e1ndez indic\u00f3 que la variante Delta es de alta contagiosidad y en 30 de Agosto los casos se disminuyeron dr\u00e1sticamente<\/p>\n","protected":false},"author":2,"featured_media":77724,"comment_status":"closed","ping_status":"open","sticky":false,"template":"","format":"standard","meta":{"footnotes":""},"categories":[198],"tags":[4909],"class_list":["post-84616","post","type-post","status-publish","format-standard","has-post-thumbnail","hentry","category-c1nota5","tag-declaraciones-a-otros-medios"],"yoast_head":"<!-- This site is optimized with the Yoast SEO plugin v23.4 - https:\/\/yoast.com\/wordpress\/plugins\/seo\/ -->\n<title>Fern\u00e1ndez sali\u00f3 a cubrirle las espaldas al director del Ente Descentralizado: ning\u00fan vecino de 30 de Agosto con variante Delta - Infoecos<\/title>\n<meta name=\"robots\" content=\"index, follow, max-snippet:-1, max-image-preview:large, max-video-preview:-1\" \/>\n<link rel=\"canonical\" href=\"https:\/\/infoecos.com.ar\/index.php\/miguel-fernandez-salio-a-cubrirle-las-espaldas-al-delegado-de-30-de-agosto-no-hay-ningun-vecino-con-variante-delta\/\" \/>\n<meta property=\"og:locale\" content=\"es_ES\" \/>\n<meta property=\"og:type\" content=\"article\" \/>\n<meta property=\"og:title\" content=\"Fern\u00e1ndez sali\u00f3 a cubrirle las espaldas al director del Ente Descentralizado: ning\u00fan vecino de 30 de Agosto con variante Delta - Infoecos\" \/>\n<meta property=\"og:description\" content=\"En horas de la ma\u00f1ana de este lunes, Fern\u00e1ndez indic\u00f3 que la variante Delta es de alta contagiosidad y en 30 de Agosto los casos se disminuyeron dr\u00e1sticamente\" \/>\n<meta property=\"og:url\" content=\"https:\/\/infoecos.com.ar\/index.php\/miguel-fernandez-salio-a-cubrirle-las-espaldas-al-delegado-de-30-de-agosto-no-hay-ningun-vecino-con-variante-delta\/\" \/>\n<meta property=\"og:site_name\" content=\"Infoecos\" \/>\n<meta property=\"article:publisher\" content=\"https:\/\/www.facebook.com\/profile.php?id=100063200290284\" \/>\n<meta property=\"article:published_time\" content=\"2021-08-30T21:55:39+00:00\" \/>\n<meta property=\"article:modified_time\" content=\"2021-08-31T10:01:34+00:00\" \/>\n<meta property=\"og:image\" content=\"https:\/\/infoecos.com.ar\/wp-content\/uploads\/2021\/05\/Miguel-Fernandez-1.jpg\" \/>\n\t<meta property=\"og:image:width\" content=\"688\" \/>\n\t<meta property=\"og:image:height\" content=\"387\" \/>\n\t<meta property=\"og:image:type\" content=\"image\/jpeg\" \/>\n<meta name=\"author\" content=\"Jorge Matheus\" \/>\n<meta name=\"twitter:card\" content=\"summary_large_image\" \/>\n<meta name=\"twitter:creator\" content=\"@infoecos\" \/>\n<meta name=\"twitter:site\" content=\"@infoecos\" \/>\n<meta name=\"twitter:label1\" content=\"Escrito por\" \/>\n\t<meta name=\"twitter:data1\" content=\"Jorge Matheus\" \/>\n\t<meta name=\"twitter:label2\" content=\"Tiempo de lectura\" \/>\n\t<meta name=\"twitter:data2\" content=\"1 minuto\" \/>\n<script type=\"application\/ld+json\" class=\"yoast-schema-graph\">{\"@context\":\"https:\/\/schema.org\",\"@graph\":[{\"@type\":\"Article\",\"@id\":\"https:\/\/infoecos.com.ar\/index.php\/miguel-fernandez-salio-a-cubrirle-las-espaldas-al-delegado-de-30-de-agosto-no-hay-ningun-vecino-con-variante-delta\/#article\",\"isPartOf\":{\"@id\":\"https:\/\/infoecos.com.ar\/index.php\/miguel-fernandez-salio-a-cubrirle-las-espaldas-al-delegado-de-30-de-agosto-no-hay-ningun-vecino-con-variante-delta\/\"},\"author\":{\"name\":\"Jorge Matheus\",\"@id\":\"https:\/\/infoecos.com.ar\/#\/schema\/person\/8f5ace5ce73b4b4aac4b7245aee6f191\"},\"headline\":\"Fern\u00e1ndez sali\u00f3 a cubrirle las espaldas al director del Ente Descentralizado: ning\u00fan vecino de 30 de Agosto con variante Delta\",\"datePublished\":\"2021-08-30T21:55:39+00:00\",\"dateModified\":\"2021-08-31T10:01:34+00:00\",\"mainEntityOfPage\":{\"@id\":\"https:\/\/infoecos.com.ar\/index.php\/miguel-fernandez-salio-a-cubrirle-las-espaldas-al-delegado-de-30-de-agosto-no-hay-ningun-vecino-con-variante-delta\/\"},\"wordCount\":300,\"publisher\":{\"@id\":\"https:\/\/infoecos.com.ar\/#organization\"},\"image\":{\"@id\":\"https:\/\/infoecos.com.ar\/index.php\/miguel-fernandez-salio-a-cubrirle-las-espaldas-al-delegado-de-30-de-agosto-no-hay-ningun-vecino-con-variante-delta\/#primaryimage\"},\"thumbnailUrl\":\"https:\/\/infoecos.com.ar\/wp-content\/uploads\/2021\/05\/Miguel-Fernandez-1.jpg\",\"keywords\":[\"DECLARACIONES A OTROS MEDIOS\"],\"articleSection\":[\"C1 nota 5\"],\"inLanguage\":\"es\"},{\"@type\":\"WebPage\",\"@id\":\"https:\/\/infoecos.com.ar\/index.php\/miguel-fernandez-salio-a-cubrirle-las-espaldas-al-delegado-de-30-de-agosto-no-hay-ningun-vecino-con-variante-delta\/\",\"url\":\"https:\/\/infoecos.com.ar\/index.php\/miguel-fernandez-salio-a-cubrirle-las-espaldas-al-delegado-de-30-de-agosto-no-hay-ningun-vecino-con-variante-delta\/\",\"name\":\"Fern\u00e1ndez sali\u00f3 a cubrirle las espaldas al director del Ente Descentralizado: ning\u00fan vecino de 30 de Agosto con variante Delta - Infoecos\",\"isPartOf\":{\"@id\":\"https:\/\/infoecos.com.ar\/#website\"},\"primaryImageOfPage\":{\"@id\":\"https:\/\/infoecos.com.ar\/index.php\/miguel-fernandez-salio-a-cubrirle-las-espaldas-al-delegado-de-30-de-agosto-no-hay-ningun-vecino-con-variante-delta\/#primaryimage\"},\"image\":{\"@id\":\"https:\/\/infoecos.com.ar\/index.php\/miguel-fernandez-salio-a-cubrirle-las-espaldas-al-delegado-de-30-de-agosto-no-hay-ningun-vecino-con-variante-delta\/#primaryimage\"},\"thumbnailUrl\":\"https:\/\/infoecos.com.ar\/wp-content\/uploads\/2021\/05\/Miguel-Fernandez-1.jpg\",\"datePublished\":\"2021-08-30T21:55:39+00:00\",\"dateModified\":\"2021-08-31T10:01:34+00:00\",\"breadcrumb\":{\"@id\":\"https:\/\/infoecos.com.ar\/index.php\/miguel-fernandez-salio-a-cubrirle-las-espaldas-al-delegado-de-30-de-agosto-no-hay-ningun-vecino-con-variante-delta\/#breadcrumb\"},\"inLanguage\":\"es\",\"potentialAction\":[{\"@type\":\"ReadAction\",\"target\":[\"https:\/\/infoecos.com.ar\/index.php\/miguel-fernandez-salio-a-cubrirle-las-espaldas-al-delegado-de-30-de-agosto-no-hay-ningun-vecino-con-variante-delta\/\"]}]},{\"@type\":\"ImageObject\",\"inLanguage\":\"es\",\"@id\":\"https:\/\/infoecos.com.ar\/index.php\/miguel-fernandez-salio-a-cubrirle-las-espaldas-al-delegado-de-30-de-agosto-no-hay-ningun-vecino-con-variante-delta\/#primaryimage\",\"url\":\"https:\/\/infoecos.com.ar\/wp-content\/uploads\/2021\/05\/Miguel-Fernandez-1.jpg\",\"contentUrl\":\"https:\/\/infoecos.com.ar\/wp-content\/uploads\/2021\/05\/Miguel-Fernandez-1.jpg\",\"width\":688,\"height\":387},{\"@type\":\"BreadcrumbList\",\"@id\":\"https:\/\/infoecos.com.ar\/index.php\/miguel-fernandez-salio-a-cubrirle-las-espaldas-al-delegado-de-30-de-agosto-no-hay-ningun-vecino-con-variante-delta\/#breadcrumb\",\"itemListElement\":[{\"@type\":\"ListItem\",\"position\":1,\"name\":\"Portada\",\"item\":\"https:\/\/infoecos.com.ar\/\"},{\"@type\":\"ListItem\",\"position\":2,\"name\":\"Fern\u00e1ndez sali\u00f3 a cubrirle las espaldas al director del Ente Descentralizado: ning\u00fan vecino de 30 de Agosto con variante Delta\"}]},{\"@type\":\"WebSite\",\"@id\":\"https:\/\/infoecos.com.ar\/#website\",\"url\":\"https:\/\/infoecos.com.ar\/\",\"name\":\"Infoecos\",\"description\":\"Noticias de trenque lauquen y la zona\",\"publisher\":{\"@id\":\"https:\/\/infoecos.com.ar\/#organization\"},\"alternateName\":\"Noticias\",\"potentialAction\":[{\"@type\":\"SearchAction\",\"target\":{\"@type\":\"EntryPoint\",\"urlTemplate\":\"https:\/\/infoecos.com.ar\/?s={search_term_string}\"},\"query-input\":{\"@type\":\"PropertyValueSpecification\",\"valueRequired\":true,\"valueName\":\"search_term_string\"}}],\"inLanguage\":\"es\"},{\"@type\":\"Organization\",\"@id\":\"https:\/\/infoecos.com.ar\/#organization\",\"name\":\"Infoecos\",\"alternateName\":\"Noticias\",\"url\":\"https:\/\/infoecos.com.ar\/\",\"logo\":{\"@type\":\"ImageObject\",\"inLanguage\":\"es\",\"@id\":\"https:\/\/infoecos.com.ar\/#\/schema\/logo\/image\/\",\"url\":\"https:\/\/infoecos.com.ar\/wp-content\/uploads\/2024\/03\/cropped-logo.png\",\"contentUrl\":\"https:\/\/infoecos.com.ar\/wp-content\/uploads\/2024\/03\/cropped-logo.png\",\"width\":374,\"height\":90,\"caption\":\"Infoecos\"},\"image\":{\"@id\":\"https:\/\/infoecos.com.ar\/#\/schema\/logo\/image\/\"},\"sameAs\":[\"https:\/\/www.facebook.com\/profile.php?id=100063200290284\",\"https:\/\/x.com\/infoecos\"]},{\"@type\":\"Person\",\"@id\":\"https:\/\/infoecos.com.ar\/#\/schema\/person\/8f5ace5ce73b4b4aac4b7245aee6f191\",\"name\":\"Jorge Matheus\",\"url\":\"https:\/\/infoecos.com.ar\/index.php\/author\/jomatheus\/\"}]}<\/script>\n<!-- \/ Yoast SEO plugin. -->","yoast_head_json":{"title":"Fern\u00e1ndez sali\u00f3 a cubrirle las espaldas al director del Ente Descentralizado: ning\u00fan vecino de 30 de Agosto con variante Delta - Infoecos","robots":{"index":"index","follow":"follow","max-snippet":"max-snippet:-1","max-image-preview":"max-image-preview:large","max-video-preview":"max-video-preview:-1"},"canonical":"https:\/\/infoecos.com.ar\/index.php\/miguel-fernandez-salio-a-cubrirle-las-espaldas-al-delegado-de-30-de-agosto-no-hay-ningun-vecino-con-variante-delta\/","og_locale":"es_ES","og_type":"article","og_title":"Fern\u00e1ndez sali\u00f3 a cubrirle las espaldas al director del Ente Descentralizado: ning\u00fan vecino de 30 de Agosto con variante Delta - Infoecos","og_description":"En horas de la ma\u00f1ana de este lunes, Fern\u00e1ndez indic\u00f3 que la variante Delta es de alta contagiosidad y en 30 de Agosto los casos se disminuyeron dr\u00e1sticamente","og_url":"https:\/\/infoecos.com.ar\/index.php\/miguel-fernandez-salio-a-cubrirle-las-espaldas-al-delegado-de-30-de-agosto-no-hay-ningun-vecino-con-variante-delta\/","og_site_name":"Infoecos","article_publisher":"https:\/\/www.facebook.com\/profile.php?id=100063200290284","article_published_time":"2021-08-30T21:55:39+00:00","article_modified_time":"2021-08-31T10:01:34+00:00","og_image":[{"width":688,"height":387,"url":"https:\/\/infoecos.com.ar\/wp-content\/uploads\/2021\/05\/Miguel-Fernandez-1.jpg","type":"image\/jpeg"}],"author":"Jorge Matheus","twitter_card":"summary_large_image","twitter_creator":"@infoecos","twitter_site":"@infoecos","twitter_misc":{"Escrito por":"Jorge Matheus","Tiempo de lectura":"1 minuto"},"schema":{"@context":"https:\/\/schema.org","@graph":[{"@type":"Article","@id":"https:\/\/infoecos.com.ar\/index.php\/miguel-fernandez-salio-a-cubrirle-las-espaldas-al-delegado-de-30-de-agosto-no-hay-ningun-vecino-con-variante-delta\/#article","isPartOf":{"@id":"https:\/\/infoecos.com.ar\/index.php\/miguel-fernandez-salio-a-cubrirle-las-espaldas-al-delegado-de-30-de-agosto-no-hay-ningun-vecino-con-variante-delta\/"},"author":{"name":"Jorge Matheus","@id":"https:\/\/infoecos.com.ar\/#\/schema\/person\/8f5ace5ce73b4b4aac4b7245aee6f191"},"headline":"Fern\u00e1ndez sali\u00f3 a cubrirle las espaldas al director del Ente Descentralizado: ning\u00fan vecino de 30 de Agosto con variante Delta","datePublished":"2021-08-30T21:55:39+00:00","dateModified":"2021-08-31T10:01:34+00:00","mainEntityOfPage":{"@id":"https:\/\/infoecos.com.ar\/index.php\/miguel-fernandez-salio-a-cubrirle-las-espaldas-al-delegado-de-30-de-agosto-no-hay-ningun-vecino-con-variante-delta\/"},"wordCount":300,"publisher":{"@id":"https:\/\/infoecos.com.ar\/#organization"},"image":{"@id":"https:\/\/infoecos.com.ar\/index.php\/miguel-fernandez-salio-a-cubrirle-las-espaldas-al-delegado-de-30-de-agosto-no-hay-ningun-vecino-con-variante-delta\/#primaryimage"},"thumbnailUrl":"https:\/\/infoecos.com.ar\/wp-content\/uploads\/2021\/05\/Miguel-Fernandez-1.jpg","keywords":["DECLARACIONES A OTROS MEDIOS"],"articleSection":["C1 nota 5"],"inLanguage":"es"},{"@type":"WebPage","@id":"https:\/\/infoecos.com.ar\/index.php\/miguel-fernandez-salio-a-cubrirle-las-espaldas-al-delegado-de-30-de-agosto-no-hay-ningun-vecino-con-variante-delta\/","url":"https:\/\/infoecos.com.ar\/index.php\/miguel-fernandez-salio-a-cubrirle-las-espaldas-al-delegado-de-30-de-agosto-no-hay-ningun-vecino-con-variante-delta\/","name":"Fern\u00e1ndez sali\u00f3 a cubrirle las espaldas al director del Ente Descentralizado: ning\u00fan vecino de 30 de Agosto con variante Delta - Infoecos","isPartOf":{"@id":"https:\/\/infoecos.com.ar\/#website"},"primaryImageOfPage":{"@id":"https:\/\/infoecos.com.ar\/index.php\/miguel-fernandez-salio-a-cubrirle-las-espaldas-al-delegado-de-30-de-agosto-no-hay-ningun-vecino-con-variante-delta\/#primaryimage"},"image":{"@id":"https:\/\/infoecos.com.ar\/index.php\/miguel-fernandez-salio-a-cubrirle-las-espaldas-al-delegado-de-30-de-agosto-no-hay-ningun-vecino-con-variante-delta\/#primaryimage"},"thumbnailUrl":"https:\/\/infoecos.com.ar\/wp-content\/uploads\/2021\/05\/Miguel-Fernandez-1.jpg","datePublished":"2021-08-30T21:55:39+00:00","dateModified":"2021-08-31T10:01:34+00:00","breadcrumb":{"@id":"https:\/\/infoecos.com.ar\/index.php\/miguel-fernandez-salio-a-cubrirle-las-espaldas-al-delegado-de-30-de-agosto-no-hay-ningun-vecino-con-variante-delta\/#breadcrumb"},"inLanguage":"es","potentialAction":[{"@type":"ReadAction","target":["https:\/\/infoecos.com.ar\/index.php\/miguel-fernandez-salio-a-cubrirle-las-espaldas-al-delegado-de-30-de-agosto-no-hay-ningun-vecino-con-variante-delta\/"]}]},{"@type":"ImageObject","inLanguage":"es","@id":"https:\/\/infoecos.com.ar\/index.php\/miguel-fernandez-salio-a-cubrirle-las-espaldas-al-delegado-de-30-de-agosto-no-hay-ningun-vecino-con-variante-delta\/#primaryimage","url":"https:\/\/infoecos.com.ar\/wp-content\/uploads\/2021\/05\/Miguel-Fernandez-1.jpg","contentUrl":"https:\/\/infoecos.com.ar\/wp-content\/uploads\/2021\/05\/Miguel-Fernandez-1.jpg","width":688,"height":387},{"@type":"BreadcrumbList","@id":"https:\/\/infoecos.com.ar\/index.php\/miguel-fernandez-salio-a-cubrirle-las-espaldas-al-delegado-de-30-de-agosto-no-hay-ningun-vecino-con-variante-delta\/#breadcrumb","itemListElement":[{"@type":"ListItem","position":1,"name":"Portada","item":"https:\/\/infoecos.com.ar\/"},{"@type":"ListItem","position":2,"name":"Fern\u00e1ndez sali\u00f3 a cubrirle las espaldas al director del Ente Descentralizado: ning\u00fan vecino de 30 de Agosto con variante Delta"}]},{"@type":"WebSite","@id":"https:\/\/infoecos.com.ar\/#website","url":"https:\/\/infoecos.com.ar\/","name":"Infoecos","description":"Noticias de trenque lauquen y la zona","publisher":{"@id":"https:\/\/infoecos.com.ar\/#organization"},"alternateName":"Noticias","potentialAction":[{"@type":"SearchAction","target":{"@type":"EntryPoint","urlTemplate":"https:\/\/infoecos.com.ar\/?s={search_term_string}"},"query-input":{"@type":"PropertyValueSpecification","valueRequired":true,"valueName":"search_term_string"}}],"inLanguage":"es"},{"@type":"Organization","@id":"https:\/\/infoecos.com.ar\/#organization","name":"Infoecos","alternateName":"Noticias","url":"https:\/\/infoecos.com.ar\/","logo":{"@type":"ImageObject","inLanguage":"es","@id":"https:\/\/infoecos.com.ar\/#\/schema\/logo\/image\/","url":"https:\/\/infoecos.com.ar\/wp-content\/uploads\/2024\/03\/cropped-logo.png","contentUrl":"https:\/\/infoecos.com.ar\/wp-content\/uploads\/2024\/03\/cropped-logo.png","width":374,"height":90,"caption":"Infoecos"},"image":{"@id":"https:\/\/infoecos.com.ar\/#\/schema\/logo\/image\/"},"sameAs":["https:\/\/www.facebook.com\/profile.php?id=100063200290284","https:\/\/x.com\/infoecos"]},{"@type":"Person","@id":"https:\/\/infoecos.com.ar\/#\/schema\/person\/8f5ace5ce73b4b4aac4b7245aee6f191","name":"Jorge Matheus","url":"https:\/\/infoecos.com.ar\/index.php\/author\/jomatheus\/"}]}},"featured_image_urls":{"full":["https:\/\/infoecos.com.ar\/wp-content\/uploads\/2021\/05\/Miguel-Fernandez-1.jpg",688,387,false],"thumbnail":["https:\/\/infoecos.com.ar\/wp-content\/uploads\/2021\/05\/Miguel-Fernandez-1-150x150.jpg",150,150,true],"medium":["https:\/\/infoecos.com.ar\/wp-content\/uploads\/2021\/05\/Miguel-Fernandez-1-460x259.jpg",460,259,true],"medium_large":["https:\/\/infoecos.com.ar\/wp-content\/uploads\/2021\/05\/Miguel-Fernandez-1.jpg",640,360,false],"large":["https:\/\/infoecos.com.ar\/wp-content\/uploads\/2021\/05\/Miguel-Fernandez-1.jpg",640,360,false],"1536x1536":["https:\/\/infoecos.com.ar\/wp-content\/uploads\/2021\/05\/Miguel-Fernandez-1.jpg",688,387,false],"2048x2048":["https:\/\/infoecos.com.ar\/wp-content\/uploads\/2021\/05\/Miguel-Fernandez-1.jpg",688,387,false],"covernews-slider-full":["https:\/\/infoecos.com.ar\/wp-content\/uploads\/2021\/05\/Miguel-Fernandez-1.jpg",688,387,false],"covernews-slider-center":["https:\/\/infoecos.com.ar\/wp-content\/uploads\/2021\/05\/Miguel-Fernandez-1.jpg",688,387,false],"covernews-featured":["https:\/\/infoecos.com.ar\/wp-content\/uploads\/2021\/05\/Miguel-Fernandez-1.jpg",688,387,false],"covernews-medium":["https:\/\/infoecos.com.ar\/wp-content\/uploads\/2021\/05\/Miguel-Fernandez-1-688x380.jpg",540,298,true],"covernews-medium-square":["https:\/\/infoecos.com.ar\/wp-content\/uploads\/2021\/05\/Miguel-Fernandez-1-675x387.jpg",400,229,true]},"author_info":{"info":["Jorge Matheus"]},"category_info":"<a href=\"https:\/\/infoecos.com.ar\/index.php\/category\/c1nota5\/\" rel=\"category tag\">C1 nota 5<\/a>","tag_info":"C1 nota 5","comment_count":"0","_links":{"self":[{"href":"https:\/\/infoecos.com.ar\/index.php\/wp-json\/wp\/v2\/posts\/84616"}],"collection":[{"href":"https:\/\/infoecos.com.ar\/index.php\/wp-json\/wp\/v2\/posts"}],"about":[{"href":"https:\/\/infoecos.com.ar\/index.php\/wp-json\/wp\/v2\/types\/post"}],"author":[{"embeddable":true,"href":"https:\/\/infoecos.com.ar\/index.php\/wp-json\/wp\/v2\/users\/2"}],"replies":[{"embeddable":true,"href":"https:\/\/infoecos.com.ar\/index.php\/wp-json\/wp\/v2\/comments?post=84616"}],"version-history":[{"count":3,"href":"https:\/\/infoecos.com.ar\/index.php\/wp-json\/wp\/v2\/posts\/84616\/revisions"}],"predecessor-version":[{"id":84621,"href":"https:\/\/infoecos.com.ar\/index.php\/wp-json\/wp\/v2\/posts\/84616\/revisions\/84621"}],"wp:featuredmedia":[{"embeddable":true,"href":"https:\/\/infoecos.com.ar\/index.php\/wp-json\/wp\/v2\/media\/77724"}],"wp:attachment":[{"href":"https:\/\/infoecos.com.ar\/index.php\/wp-json\/wp\/v2\/media?parent=84616"}],"wp:term":[{"taxonomy":"category","embeddable":true,"href":"https:\/\/infoecos.com.ar\/index.php\/wp-json\/wp\/v2\/categories?post=84616"},{"taxonomy":"post_tag","embeddable":true,"href":"https:\/\/infoecos.com.ar\/index.php\/wp-json\/wp\/v2\/tags?post=84616"}],"curies":[{"name":"wp","href":"https:\/\/api.w.org\/{rel}","templated":true}]}}