{"id":84698,"date":"2021-08-31T07:14:26","date_gmt":"2021-08-31T10:14:26","guid":{"rendered":"http:\/\/infoecos.com.ar\/?p=84698"},"modified":"2021-08-31T07:14:27","modified_gmt":"2021-08-31T10:14:27","slug":"talleres-le-gano-a-estudiantes-de-la-plata-por-2-a-0-y-esta-en-la-punta-con-lanus","status":"publish","type":"post","link":"https:\/\/infoecos.com.ar\/index.php\/talleres-le-gano-a-estudiantes-de-la-plata-por-2-a-0-y-esta-en-la-punta-con-lanus\/","title":{"rendered":"Talleres le gan\u00f3 a Estudiantes de La Plata por 2 a 0 y est\u00e1 en la punta con Lan\u00fas"},"content":{"rendered":"\n<p class=\"wp-block-paragraph\">Talleres le gan\u00f3 a Estudiantes de La Plata por 2 a 0.<\/p>\n\n\n\n<p class=\"wp-block-paragraph\">El equipo cordob\u00e9s pasa a estar puntero en el campeonato, junto a Lan\u00fas. Suman 19 puntos.<\/p>\n\n\n\n<div class=\"wp-block-image is-style-default\"><figure class=\"aligncenter size-medium\"><img loading=\"lazy\" decoding=\"async\" width=\"460\" height=\"249\" src=\"http:\/\/infoecos.com.ar\/wp-content\/uploads\/2021\/08\/talleres-460x249.jpg\" alt=\"\" class=\"wp-image-84699\" srcset=\"https:\/\/infoecos.com.ar\/wp-content\/uploads\/2021\/08\/talleres-460x249.jpg 460w, https:\/\/infoecos.com.ar\/wp-content\/uploads\/2021\/08\/talleres-920x498.jpg 920w, https:\/\/infoecos.com.ar\/wp-content\/uploads\/2021\/08\/talleres-768x416.jpg 768w, https:\/\/infoecos.com.ar\/wp-content\/uploads\/2021\/08\/talleres-1024x555.jpg 1024w, https:\/\/infoecos.com.ar\/wp-content\/uploads\/2021\/08\/talleres.jpg 1200w\" sizes=\"auto, (max-width: 460px) 100vw, 460px\" \/><\/figure><\/div>\n\n\n\n<p class=\"wp-block-paragraph\">El primer gol un cabezazo<strong>\u00a0<\/strong>de Rafael P\u00e9rez\u00a0a los 27 del primer tiempo, tras un rebote en la espalda del\u00a0arquero Mariano And\u00fajar. Aument\u00f3 Carlos Auzqui a los 16 del ST<strong>.<\/strong><\/p>\n\n\n\n<p class=\"wp-block-paragraph\"><\/p>\n","protected":false},"excerpt":{"rendered":"<p>El primer gol un cabezazo de Rafael P\u00e9rez a los 27 del primer tiempo, tras un rebote en la espalda del arquero Mariano And\u00fajar. Aument\u00f3 Carlos Auzqui a los 16 del ST<\/p>\n","protected":false},"author":2,"featured_media":84699,"comment_status":"closed","ping_status":"open","sticky":false,"template":"","format":"standard","meta":{"footnotes":""},"categories":[26],"tags":[4866],"class_list":["post-84698","post","type-post","status-publish","format-standard","has-post-thumbnail","hentry","category-inferior6","tag-iecosdeportes"],"featured_image_urls":{"full":["https:\/\/infoecos.com.ar\/wp-content\/uploads\/2021\/08\/talleres.jpg",1200,650,false],"thumbnail":["https:\/\/infoecos.com.ar\/wp-content\/uploads\/2021\/08\/talleres-150x150.jpg",150,150,true],"medium":["https:\/\/infoecos.com.ar\/wp-content\/uploads\/2021\/08\/talleres-460x249.jpg",460,249,true],"medium_large":["https:\/\/infoecos.com.ar\/wp-content\/uploads\/2021\/08\/talleres-768x416.jpg",640,347,true],"large":["https:\/\/infoecos.com.ar\/wp-content\/uploads\/2021\/08\/talleres-920x498.jpg",640,346,true],"1536x1536":["https:\/\/infoecos.com.ar\/wp-content\/uploads\/2021\/08\/talleres.jpg",1200,650,false],"2048x2048":["https:\/\/infoecos.com.ar\/wp-content\/uploads\/2021\/08\/talleres.jpg",1200,650,false],"covernews-slider-full":["https:\/\/infoecos.com.ar\/wp-content\/uploads\/2021\/08\/talleres.jpg",1115,604,false],"covernews-slider-center":["https:\/\/infoecos.com.ar\/wp-content\/uploads\/2021\/08\/talleres-936x650.jpg",720,500,true],"covernews-featured":["https:\/\/infoecos.com.ar\/wp-content\/uploads\/2021\/08\/talleres-1024x555.jpg",1024,555,true],"covernews-medium":["https:\/\/infoecos.com.ar\/wp-content\/uploads\/2021\/08\/talleres-720x380.jpg",540,285,true],"covernews-medium-square":["https:\/\/infoecos.com.ar\/wp-content\/uploads\/2021\/08\/talleres-675x450.jpg",375,250,true]},"author_info":{"info":["Jorge Matheus"]},"category_info":"<a href=\"https:\/\/infoecos.com.ar\/index.php\/category\/inferior6\/\" rel=\"category tag\">Bloque inferior - 6<\/a>","tag_info":"Bloque inferior - 6","comment_count":"0","_links":{"self":[{"href":"https:\/\/infoecos.com.ar\/index.php\/wp-json\/wp\/v2\/posts\/84698","targetHints":{"allow":["GET"]}}],"collection":[{"href":"https:\/\/infoecos.com.ar\/index.php\/wp-json\/wp\/v2\/posts"}],"about":[{"href":"https:\/\/infoecos.com.ar\/index.php\/wp-json\/wp\/v2\/types\/post"}],"author":[{"embeddable":true,"href":"https:\/\/infoecos.com.ar\/index.php\/wp-json\/wp\/v2\/users\/2"}],"replies":[{"embeddable":true,"href":"https:\/\/infoecos.com.ar\/index.php\/wp-json\/wp\/v2\/comments?post=84698"}],"version-history":[{"count":1,"href":"https:\/\/infoecos.com.ar\/index.php\/wp-json\/wp\/v2\/posts\/84698\/revisions"}],"predecessor-version":[{"id":84700,"href":"https:\/\/infoecos.com.ar\/index.php\/wp-json\/wp\/v2\/posts\/84698\/revisions\/84700"}],"wp:featuredmedia":[{"embeddable":true,"href":"https:\/\/infoecos.com.ar\/index.php\/wp-json\/wp\/v2\/media\/84699"}],"wp:attachment":[{"href":"https:\/\/infoecos.com.ar\/index.php\/wp-json\/wp\/v2\/media?parent=84698"}],"wp:term":[{"taxonomy":"category","embeddable":true,"href":"https:\/\/infoecos.com.ar\/index.php\/wp-json\/wp\/v2\/categories?post=84698"},{"taxonomy":"post_tag","embeddable":true,"href":"https:\/\/infoecos.com.ar\/index.php\/wp-json\/wp\/v2\/tags?post=84698"}],"curies":[{"name":"wp","href":"https:\/\/api.w.org\/{rel}","templated":true}]}}